{"id":124524,"date":"2025-12-30T08:36:09","date_gmt":"2025-12-30T08:36:09","guid":{"rendered":"https:\/\/www.europesays.com\/no\/124524\/"},"modified":"2025-12-30T08:36:09","modified_gmt":"2025-12-30T08:36:09","slug":"nyheter-indre-arna-innbruddsalarm-i-indre-arna-stjalet-fyrverkeri-til-100-000-kroner","status":"publish","type":"post","link":"https:\/\/www.europesays.com\/no\/124524\/","title":{"rendered":"Nyheter, Indre Arna | Innbruddsalarm i Indre Arna: \u2013 Stj\u00e5let fyrverkeri til 100.000 kroner"},"content":{"rendered":"\n<p>I l\u00f8pet av natten skal det ha skjedd et innbrudd i en container hos Europris i Indre Arna.<\/p>\n<p>Politiet ble varslet av ansatte rundt klokken 0730 tirsdag.<\/p>\n<p>Fyrverkeri til en verdi av rundt 100.000 kroner er borte, melder operasjonsleder Morten Rebnord i Vest politidistrikt.<\/p>\n<p>Politiet ser alvorlig p\u00e5 brekket.<\/p>\n<p>\u2013 Det er fyrverkeri til relativt stor verdi, sier han til BA.<\/p>\n<p>   <img decoding=\"async\" width=\"4128\" height=\"2752\" fetchpriority=\"low\"  loading=\"lazy\"  src=\"https:\/\/www.europesays.com\/no\/wp-content\/uploads\/2025\/12\/EH8_9908.JPG\" alt=\"\" class=\"brick-c-cFOWSL\" style=\"--brick-image-ratio: 4128 \/ 2752;\"\/><\/p>\n<p>      Europris-butikken har satt ut skilt etter innbruddet, der det opplyses om at fyrverkeri-lageret er kraftig redusert.<br \/>\n      Foto: EIRIK HAGES\u00c6TER\n    <\/p>\n<p>  \u2013 Visste hva de var ute etter<\/p>\n<p>Gjerningspersonen skal ha klippet over tre hengel\u00e5ser.<\/p>\n<p>Butikksjef Sindre Bj\u00f8rndal kom p\u00e5 jobb klokken syv. Da var containerd\u00f8ren \u00e5pen.<\/p>\n<p>Han forteller at i tillegg til de tre hengel\u00e5sene, hadde de ogs\u00e5 lagt innpakket, frossen jord foran d\u00f8ren.<\/p>\n<p><b>\u2013 Vi har tatt alle forholdsregler, men har man nok viljestyrke, s\u00e5 kommer man seg inn, sier Bj\u00f8rndal.<\/b><\/p>\n<p>   <img decoding=\"async\" width=\"4128\" height=\"2752\" fetchpriority=\"low\"  loading=\"lazy\"  src=\"https:\/\/www.europesays.com\/no\/wp-content\/uploads\/2025\/12\/EH8_9933.JPG\" alt=\"\" class=\"brick-c-cFOWSL\" style=\"--brick-image-ratio: 4128 \/ 2752;\"\/><\/p>\n<p>      Innbruddet skaper problemer for butikken, som hadde planlagt salgsstart av fyrverkeri.<br \/>\n      Foto: EIRIK HAGES\u00c6TER\n    <\/p>\n<p>Innbruddet virker til \u00e5 v\u00e6re profesjonelt, if\u00f8lge Bj\u00f8rndal. L\u00e5sene har blitt \u00f8delagt med elektronisk verkt\u00f8y, og innbruddstyven eller -tyvene har \u00e5penbart visst hva de var ute etter, mener butikksjefen.<\/p>\n<p>\u2013 De har tatt det mest kruttsterke vi har.<\/p>\n<p>Har gjort unders\u00f8kelser<\/p>\n<p>Det er f\u00f8rste gangen butikken i Indre Arna blir utsatt for fyrverkeri-innbrudd, if\u00f8lge Bj\u00f8rndal.<\/p>\n<p>Politiet har v\u00e6rt p\u00e5 stedet og gjort unders\u00f8kelser tirsdag morgen. De oppretter sak etter hendelsen.<\/p>\n<p>Forel\u00f8pig har ingen f\u00e5tt status som mistenkt.<\/p>\n<p>Det er s\u00e5 langt ikke meldt om noen flere innbrudd i omr\u00e5det, if\u00f8lge operasjonsleder Rebnord.<\/p>\n<p>Butikksjefen sier at det er overv\u00e5kingskamera p\u00e5 stedet, og at politiet har f\u00e5tt tilgang til dette.<\/p>\n<p>En gjenganger<\/p>\n<p>For n\u00f8yaktig ett \u00e5r siden, 30. desember 2024, <a rel=\"Follow nofollow noopener\" href=\"https:\/\/www.ba.no\/store-mengder-fyrverkeri-skal-ha-blitt-stjalet-ma-ha-vart-gjort-av-profesjonelle\/s\/5-8-2866279\" target=\"_blank\">ble det meldt om et tilsvarende innbrudd hos Europris p\u00e5 Midthun<\/a>.<\/p>\n<p>Hengel\u00e5ser p\u00e5 en container var brutt opp i l\u00f8pet av natten, og store mengder fyrverkeri hadde blitt stj\u00e5let.<\/p>\n<p>Den gang mente distriktssjef i Europris, Jon Bj\u00f8rndal-Ruud, at det m\u00e5tte v\u00e6re profesjonelle som sto bak. Han viste til at den typen container er ment for lagring av fyrverkeri, med l\u00e5ser som ikke skal v\u00e6re enkle \u00e5 f\u00e5 opp.<\/p>\n<p>  <a href=\"https:\/\/www.ba.no\/5-8-2866279\" class=\"related-teaser has-image default-story-teaser article--c-eRUmMG article--c-eRUmMG-jKCPdD-design-default\" rel=\"nofollow noopener\" target=\"_blank\"><\/p>\n<p>    <img decoding=\"async\" loading=\"lazy\"  src=\"https:\/\/www.europesays.com\/no\/wp-content\/uploads\/2025\/12\/IMG_8404.jpg\" alt=\"\" class=\"brick-c-cFOWSL\" style=\"\"\/><\/p>\n<p>\n            Les ogs\u00e5<\/p>\n<p>              Store mengder fyrverkeri skal ha blitt stj\u00e5let: \u2013 M\u00e5 ha v\u00e6rt gjort av profesjonelle\n        <\/p>\n<p>  <\/a><\/p>\n","protected":false},"excerpt":{"rendered":"I l\u00f8pet av natten skal det ha skjedd et innbrudd i en container hos Europris i Indre Arna.&hellip;\n","protected":false},"author":2,"featured_media":124525,"comment_status":"","ping_status":"","sticky":false,"template":"","format":"standard","meta":{"footnotes":""},"categories":[10],"tags":[36,20,21,24,25,15,534,983,22,23,13,30,28,29,14,16,1510,26,27],"class_list":{"0":"post-124524","1":"post","2":"type-post","3":"status-publish","4":"format-standard","5":"has-post-thumbnail","7":"category-norge","8":"tag-art","9":"tag-breaking-news","10":"tag-breakingnews","11":"tag-featured-news","12":"tag-featurednews","13":"tag-headlines","14":"tag-indre-arna","15":"tag-krim","16":"tag-latest-news","17":"tag-latestnews","18":"tag-news","19":"tag-no","20":"tag-norge","21":"tag-norway","22":"tag-nyheter","23":"tag-overskrifter","24":"tag-story","25":"tag-top-stories","26":"tag-topstories"},"share_on_mastodon":{"url":"https:\/\/pubeurope.com\/@no\/115807609345584327","error":""},"_links":{"self":[{"href":"https:\/\/www.europesays.com\/no\/wp-json\/wp\/v2\/posts\/124524","targetHints":{"allow":["GET"]}}],"collection":[{"href":"https:\/\/www.europesays.com\/no\/wp-json\/wp\/v2\/posts"}],"about":[{"href":"https:\/\/www.europesays.com\/no\/wp-json\/wp\/v2\/types\/post"}],"author":[{"embeddable":true,"href":"https:\/\/www.europesays.com\/no\/wp-json\/wp\/v2\/users\/2"}],"replies":[{"embeddable":true,"href":"https:\/\/www.europesays.com\/no\/wp-json\/wp\/v2\/comments?post=124524"}],"version-history":[{"count":0,"href":"https:\/\/www.europesays.com\/no\/wp-json\/wp\/v2\/posts\/124524\/revisions"}],"wp:featuredmedia":[{"embeddable":true,"href":"https:\/\/www.europesays.com\/no\/wp-json\/wp\/v2\/media\/124525"}],"wp:attachment":[{"href":"https:\/\/www.europesays.com\/no\/wp-json\/wp\/v2\/media?parent=124524"}],"wp:term":[{"taxonomy":"category","embeddable":true,"href":"https:\/\/www.europesays.com\/no\/wp-json\/wp\/v2\/categories?post=124524"},{"taxonomy":"post_tag","embeddable":true,"href":"https:\/\/www.europesays.com\/no\/wp-json\/wp\/v2\/tags?post=124524"}],"curies":[{"name":"wp","href":"https:\/\/api.w.org\/{rel}","templated":true}]}}