{"id":124534,"date":"2025-12-30T08:47:07","date_gmt":"2025-12-30T08:47:07","guid":{"rendered":"https:\/\/www.europesays.com\/no\/124534\/"},"modified":"2025-12-30T08:47:07","modified_gmt":"2025-12-30T08:47:07","slug":"oppdatert-fiskerioverenskomst-norges-fiskarlag","status":"publish","type":"post","link":"https:\/\/www.europesays.com\/no\/124534\/","title":{"rendered":"Oppdatert Fiskerioverenskomst \u2013 Norges Fiskarlag"},"content":{"rendered":"<p>\t\t\t\t    \t<img width=\"1920\" height=\"1280\" class=\"attachment-full size-full wp-post-image lazyload\" alt=\"\" decoding=\"async\" fetchpriority=\"high\" src=\"https:\/\/www.europesays.com\/no\/wp-content\/uploads\/2025\/12\/20241028_tariff_hele_grp_Adm_leder.jpeg\"  data- data-eio-rwidth=\"1920\" data-eio-rheight=\"1280\"\/><\/p>\n<p>30 tillitsvalgte og ansatte var involvert under tariffseksjonenes forghandlinger i Geiranger h\u00f8sten 2024<\/p>\n<p>Foto: Jan-Erik Indrestrand, Fiskarlaget<\/p>\n<p>30.12.2025<\/p>\n<p class=\"lightblue\">\n\t\t\t\t\t\t\t\tTilgjengelig i medlemsappen\t\t\t\t\t\t\t<\/p>\n<p><strong><\/p>\n<p>Tariffseksjonene har oppdatert Fiskerioverenskomsten, hvor \u00e5rets endringer er innarbeidet. Den oppdaterte utgaven ligger tilgjengelig i Fiskarlagets medlemsapp. <\/p>\n<p><\/strong><\/p>\n<p>Tariffseksjonene opplyser at en papirutgave vil bli trykket opp i et begrenset opplag, som blir tilgjengelig rett over nytt\u00e5r; i januar 2026.<\/p>\n<p>Endringene fra siste publiserte Fiskerioverenskomst, er at utfallet av voldgiftsnemndsbehandling mellom B\u00e5teierseksjonen og Mannskapsseksjonen er tatt inn.<\/p>\n<p>Voldgiftsnemndsbehandlingen ble holdt h\u00f8sten 2025 og omhandlet to ul\u00f8ste krav fra tarifforhandlingene i oktober 2024.<\/p>\n<p>Den ene saken gjaldt kostnadsdekning av OTP-kostnader n\u00e5r man har avtalt \u00e5 utbetale en fasthyre i samsvar med Fiskerioverenskomsten \u00a7 6 pkt. 17. Her ble man under forhandlingene forlikt om f\u00f8lgende:<\/p>\n<p>\u00abN\u00e5r Fiskerioverenskomsten \u00a7 6 pkt. 17 kommer til anvendelse, skal rederiets n\u00f8dvendige og dokumenterte kostnader knyttet til denne ordningen avregnes i sin helhet i mannskapets andel av delingsfangst. Det enkelte rederi og mannskap kan bli enig om annen ordning.\u00bb<\/p>\n<p>B\u00e5teierseksjonens krav om inndekning for \u00f8kte kostnader som f\u00f8lge av innf\u00f8ring av ny maritim pensjonsordning, ble avgjort av voldgiftsnemnden 7. oktober 2025. Nemnden besluttet at Fiskerioverenskomsten skulle endres slik:<\/p>\n<p>\u00abFiskeroverenskomsten ny \u00a7 8 F skal lyde:<\/p>\n<p>For mannskap som omfattes av maritim pensjonskasse reduseres bruttoinntekten (hyre og lott) tilsvarende den del av rederiets pensjonspremie som er beregnet med grunnlag i en bruttoinntekt over 12G.<\/p>\n<p>Endringen trer i kraft fra 1. januar 2025.\u00bb<\/p>\n<p><strong>Bare for medlemmer<\/strong>: Les hele Fiskerioverenskomsten i medlemsappen. Overenskomsten er publisert i fanen \u00abMedlemskap\u00bb og ligger helt rolig og venter p\u00e5 \u00e5 bli lest under: \u00abMine avtaler\u00bb.<\/p>\n<p>Ta kontakt med din tariffseksjon om du \u00f8nsker elektronisk kopi av den oppdaterte tariffen.<\/p>\n","protected":false},"excerpt":{"rendered":"30 tillitsvalgte og ansatte var involvert under tariffseksjonenes forghandlinger i Geiranger h\u00f8sten 2024 Foto: Jan-Erik Indrestrand, Fiskarlaget 30.12.2025&hellip;\n","protected":false},"author":2,"featured_media":124535,"comment_status":"","ping_status":"","sticky":false,"template":"","format":"standard","meta":{"footnotes":""},"categories":[57],"tags":[30,28,29,65,63,64,66,70,69,67,68],"class_list":{"0":"post-124534","1":"post","2":"type-post","3":"status-publish","4":"format-standard","5":"has-post-thumbnail","7":"category-vitenskap-og-teknologi","8":"tag-no","9":"tag-norge","10":"tag-norway","11":"tag-science","12":"tag-science-and-technology","13":"tag-scienceandtechnology","14":"tag-technology","15":"tag-teknologi","16":"tag-vitenskap","17":"tag-vitenskap-og-teknologi","18":"tag-vitenskapteknologi"},"share_on_mastodon":{"url":"https:\/\/pubeurope.com\/@no\/115807652824939382","error":""},"_links":{"self":[{"href":"https:\/\/www.europesays.com\/no\/wp-json\/wp\/v2\/posts\/124534","targetHints":{"allow":["GET"]}}],"collection":[{"href":"https:\/\/www.europesays.com\/no\/wp-json\/wp\/v2\/posts"}],"about":[{"href":"https:\/\/www.europesays.com\/no\/wp-json\/wp\/v2\/types\/post"}],"author":[{"embeddable":true,"href":"https:\/\/www.europesays.com\/no\/wp-json\/wp\/v2\/users\/2"}],"replies":[{"embeddable":true,"href":"https:\/\/www.europesays.com\/no\/wp-json\/wp\/v2\/comments?post=124534"}],"version-history":[{"count":0,"href":"https:\/\/www.europesays.com\/no\/wp-json\/wp\/v2\/posts\/124534\/revisions"}],"wp:featuredmedia":[{"embeddable":true,"href":"https:\/\/www.europesays.com\/no\/wp-json\/wp\/v2\/media\/124535"}],"wp:attachment":[{"href":"https:\/\/www.europesays.com\/no\/wp-json\/wp\/v2\/media?parent=124534"}],"wp:term":[{"taxonomy":"category","embeddable":true,"href":"https:\/\/www.europesays.com\/no\/wp-json\/wp\/v2\/categories?post=124534"},{"taxonomy":"post_tag","embeddable":true,"href":"https:\/\/www.europesays.com\/no\/wp-json\/wp\/v2\/tags?post=124534"}],"curies":[{"name":"wp","href":"https:\/\/api.w.org\/{rel}","templated":true}]}}