{"id":124537,"date":"2025-12-30T08:49:16","date_gmt":"2025-12-30T08:49:16","guid":{"rendered":"https:\/\/www.europesays.com\/no\/124537\/"},"modified":"2025-12-30T08:49:16","modified_gmt":"2025-12-30T08:49:16","slug":"inngar-vapenavtale-pa-700-millioner-kroner","status":"publish","type":"post","link":"https:\/\/www.europesays.com\/no\/124537\/","title":{"rendered":"Inng\u00e5r v\u00e5penavtale p\u00e5 700 millioner kroner"},"content":{"rendered":"<p class=\"kicker t15 font-weight-bold m-font-weight-bold color_mobile_no_bg_color quaternary color_mobile_quaternary font-Trim text-case-transform-upper mobile-hasTextPadding\" style=\"\">Nyheter<\/p>\n<p>    Avtalen mellom Storbritannia og Tyskland er en felles innkj\u00f8psavtale for avansert artilleri.\u00a0<\/p>\n<p>\n        AVTALE: Storbritannia og Tyskland har inng\u00e5tt en v\u00e5penavtale. Avbildet er Tysklands forbundskansler Friedrich Merz og Storbritannias statsminister Keir Starmer under et m\u00f8te tidligere i desember.<br \/>\n        Foto: Toby Melville, Pool Photo via AP, NTB\n    <\/p>\n<p>Stortbritannia\u00a0og\u00a0Tyskland\u00a0har signert en felles innkj\u00f8psavtale for avansert artilleri for 70\u00a0millioner\u00a0dollar, som tilsvarer rundt\u00a0700\u00a0millioner\u00a0kroner.<\/p>\n<p>Systemet produseres av den fransk-tyske forsvarsgruppen KNDS\u00a0og\u00a0Tysklands Rheinmetall.<\/p>\n","protected":false},"excerpt":{"rendered":"Nyheter Avtalen mellom Storbritannia og Tyskland er en felles innkj\u00f8psavtale for avansert artilleri.\u00a0 AVTALE: Storbritannia og Tyskland har&hellip;\n","protected":false},"author":2,"featured_media":124538,"comment_status":"","ping_status":"","sticky":false,"template":"","format":"standard","meta":{"footnotes":""},"categories":[12],"tags":[20,21,24,25,15,22,23,13,30,28,29,14,16,26,27,42,43,44,45],"class_list":{"0":"post-124537","1":"post","2":"type-post","3":"status-publish","4":"format-standard","5":"has-post-thumbnail","7":"category-verden","8":"tag-breaking-news","9":"tag-breakingnews","10":"tag-featured-news","11":"tag-featurednews","12":"tag-headlines","13":"tag-latest-news","14":"tag-latestnews","15":"tag-news","16":"tag-no","17":"tag-norge","18":"tag-norway","19":"tag-nyheter","20":"tag-overskrifter","21":"tag-top-stories","22":"tag-topstories","23":"tag-verden","24":"tag-world","25":"tag-world-news","26":"tag-worldnews"},"share_on_mastodon":{"url":"https:\/\/pubeurope.com\/@no\/115807660550861041","error":""},"_links":{"self":[{"href":"https:\/\/www.europesays.com\/no\/wp-json\/wp\/v2\/posts\/124537","targetHints":{"allow":["GET"]}}],"collection":[{"href":"https:\/\/www.europesays.com\/no\/wp-json\/wp\/v2\/posts"}],"about":[{"href":"https:\/\/www.europesays.com\/no\/wp-json\/wp\/v2\/types\/post"}],"author":[{"embeddable":true,"href":"https:\/\/www.europesays.com\/no\/wp-json\/wp\/v2\/users\/2"}],"replies":[{"embeddable":true,"href":"https:\/\/www.europesays.com\/no\/wp-json\/wp\/v2\/comments?post=124537"}],"version-history":[{"count":0,"href":"https:\/\/www.europesays.com\/no\/wp-json\/wp\/v2\/posts\/124537\/revisions"}],"wp:featuredmedia":[{"embeddable":true,"href":"https:\/\/www.europesays.com\/no\/wp-json\/wp\/v2\/media\/124538"}],"wp:attachment":[{"href":"https:\/\/www.europesays.com\/no\/wp-json\/wp\/v2\/media?parent=124537"}],"wp:term":[{"taxonomy":"category","embeddable":true,"href":"https:\/\/www.europesays.com\/no\/wp-json\/wp\/v2\/categories?post=124537"},{"taxonomy":"post_tag","embeddable":true,"href":"https:\/\/www.europesays.com\/no\/wp-json\/wp\/v2\/tags?post=124537"}],"curies":[{"name":"wp","href":"https:\/\/api.w.org\/{rel}","templated":true}]}}