{"id":124555,"date":"2025-12-30T09:12:08","date_gmt":"2025-12-30T09:12:08","guid":{"rendered":"https:\/\/www.europesays.com\/no\/124555\/"},"modified":"2025-12-30T09:12:08","modified_gmt":"2025-12-30T09:12:08","slug":"kristoffer-velde-apner-opp-om-arslonn-pa-30-millioner-kroner","status":"publish","type":"post","link":"https:\/\/www.europesays.com\/no\/124555\/","title":{"rendered":"Kristoffer Velde \u00e5pner opp om \u00e5rsl\u00f8nn p\u00e5 30 millioner kroner"},"content":{"rendered":"\n<ul class=\"_list_o9xde_3 _list_64s2r_85 _unordered_o9xde_106 text-sans-m\">\n<li class=\"_item_o9xde_30\">Kristoffer Velde har signert for MLS-klubben Portland Timbers og tjener over 30 millioner kroner i \u00e5rsl\u00f8nn.<\/li>\n<li class=\"_item_o9xde_30\">Han forlovet seg med kj\u00e6resten Malin Hauge i Malibu etter fem og et halvt \u00e5r sammen.<\/li>\n<li class=\"_item_o9xde_30\">Velde ser frem til et spennende \u00e5r i USA med b\u00e5de personlig utvikling og den kommende VM i fotball.<\/li>\n<\/ul>\n<p>Vis mer <\/p>\n<p class=\"_paragraph_o9xde_4 _paragraph_xtcu6_10 layout-component text-serif-m layout-normal text-serif-m layout-padded\">N\u00e5 \u00e5pner han opp til VG om 30 millioner i \u00e5rsl\u00f8nn, livet som stjernespiller i USA og frieriet til kj\u00e6resten. <\/p>\n<p class=\"_paragraph_o9xde_4 _paragraph_xtcu6_10 layout-component text-serif-m layout-normal text-serif-m layout-padded\">Det var i sommer at telefonen til Kristoffer Velde ringte. Etter et lengre opphold i polske Lech Poznan hadde haugalendingen funnet seg til rette i Olympiakos. Hus med basseng, varmt klima og god stemning.<\/p>\n<p class=\"_paragraph_o9xde_4 _paragraph_xtcu6_10 layout-component text-serif-m layout-normal text-serif-m layout-padded\">\u2013 Jeg kan se tilbake p\u00e5 det n\u00e5r det regner og slite litt med \u00e5 akseptere det. Men det g\u00e5r fint. Jeg er ikke her for \u00e5 v\u00e6re p\u00e5 ferie. <\/p>\n<p class=\"_paragraph_o9xde_4 _paragraph_xtcu6_10 layout-component text-serif-m layout-normal text-serif-m layout-padded\">Storklubben sto p\u00e5 randen av Champions League-spill og Velde hadde en relativt sentral rolle i laget. <\/p>\n<p class=\"_paragraph_o9xde_4 _paragraph_xtcu6_10 layout-component text-serif-m layout-normal text-serif-m layout-padded\">Men det som dukket opp i den andre enden ble for fristende \u00e5 si nei til. <\/p>\n<p><img alt=\"Foto: ORLANDO RAMIREZ \/ AFP \/ NTB\" class=\"_image_qp4xg_65 layout-component layout-normal\" data-fullscreen- data-track-element-type=\"Article image fullscreen\" data-track-name=\"ImageFullscreen\" decoding=\"async\" loading=\"lazy\" height=\"4159\" itemprop=\"image\"  src=\"https:\/\/www.europesays.com\/no\/wp-content\/uploads\/2025\/12\/7bc31e16-85f0-438c-a98b-f923dd5964cf.jpeg\"  style=\"object-position:0% 0%\" width=\"6238\"\/>Foto: ORLANDO RAMIREZ \/ AFP \/ NTB<\/p>\n<p class=\"_paragraph_o9xde_4 _paragraph_xtcu6_10 layout-component text-serif-m layout-normal text-serif-m layout-padded\">En \u00e5rsl\u00f8nn p\u00e5 over 30 millioner kroner30 millioner kronerI MLS er l\u00f8nningene offentlige. Velde st\u00e5r oppf\u00f8rt med en &laquo;garantert kompensasjon&raquo; p\u00e5 3 027 000 dollar. Det gir rett i underkant av 31 millioner norske kroner. . N\u00e6rmere 150 millioner over de \u00e5rene kontrakten strekker seg. Phil Neville som trener. <\/p>\n<p><img decoding=\"async\" alt=\"Bilde av Phil Neville\" class=\"_image_ygndg_42\" height=\"53\" itemprop=\"image\" loading=\"lazy\"  src=\"https:\/\/www.europesays.com\/no\/wp-content\/uploads\/2025\/12\/d35a8a31-740f-41ca-89b7-28e52ef92f5c.png\"  width=\"40\"\/><strong class=\"_name_ygndg_51 title-serif-xs\">Phil Neville<\/strong><\/p>\n<p class=\"_paragraph_o9xde_4 text-sans-m _description_ygndg_56\">Tidligere Manchester United-spiller \u2013 n\u00e5v\u00e6rende trener i Portland.<\/p>\n<p class=\"_paragraph_o9xde_4 _paragraph_xtcu6_10 layout-component text-serif-m layout-normal text-serif-m layout-padded\">MLS-klubben Portland Timbers var klare for \u00e5 bla opp store summer for \u00e5 gj\u00f8re Kristoffer Velde til en av sine viktigste spillere i VM-landet. <\/p>\n<p class=\"_paragraph_o9xde_4 _paragraph_xtcu6_10 layout-component text-serif-m layout-normal text-serif-m layout-padded\">\u2013 \u00d8konomi var en viktig faktor. Det skal jeg ikke legge skjul p\u00e5. Det hadde v\u00e6rt naivt \u00e5 si noe annet. Men hvis du ikke har det bra med deg selv, s\u00e5 betyr pengene lite, sier Velde. <\/p>\n<p class=\"_paragraph_o9xde_4 _paragraph_xtcu6_10 layout-component text-serif-m layout-normal text-serif-m layout-padded\">VG m\u00f8ter ham hjemme p\u00e5 juleferie i Haugesund. Sesongen er over i USA, p\u00e5 ny\u00e5ret skal Timbers\u2019 nye stjerne over for \u00e5 starte sin f\u00f8rste fulle sesong i det som ogs\u00e5 blir et VM-\u00e5r for amerikanerne. <\/p>\n<p><img alt=\"Foto: Jan K\u00e5re Ness\/VG\" class=\"_image_qp4xg_65 layout-component layout-normal\" data-fullscreen- data-track-element-type=\"Article image fullscreen\" data-track-name=\"ImageFullscreen\" decoding=\"async\" loading=\"lazy\" height=\"3170\" itemprop=\"image\"  src=\"https:\/\/www.europesays.com\/no\/wp-content\/uploads\/2025\/12\/6485ae3b-b367-47a1-8994-42e8dd2a449b.jpeg\"  style=\"object-position:0% 0%\" width=\"5000\"\/>Foto: Jan K\u00e5re Ness\/VG<\/p>\n<p class=\"_paragraph_o9xde_4 _paragraph_xtcu6_10 layout-component text-serif-m layout-normal text-serif-m layout-padded\">Pengene gj\u00f8r at han har sikret seg og forloveden for livet om ikke noe helt spesielt skulle skje. MLS-klubben har gjort ham til en s\u00e5kalt Designated PlayerDesignated PlayerMLS-klubber kan ha inntil tre \u201cDesignated Players\u201d \u2013 spillere som kan tjene mer enn det l\u00f8nnstaket vanligvis tillater. Det kan v\u00e6re b\u00e5de nye spillere som hentes inn til MLS, og spillere som allerede er i klubben og signeres p\u00e5 nytt., som gj\u00f8r at Portland kan g\u00e5 utover l\u00f8nnstaket som eksisterer for de andre spillerne. <\/p>\n<p class=\"_paragraph_o9xde_4 _paragraph_xtcu6_10 layout-component text-serif-m layout-normal text-serif-m layout-padded\">Kort sagt: Han er en av klubbens stjernespillere. <\/p>\n<p class=\"_paragraph_o9xde_4 _paragraph_xtcu6_10 layout-component text-serif-m layout-normal text-serif-m layout-padded\">\u2013 Skal jeg v\u00e6re helt \u00e6rlig s\u00e5 hadde jeg nok ikke dratt dit hvis ikke. Det er jo p\u00e5 en m\u00e5te det de lokker med. Men samtidig har jeg blitt veldig glad i klubben, sier Velde. <\/p>\n<p>Aktiver kart<\/p>\n<p class=\"_paragraph_o9xde_4 _paragraph_xtcu6_10 layout-component text-serif-m layout-normal text-serif-m layout-padded\">Han fortsetter: <\/p>\n<p class=\"_paragraph_o9xde_4 _paragraph_xtcu6_10 layout-component text-serif-m layout-normal text-serif-m layout-padded\">\u2013 N\u00e5r det kommer til de pengene s\u00e5 er de bare tall p\u00e5 en konto. Jeg kjenner p\u00e5 de samme frustrasjonene som du gj\u00f8r i ditt liv.i ditt liv.Journalisten tjener ikke 30 millioner i \u00e5ret <\/p>\n<p class=\"_paragraph_o9xde_4 _paragraph_xtcu6_10 layout-component text-serif-m layout-normal text-serif-m layout-padded\">\u2013 Da jeg var yngre dr\u00f8mte jeg om Lamborghini og dyre ting. Det er ikke s\u00e5 interessant lenger. Jeg har blitt mye mer moden og ser at det finnes ting som er viktigere enn bare penger. Jeg unner meg ting og kj\u00f8per gaver til forloveden, men jeg er ingen storforbruker, sier den tatoverte fotballstjernen.<\/p>\n<p>Foto: SOOBUM IM \/ AFP \/ NTB<\/p>\n<p class=\"_paragraph_o9xde_4 _paragraph_xtcu6_10 layout-component text-serif-m layout-normal text-serif-m layout-padded\">Med gigantisk kontrakt inne var det null problem \u00e5 f\u00e5 r\u00e5d til noe samboer Malin Hauge har ventet p\u00e5 i lang tid. <\/p>\n<p class=\"_paragraph_o9xde_4 _paragraph_xtcu6_10 layout-component text-serif-m layout-normal text-serif-m layout-padded\">\u2013 Forlovelsen var p\u00e5 tide. Vi hadde v\u00e6rt sammen i fem og et halvt \u00e5r. Hun sa \u00abI Hellas hadde du fem minutter til s\u00e5 mange fine steder, men du gjorde det aldri!\u00bb. Men jeg tok henne med til Malibu, reserverte en fin restaurant og gikk ned p\u00e5 kne der. Det ble en ganske fin historie, egentlig, sier Velde. <\/p>\n<p class=\"_paragraph_o9xde_4 _paragraph_xtcu6_10 layout-component text-serif-m layout-normal text-serif-m layout-padded\">\u2013 Det var veldig bra gjennomf\u00f8rt. Ti av ti, svarer forloveden. <\/p>\n<p><img alt=\"\" class=\"_image_qp4xg_65 layout-component layout-normal\" data-fullscreen- data-track-element-type=\"Article image fullscreen\" data-track-name=\"ImageFullscreen\" decoding=\"async\" loading=\"lazy\" height=\"6500\" itemprop=\"image\"  src=\"https:\/\/www.europesays.com\/no\/wp-content\/uploads\/2025\/12\/1bc5f100-a1b5-411e-8d89-3cf06b2ccd32.jpeg\"  style=\"object-position:0% 0%\" width=\"4445\"\/><\/p>\n<p class=\"_paragraph_o9xde_4 _paragraph_xtcu6_10 layout-component text-serif-m layout-normal text-serif-m layout-padded\">Etter et halvt \u00e5r i USA har Velde latt seg overraske over flere ting med den amerikanske fotballkulturen. Det sportslige niv\u00e5et er langt h\u00f8yere enn han hadde trodd, spesielt niv\u00e5et p\u00e5 enkeltspillere. Fasilitetene beskriver han som \u00abhelt kanon\u00bb. <\/p>\n<p class=\"_paragraph_o9xde_4 _paragraph_xtcu6_10 layout-component text-serif-m layout-normal text-serif-m layout-padded\">Supporterkulturen er ogs\u00e5 et stykke unna de utagerende supporterne i Polen og Hellas, men Timbers hadde et snitt p\u00e5 22.000 tilskuere p\u00e5 sine kamper denne sesongen. <\/p>\n<p class=\"_paragraph_o9xde_4 _paragraph_xtcu6_10 layout-component text-serif-m layout-normal text-serif-m layout-padded\">Men det var etter sesongen Kristoffer Velde tok et lite oppgj\u00f8r med noe som han s\u00e5 kunne bli bedre. <\/p>\n<p class=\"_paragraph_o9xde_4 _paragraph_xtcu6_10 layout-component text-serif-m layout-normal text-serif-m layout-padded\">\u2013 Jeg er vant med Europa hvor garderobekulturen er mye t\u00f8ffere. Jeg tror standarden m\u00e5 settes litt h\u00f8yere. Hva vi gj\u00f8r p\u00e5 gymmen, hva vi gj\u00f8r p\u00e5 treningsfeltet. Vi har s\u00e5 mange spillere med mye kvalitet, men vi m\u00e5 f\u00e5 det ut av dem, sa Velde i et intervju med Oregon Live. <\/p>\n<p class=\"_paragraph_o9xde_4 _paragraph_xtcu6_10 layout-component text-serif-m layout-normal text-serif-m layout-padded\">Velde gjorde seg bemerket for flere ting da han spilte i Norge: <\/p>\n<p class=\"_paragraph_o9xde_4 _paragraph_xtcu6_10 layout-component text-serif-m layout-normal text-serif-m layout-padded\">\u2013 Spesielt i Polen ble du veldig fort satt p\u00e5 plass om du ikke hadde hodet p\u00e5 rett sted. Det pr\u00f8ver jeg \u00e5 ta med meg inn i hverdagen n\u00e5, sier Velde til VG. <\/p>\n<p class=\"_paragraph_o9xde_4 _paragraph_xtcu6_10 layout-component text-serif-m layout-normal text-serif-m layout-padded\">P\u00e5 ny\u00e5ret reiser han tilbake til Portland, hvor han starter med flere dagers presseopplegg. Slik er det for klubbens n\u00e5 store stjerne, foran et \u00e5r som blir helt spesielt for fotballen i USA. <\/p>\n<p class=\"_paragraph_o9xde_4 _paragraph_xtcu6_10 layout-component text-serif-m layout-normal text-serif-m layout-padded\">\u2013 Jeg tror VM i USA blir helt ekstremt. Hver kamp kommer til \u00e5 f\u00f8les som en Super Bowl \u2013 med show, fyrverkeri og artister. Amerikanerne er utrolig gode p\u00e5 \u00e5 lage arrangement og bygge opp stemning. Det kommer til \u00e5 bli noe helt annet enn et VM i Europa, sier Velde. <\/p>\n<p class=\"_paragraph_o9xde_4 _paragraph_xtcu6_10 layout-component text-serif-m layout-normal text-serif-m layout-padded\">Velde st\u00e5r med \u00e9n landskamp s\u00e5 langt i karrieren. Han kommer heller ikke til \u00e5 sitte i dette intervjuet og snakke seg inn i flere. <\/p>\n<p class=\"_paragraph_o9xde_4 _paragraph_xtcu6_10 layout-component text-serif-m layout-normal text-serif-m layout-padded\">Men han h\u00e5per og tror. <\/p>\n<p class=\"_paragraph_o9xde_4 _paragraph_xtcu6_10 layout-component text-serif-m layout-normal text-serif-m layout-padded\">\u2013 Dr\u00f8mmen om VM er der selvf\u00f8lgelig. \u00c5 representere landet sitt er det st\u00f8rste som finnes. <\/p>\n<p class=\"_paragraph_o9xde_4 _paragraph_xtcu6_10 layout-component text-serif-m layout-normal text-serif-m layout-padded\">For Kristoffer Velde har ikke reist til MLS for \u00e5 sovne inn som fotballspiller. <\/p>\n<p class=\"_paragraph_o9xde_4 _paragraph_xtcu6_10 layout-component text-serif-m layout-normal text-serif-m layout-padded\">\u2013 Akkurat n\u00e5 kunne jeg ligget p\u00e5 en strand i Dubai, men jeg er her i Haugesund og trener med FKH. Alt handler om hva du gj\u00f8r selv. <\/p>\n","protected":false},"excerpt":{"rendered":"Kristoffer Velde har signert for MLS-klubben Portland Timbers og tjener over 30 millioner kroner i \u00e5rsl\u00f8nn. Han forlovet&hellip;\n","protected":false},"author":2,"featured_media":124556,"comment_status":"","ping_status":"","sticky":false,"template":"","format":"standard","meta":{"footnotes":""},"categories":[59],"tags":[8634,3163,10359,30,28,29,83,82],"class_list":{"0":"post-124555","1":"post","2":"type-post","3":"status-publish","4":"format-standard","5":"has-post-thumbnail","7":"category-sport","8":"tag-fotball-vm-2026","9":"tag-herrelandslaget-fotball","10":"tag-kristoffer-velde","11":"tag-no","12":"tag-norge","13":"tag-norway","14":"tag-sport","15":"tag-sports"},"share_on_mastodon":{"url":"https:\/\/pubeurope.com\/@no\/115807751402379877","error":""},"_links":{"self":[{"href":"https:\/\/www.europesays.com\/no\/wp-json\/wp\/v2\/posts\/124555","targetHints":{"allow":["GET"]}}],"collection":[{"href":"https:\/\/www.europesays.com\/no\/wp-json\/wp\/v2\/posts"}],"about":[{"href":"https:\/\/www.europesays.com\/no\/wp-json\/wp\/v2\/types\/post"}],"author":[{"embeddable":true,"href":"https:\/\/www.europesays.com\/no\/wp-json\/wp\/v2\/users\/2"}],"replies":[{"embeddable":true,"href":"https:\/\/www.europesays.com\/no\/wp-json\/wp\/v2\/comments?post=124555"}],"version-history":[{"count":0,"href":"https:\/\/www.europesays.com\/no\/wp-json\/wp\/v2\/posts\/124555\/revisions"}],"wp:featuredmedia":[{"embeddable":true,"href":"https:\/\/www.europesays.com\/no\/wp-json\/wp\/v2\/media\/124556"}],"wp:attachment":[{"href":"https:\/\/www.europesays.com\/no\/wp-json\/wp\/v2\/media?parent=124555"}],"wp:term":[{"taxonomy":"category","embeddable":true,"href":"https:\/\/www.europesays.com\/no\/wp-json\/wp\/v2\/categories?post=124555"},{"taxonomy":"post_tag","embeddable":true,"href":"https:\/\/www.europesays.com\/no\/wp-json\/wp\/v2\/tags?post=124555"}],"curies":[{"name":"wp","href":"https:\/\/api.w.org\/{rel}","templated":true}]}}