{"id":124561,"date":"2025-12-30T09:23:10","date_gmt":"2025-12-30T09:23:10","guid":{"rendered":"https:\/\/www.europesays.com\/no\/124561\/"},"modified":"2025-12-30T09:23:10","modified_gmt":"2025-12-30T09:23:10","slug":"lastebil-har-velta-nrk-trondelag-lokale-nyheter-tv-og-radio","status":"publish","type":"post","link":"https:\/\/www.europesays.com\/no\/124561\/","title":{"rendered":"Lastebil har velta \u2013 NRK Tr\u00f8ndelag \u2013 Lokale nyheter, TV og radio"},"content":{"rendered":"<p><strong>\u2013 Naudetatane har f\u00e5tt melding om ein lastebil som har k\u00f8yrd av vegen og hamna p\u00e5 sida, opplyser operasjonsleiar Christopher James White.<\/strong><\/p>\n<p>Naudetatane er p\u00e5 veg til ulykka i Inder\u00f8y.<\/p>\n<p>\u2013 F\u00f8raren var ikkje p\u00e5 staden, fortel White til NRK.<\/p>\n<p>\u2013 Det er eit vindauge som er ope, s\u00e5 han har tydelegvis klatra ut det ogs\u00e5 veit vi ikkje kor han har g\u00e5tt etter det.<\/p>\n<p>Klokka 9.33 fortel politiet at dei har kome i kontakt med f\u00f8raren som er uskadd.<\/p>\n<p><strong>Tysdag er det sendt ut gult farevarsel for mykje sn\u00f8 og sn\u00f8fokk i Tr\u00f8ndelag, Nordland, delar av Troms og Finnmark.<\/strong><\/p>\n<p>\nDin nettleser st\u00f8tter ikke innbygging av eksternt innhold\n<\/p>\n<p>I delar av landet kjem det mykje sn\u00f8 tysdag morgon.<\/p>\n<p>Fleire trafikkulykker<\/p>\n<p>I Tr\u00f8ndelag har det vore fleire trafikkuhell i morgontimane.<\/p>\n<p>\u2013 Det merkast at det har sn\u00f8dd og det er glatt p\u00e5 mange vegar, seier White.<\/p>\n<p><strong>\u2013 Det er ein del mindre ulykker, s\u00e5 vi m\u00e5 prioritere kva naudetatane skal rykke ut p\u00e5 og kva folk m\u00e5 l\u00f8yse sj\u00f8lv.<\/strong><\/p>\n<p><img decoding=\"async\"   src=\"data:image\/gif;base64,R0lGODlhAQABAIAAAAAAAP\/\/\/yH5BAEAAAAALAAAAAABAAEAAAIBRAA7\" loading=\"eager\" alt=\"Et lastebil har veltet p\u00e5 en sn\u00f8dekt vei, med sn\u00f8 og is som dekker b\u00e5de kj\u00f8ret\u00f8yet og omgivelsene. Lastebilen ligger p\u00e5 siden, mens en r\u00f8d mark\u00f8r st\u00e5r ved veien. I bakgrunnen er det skogomr\u00e5der og en h\u00f8yde. Veien er delvis dekket av sn\u00f8, og det er spor etter kj\u00f8ret\u00f8y. (Bildebeskrivelsen er laget av en KI-tjeneste)\" title=\"Foto: Eivind Aabakken \/ NRK\"\/><\/p>\n<p class=\"\">F\u00f8raren av lastebilen som k\u00f8yrde ut i svingen i Inder\u00f8y er uskadd. <\/p>\n<p>Foto: Eivind Aabakken \/ NRK<\/p>\n<p>Operasjonsleiaren peiker p\u00e5 at folk m\u00e5 k\u00f8yre etter forhalda n\u00e5r f\u00f8ret er krevjande.<\/p>\n<p>I Malvik har ein buss punktert i s\u00f8rg\u00e5ande felt p\u00e5 E6.<\/p>\n<p><strong>\u2013 Dette medf\u00f8rer ein del trafikale problem, skriv White.<\/strong><\/p>\n<p>P\u00e5 Orkdalsvegen i Rennebu har ein bil k\u00f8yrt i gr\u00f8fta. Politiet opplyser at det er sv\u00e6rt glatt p\u00e5 staden.<\/p>\n<p>\u2013 Lite skader p\u00e5 k\u00f8yret\u00f8yet, s\u00e5 politiet k\u00f8yrer ikkje p\u00e5 denne utfork\u00f8yringa, skrive White.<\/p>\n<p>    <img decoding=\"async\" class=\"dh-video-videoLoop__fallbackImage\" src=\"https:\/\/www.europesays.com\/no\/wp-content\/uploads\/2025\/12\/a5453df7-4d2a-41c1-853d-f74d2ae1c103_360.jpg\" alt=\"\"\/><video preload=\"none\" muted=\"\" poster=\"https:\/\/www.europesays.com\/no\/wp-content\/uploads\/2025\/12\/a5453df7-4d2a-41c1-853d-f74d2ae1c103_360.jpg\" style=\"--poster:url(https:\/\/www.europesays.com\/no\/wp-content\/uploads\/2025\/12\/a5453df7-4d2a-41c1-853d-f74d2ae1c103_360.jpg);\"><\/video><img decoding=\"async\" class=\"dh-video-videoLoop__fallbackImage\" src=\"https:\/\/www.europesays.com\/no\/wp-content\/uploads\/2025\/12\/a5453df7-4d2a-41c1-853d-f74d2ae1c103_720.jpg\" alt=\"\"\/><video preload=\"none\" muted=\"\" poster=\"https:\/\/www.europesays.com\/no\/wp-content\/uploads\/2025\/12\/a5453df7-4d2a-41c1-853d-f74d2ae1c103_720.jpg\" style=\"--poster:url(https:\/\/www.europesays.com\/no\/wp-content\/uploads\/2025\/12\/a5453df7-4d2a-41c1-853d-f74d2ae1c103_720.jpg);\"><\/video><img decoding=\"async\" class=\"dh-video-videoLoop__fallbackImage\" src=\"https:\/\/www.europesays.com\/no\/wp-content\/uploads\/2025\/12\/a5453df7-4d2a-41c1-853d-f74d2ae1c103_1080.jpg\" alt=\"\"\/><video preload=\"none\" muted=\"\" poster=\"https:\/\/www.europesays.com\/no\/wp-content\/uploads\/2025\/12\/a5453df7-4d2a-41c1-853d-f74d2ae1c103_1080.jpg\" style=\"--poster:url(https:\/\/www.europesays.com\/no\/wp-content\/uploads\/2025\/12\/a5453df7-4d2a-41c1-853d-f74d2ae1c103_1080.jpg);\"><\/video><\/p>\n<p>Det har kome mykje sn\u00f8 det siste d\u00f8gnet nord i Tr\u00f8ndelag. I Namsos arbeider br\u00f8ytebilen for \u00e5 rydde vegen.<\/p>\n<p>FOTO: Espen Sandmo<\/p>\n<p>Torgeir Nilsen i Vegtrafikksentralen fortel at det har vore ein god del trafikkuhell.<\/p>\n<p>\u2013 Det har nyleg kome ganske mykje sn\u00f8 i delar av Tr\u00f8ndelag, fortel Nilsen.<\/p>\n<p><strong>\u2013 Og nokon er ikkje heilt p\u00e5 ballen enno med tanke p\u00e5 at det ikkje lenger er bar veg.<\/strong><\/p>\n<p>Nilsen oppfordrar folk til \u00e5 ta det med ro og k\u00f8yr etter forhalda.<\/p>\n<p>Kolonnek\u00f8yring fleire stadar i Finnmark<\/p>\n<p>For delar av Finnmark er det sendt ut gult farevarsel for kraftig sn\u00f8fokk.<\/p>\n<p>Dette skaper lokalt <a href=\"https:\/\/www.nrk.no\/tromsogfinnmark\/uvaer-preger-trafikken-i-finnmark--1.17708883\" ec-id=\"pp:article:1.17708883\" ec-name=\"vanskelege k\u00f8yreforhold p\u00e5 vegane.\" rel=\"nofollow noopener\" target=\"_blank\">vanskelege k\u00f8yreforhold p\u00e5 vegane.<\/a><\/p>\n<p><img decoding=\"async\"   src=\"data:image\/gif;base64,R0lGODlhAQABAIAAAAAAAP\/\/\/yH5BAEAAAAALAAAAAABAAEAAAIBRAA7\" loading=\"eager\" alt=\"Bommen er nede ved Hopseidet p\u00e5 fylkesvei 888. \" title=\"Foto: Statens Vegvesen\"\/><\/p>\n<p class=\"\">Mellom Hopseidet og Bakkarfjord er det kolonnek\u00f8yring.<\/p>\n<p>Foto: Statens Vegvesen<\/p>\n<p><strong>E69 mellom Skarsv\u00e5g og Nordkapp er stengt som f\u00f8lge av uv\u00ear.<\/strong><\/p>\n<p>Over Ifjordfjellet er det kolonnek\u00f8yring. Det er det ogs\u00e5 p\u00e5 fylkesveg 888 mellom Bakkarfjord og Hopseidet, samt mellom Mehamn og Gamvikbukta.<\/p>\n<p>Publisert<\/p>\n<p>30.12.2025, kl. 09.17<\/p>\n<p>Oppdatert<\/p>\n<p>30.12.2025, kl. 10.19<\/p>\n","protected":false},"excerpt":{"rendered":"\u2013 Naudetatane har f\u00e5tt melding om ein lastebil som har k\u00f8yrd av vegen og hamna p\u00e5 sida, opplyser&hellip;\n","protected":false},"author":2,"featured_media":124562,"comment_status":"","ping_status":"","sticky":false,"template":"","format":"standard","meta":{"footnotes":""},"categories":[10],"tags":[20,21,24,25,15,22,23,13,30,28,29,14,16,26,27],"class_list":{"0":"post-124561","1":"post","2":"type-post","3":"status-publish","4":"format-standard","5":"has-post-thumbnail","7":"category-norge","8":"tag-breaking-news","9":"tag-breakingnews","10":"tag-featured-news","11":"tag-featurednews","12":"tag-headlines","13":"tag-latest-news","14":"tag-latestnews","15":"tag-news","16":"tag-no","17":"tag-norge","18":"tag-norway","19":"tag-nyheter","20":"tag-overskrifter","21":"tag-top-stories","22":"tag-topstories"},"share_on_mastodon":{"url":"https:\/\/pubeurope.com\/@no\/115807794321812567","error":""},"_links":{"self":[{"href":"https:\/\/www.europesays.com\/no\/wp-json\/wp\/v2\/posts\/124561","targetHints":{"allow":["GET"]}}],"collection":[{"href":"https:\/\/www.europesays.com\/no\/wp-json\/wp\/v2\/posts"}],"about":[{"href":"https:\/\/www.europesays.com\/no\/wp-json\/wp\/v2\/types\/post"}],"author":[{"embeddable":true,"href":"https:\/\/www.europesays.com\/no\/wp-json\/wp\/v2\/users\/2"}],"replies":[{"embeddable":true,"href":"https:\/\/www.europesays.com\/no\/wp-json\/wp\/v2\/comments?post=124561"}],"version-history":[{"count":0,"href":"https:\/\/www.europesays.com\/no\/wp-json\/wp\/v2\/posts\/124561\/revisions"}],"wp:featuredmedia":[{"embeddable":true,"href":"https:\/\/www.europesays.com\/no\/wp-json\/wp\/v2\/media\/124562"}],"wp:attachment":[{"href":"https:\/\/www.europesays.com\/no\/wp-json\/wp\/v2\/media?parent=124561"}],"wp:term":[{"taxonomy":"category","embeddable":true,"href":"https:\/\/www.europesays.com\/no\/wp-json\/wp\/v2\/categories?post=124561"},{"taxonomy":"post_tag","embeddable":true,"href":"https:\/\/www.europesays.com\/no\/wp-json\/wp\/v2\/tags?post=124561"}],"curies":[{"name":"wp","href":"https:\/\/api.w.org\/{rel}","templated":true}]}}