{"id":124581,"date":"2025-12-30T09:41:34","date_gmt":"2025-12-30T09:41:34","guid":{"rendered":"https:\/\/www.europesays.com\/no\/124581\/"},"modified":"2025-12-30T09:41:34","modified_gmt":"2025-12-30T09:41:34","slug":"dette-har-vaert-en-dramatisk-dag-nrk-sorlandet-lokale-nyheter-tv-og-radio","status":"publish","type":"post","link":"https:\/\/www.europesays.com\/no\/124581\/","title":{"rendered":"\u2013 Dette har v\u00e6rt en dramatisk dag \u2013 NRK S\u00f8rlandet \u2013 Lokale nyheter, TV og radio"},"content":{"rendered":"<p><strong>\u2013 Dette har v\u00e6rt en dramatisk dag for mange innbyggere i Kristiansand, sier evakueringsleder Bjarte Austvik i Kristiansand kommune. <\/strong><\/p>\n<p>Totalt 112 personer ble s\u00f8ndag evakuert fra sine boliger i byen, etter at <a href=\"https:\/\/www.nrk.no\/sorlandet\/brann-i-butikklokale-i-kristiansand-_-naboar-blir-evakuerte-1.17706744\" ec-id=\"pp:article:1.17706744\" ec-name=\"det br\u00f8t ut brann i et butikklokale i sentrum.\" rel=\"nofollow noopener\" target=\"_blank\">det br\u00f8t ut brann i et butikklokale i sentrum.<\/a><\/p>\n<p>S\u00f8ndag kveld har de fleste f\u00e5tt lov til \u00e5 flytte hjem.<\/p>\n<p><strong>\u2013 Men flere titalls har vi m\u00e5ttet hjelpe med alternativ overnatting for i natt, sier Austvik til NRK.<\/strong><\/p>\n<p>Flere har mistet hjemmet sitt<\/p>\n<p>For noen av de evakuerte vil det ikke v\u00e6re mulig \u00e5 flytte hjem igjen.<\/p>\n<p><strong>\u2013 Vi har m\u00f8tt mennesker i dag som har mistet hjemmet sitt gjennom hele livet, sier Austvik til NRK. <\/strong><\/p>\n<p>Tallet p\u00e5 hvor mange dette gjelder vil ikke bli klart f\u00f8r brannvesenet har gjort sine unders\u00f8kelser mandag.<\/p>\n<p><img decoding=\"async\"   src=\"data:image\/gif;base64,R0lGODlhAQABAIAAAAAAAP\/\/\/yH5BAEAAAAALAAAAAABAAEAAAIBRAA7\" loading=\"eager\" alt=\"Brannsted Kristiansand sentrum s\u00f8ndag kveld\" title=\"Foto: Leif Hallgeir Dalen \/ NRK\"\/><\/p>\n<p class=\"\">Ved 19-tiden s\u00f8ndag kveld jobbet fremdeles mange p\u00e5 brannstedet. <\/p>\n<p>Foto: Leif Hallgeir Dalen \/ NRK<\/p>\n<p>Men Austvik sier brannen har f\u00f8rt til riving av bygg og store skader.<\/p>\n<p>\u2013 <strong>Mange kommer til \u00e5 m\u00e5tte bo borte i p\u00e5vente av oppbygging.<\/strong><\/p>\n<p>Dersom folk opplever \u00e5 m\u00e5tte bo borte over lengre tid, understreker han at kommunen er tilgjengelig for de som skulle trenge det:<\/p>\n<p>\u2013 Da kan vi bist\u00e5.<\/p>\n<p><img decoding=\"async\"   src=\"data:image\/gif;base64,R0lGODlhAQABAIAAAAAAAP\/\/\/yH5BAEAAAAALAAAAAABAAEAAAIBRAA7\" loading=\"eager\" alt=\"Evakueringsleder Bjarte Austvik fra Kristiansand kommune\" title=\"Foto: Tom Nicolai Kolstad \/ NRK\"\/><\/p>\n<p class=\"\">Evakueringsleder Bjarte Austvik i Kristiansand kommune sier det har v\u00e6rt en dramatisk dag for mange i Kristiansand. <\/p>\n<p>Foto: Tom Nicolai Kolstad \/ NRK<\/p>\n<p>Kommunen har fulgt situasjonen fra morgen til kveld. Austvik sier de har hatt kontakt med mange innbyggere i bydelen gjennom dagen.<\/p>\n<p>Han har ogs\u00e5 v\u00e6rt i snakk med mennesker som bor lenger unna brannstedet, som synes dette har v\u00e6rt en ubehagelig opplevelse.<\/p>\n<p><strong>\u2013 Det har v\u00e6rt dramatisk for alle.<\/strong><\/p>\n<p><img decoding=\"async\"   src=\"data:image\/gif;base64,R0lGODlhAQABAIAAAAAAAP\/\/\/yH5BAEAAAAALAAAAAABAAEAAAIBRAA7\" loading=\"eager\" alt=\"Brannsted Kristiansand sentrum s\u00f8ndag kveld\" title=\"Foto: Leif Hallgeir Dalen \/ NRK\"\/><\/p>\n<p class=\"\">Det jobbes i lift ved brannstedet s\u00f8ndag kveld. <\/p>\n<p>Foto: Leif Hallgeir Dalen \/ NRK<\/p>\n<p>Brannen slukket \u2013 holder vakt gjennom natten<\/p>\n<p>S\u00f8ndag kveld opplyser brannvesenet at de har avsluttet slukningsarbeidet.<\/p>\n<p>Mannskaper vil holde vakt p\u00e5 brannstedet gjennom natten, f\u00f8r opprydningen gjenopptas mandag morgen.<\/p>\n<p>Det er Kristiansand Ingeni\u00f8rvesen som st\u00e5r for opprydningen.<\/p>\n<p>Det tok \u00e5tte og en halv time fra brannen ble meldt tidlig s\u00f8ndag morgen, til brannvesenet meldte om kontroll.<\/p>\n<p>Sivilforsvaret ble tilkalt og bistod b\u00e5de med slukking og evakuering av beboere i n\u00e6rheten.<\/p>\n<p><strong>Brann\u00e5rsaken er fremdeles ukjent. <\/strong><\/p>\n<p><img decoding=\"async\"   src=\"data:image\/gif;base64,R0lGODlhAQABAIAAAAAAAP\/\/\/yH5BAEAAAAALAAAAAABAAEAAAIBRAA7\" loading=\"eager\" alt=\"En gravemaskin st\u00e5r foran noen utbrente hus og bygningsmaterialer.\" title=\"Foto: H\u00e5vard Axel Kator \/ NRK\"\/><\/p>\n<p class=\"\">Brannvesenet har jobbet p\u00e5 spreng for \u00e5 slukke brannen s\u00f8ndag. <\/p>\n<p>Foto: H\u00e5vard Axel Kator \/ NRK<\/p>\n<p>Ingen kom alvorlig til skade<\/p>\n<p>Brannen skal ha startet i f\u00f8rste etasje i et butikklokale i Kristiansand sentrum.<\/p>\n<p>Etter kort tid hadde den spredt seg til andre etasje og til loftet i trebygningen, som huser leiligheter. Flammene slo opp fra taket.<\/p>\n<p><strong>Ingen personer kom alvorlig til skade i brannen. <\/strong><\/p>\n<p><img decoding=\"async\"   src=\"data:image\/gif;base64,R0lGODlhAQABAIAAAAAAAP\/\/\/yH5BAEAAAAALAAAAAABAAEAAAIBRAA7\" loading=\"eager\" alt=\"Brann oppsto i taket p\u00e5 en bygning, med flammer og r\u00f8ykskyer som stiger opp mot nattehimmelen. Brannmannskap sprayer vann p\u00e5 brannen fra en h\u00f8yde, mens n\u00e6rheten av festlys kan sees i forkant. Omgivelsene er m\u00f8rke, noe som fremhever lysene fra flammene. Ingen personer er synlige i bildet. (Bildebeskrivelsen er laget av en KI-tjeneste)\" title=\"Foto: Tor Erik Schr\u00f8der \/ NTB\"\/><\/p>\n<p class=\"\">Bildet er tatt s\u00f8ndag morgen. <\/p>\n<p>Foto: Tor Erik Schr\u00f8der \/ NTB<\/p>\n<p>S\u00f8ndag morgen meldte politiet at 19 mennesker hadde blitt evakuert fra omr\u00e5det.<\/p>\n<p>Rundt klokken 12 ble beboere i leilighetskomplekset Byhaven, som ligger i n\u00e6rheten av brannstedet, ogs\u00e5 evakuert.<\/p>\n<p><strong>Totalt 112 personer har v\u00e6rt innom kommunens evakueringssenter i l\u00f8pet av dagen.<\/strong><\/p>\n<p>Andre Fugledal som bor i Byhaven sier han har blitt godt ivaretatt under evakueringen, og at det viktigste er at ingen liv gikk tapt. <a href=\"https:\/\/www.nrk.no\/sorlandet\/evakuerer-mer-enn-100-personer-etter-brann-i-sentrum-1.17706951\" ec-id=\"pp:article:1.17706951\" ec-name=\"Les saken her\" rel=\"nofollow noopener\" target=\"_blank\">Les saken her<\/a>.<\/p>\n<p>Publisert<\/p>\n<p>28.12.2025, kl. 20.44<\/p>\n","protected":false},"excerpt":{"rendered":"\u2013 Dette har v\u00e6rt en dramatisk dag for mange innbyggere i Kristiansand, sier evakueringsleder Bjarte Austvik i Kristiansand&hellip;\n","protected":false},"author":2,"featured_media":124582,"comment_status":"","ping_status":"","sticky":false,"template":"","format":"standard","meta":{"footnotes":""},"categories":[5],"tags":[20,21,24,25,15,19,22,23,17,18,13,30,28,29,14,16,26,27],"class_list":{"0":"post-124581","1":"post","2":"type-post","3":"status-publish","4":"format-standard","5":"has-post-thumbnail","7":"category-overskrifter","8":"tag-breaking-news","9":"tag-breakingnews","10":"tag-featured-news","11":"tag-featurednews","12":"tag-headlines","13":"tag-hovedoppslag","14":"tag-latest-news","15":"tag-latestnews","16":"tag-main-news","17":"tag-mainnews","18":"tag-news","19":"tag-no","20":"tag-norge","21":"tag-norway","22":"tag-nyheter","23":"tag-overskrifter","24":"tag-top-stories","25":"tag-topstories"},"share_on_mastodon":{"url":"https:\/\/pubeurope.com\/@no\/115807864928882100","error":""},"_links":{"self":[{"href":"https:\/\/www.europesays.com\/no\/wp-json\/wp\/v2\/posts\/124581","targetHints":{"allow":["GET"]}}],"collection":[{"href":"https:\/\/www.europesays.com\/no\/wp-json\/wp\/v2\/posts"}],"about":[{"href":"https:\/\/www.europesays.com\/no\/wp-json\/wp\/v2\/types\/post"}],"author":[{"embeddable":true,"href":"https:\/\/www.europesays.com\/no\/wp-json\/wp\/v2\/users\/2"}],"replies":[{"embeddable":true,"href":"https:\/\/www.europesays.com\/no\/wp-json\/wp\/v2\/comments?post=124581"}],"version-history":[{"count":0,"href":"https:\/\/www.europesays.com\/no\/wp-json\/wp\/v2\/posts\/124581\/revisions"}],"wp:featuredmedia":[{"embeddable":true,"href":"https:\/\/www.europesays.com\/no\/wp-json\/wp\/v2\/media\/124582"}],"wp:attachment":[{"href":"https:\/\/www.europesays.com\/no\/wp-json\/wp\/v2\/media?parent=124581"}],"wp:term":[{"taxonomy":"category","embeddable":true,"href":"https:\/\/www.europesays.com\/no\/wp-json\/wp\/v2\/categories?post=124581"},{"taxonomy":"post_tag","embeddable":true,"href":"https:\/\/www.europesays.com\/no\/wp-json\/wp\/v2\/tags?post=124581"}],"curies":[{"name":"wp","href":"https:\/\/api.w.org\/{rel}","templated":true}]}}