{"id":124589,"date":"2025-12-30T09:55:09","date_gmt":"2025-12-30T09:55:09","guid":{"rendered":"https:\/\/www.europesays.com\/no\/124589\/"},"modified":"2025-12-30T09:55:09","modified_gmt":"2025-12-30T09:55:09","slug":"madeleine-rodriguez-bolivia-tvillingsosteren-starter-spleis-for-madeleine-rodruguez-i-bolivia","status":"publish","type":"post","link":"https:\/\/www.europesays.com\/no\/124589\/","title":{"rendered":"Madeleine Rodriguez, Bolivia | Tvillings\u00f8steren starter spleis for Madeleine Rodruguez i Bolivia"},"content":{"rendered":"\n<p>TV 2-serien \u00abFlukten fra Bolivia\u00bb har gitt ny oppmerksomhet til saken om <a rel=\"Follow nofollow noopener\" href=\"https:\/\/www.nettavisen.no\/artikkel\/tiltalt-for-narkosmugling-i-bolivia\/s\/12-95-2621361\" target=\"_blank\">de tre norske kvinnene som i 2008 ble arrestert med kokain<\/a> p\u00e5 flyplassen i Cochabamba, i Bolivia, i 2008.<\/p>\n<p>Av de tre ble Madeleine Rodriguez igjen i Bolivia. Hun sonet \u00e5tte \u00e5r, og har etter det v\u00e6rt l\u00f8slatt mot kausjon. Men selve saken er ikke formelt avsluttet og hun har ikke f\u00e5tt tillatelse til \u00e5 reise hjem.<\/p>\n<p>\u2013 Et barn vokste opp uten mor<\/p>\n<p>N\u00e5 har hennes tvillings\u00f8ster Nikita startet en innsamlingsaksjon p\u00e5 spleis.no for gi s\u00f8steren juridisk bistand.<\/p>\n<p><b>Les mer: <a class=\"simple-relation related-teaser article--c-eRUmMG article--c-eRUmMG-fZoQSp-design-nettavisen article--c-eRUmMG-gwthdJ-cv\" href=\"https:\/\/www.nettavisen.no\/avsloring-fra-innspilling-hadde-kontakt-med-bolivia-madeleine\/s\/5-95-2800047\" rel=\"nofollow noopener\" target=\"_blank\">Avsl\u00f8ring fra innspilling: Hadde kontakt med Bolivia-Madeleine<\/a><\/b><\/p>\n<p>\u00abMadelaine var ung, s\u00e5rbar og i dyp sorg da dette skjedde, og forsto ikke rekkevidden av det hun sa ja til. Valget fikk konsekvenser som har preget hele voksenlivet hennes. [&#8230;.]<\/p>\n<p>I dag er hun mor til fire barn. Den eldste datteren bor i Norge. Mor og datter har ikke sett hverandre siden dagen Madelaine ble arrestert. Et barn vokste opp uten mor\u00bb, skriver Nikita Maria Rodriguez p\u00e5 spleis.no, og legger til:<\/p>\n<p>\u00abMadelaine har tatt fullt ansvar for handlingene sine. Hun sonet 8 \u00e5r i boliviansk fengsel under sv\u00e6rt krevende forhold\u00bb.<\/p>\n<p>Tirsdag formiddag er det samlet inn over 90.000 kroner.<\/p>\n<p><b>Les: <a class=\"simple-relation related-teaser article--c-eRUmMG article--c-eRUmMG-fZoQSp-design-nettavisen article--c-eRUmMG-gwthdJ-cv\" href=\"https:\/\/www.nettavisen.no\/flukten-fra-bolivia-hadde-satt-himmel-og-jord-i-bevegelse\/s\/5-95-2797320\" rel=\"nofollow noopener\" target=\"_blank\">\u00abFlukten fra Bolivia\u00bb: \u2013 Hadde satt himmel og jord i bevegelse<\/a><\/b><\/p>\n<p>   <img decoding=\"async\" width=\"5616\" height=\"3744\" fetchpriority=\"low\"  loading=\"lazy\"  src=\"https:\/\/www.europesays.com\/no\/wp-content\/uploads\/2025\/12\/NTB_3mhQAnFsb0c.jpg\" alt=\"COCHABAMBA, BOLIVIA 20100408.&#10;Madeleine Alicia Rodriguez venter p\u00e5 taxi utenfor rettslokalene i Cochabamba der hun er siktet for \u00e5 ha fors\u00f8kt \u00e5 smugle 22,4 kilo kokain til Norge.&#10;Foto: Stian Lysberg Solum \/ NTB \" class=\"brick-c-cFOWSL\" style=\"--brick-image-ratio: 5616 \/ 3744;\"\/><\/p>\n<p>      \u00c5TTE \u00c5R I FENGSEL: Madeleine Alicia Rodriguez utenfor rettslokalene i Cochabamba der hun i 2008 ble siktet, og senere d\u00f8mt, for \u00e5 ha fors\u00f8kt \u00e5 smugle 22,4 kilo kokain til Norge.<br \/>\n      Foto: Stian Lysberg Solum (NTB)\n    <\/p>\n<p>  \u2013 Gj\u00f8r meg kvalm<\/p>\n<p>\u2013 Bare det \u00e5 h\u00f8re ordene (\u00abBolivia-saken\u00bb) gj\u00f8r meg kvalm. Det knyter seg i magen, og kroppen reagerer f\u00f8r hodet rekker \u00e5 tenke. For meg er dette ikke et begrep, ikke en historie, ikke en serie. Det er livet mitt. Det er 17 \u00e5r med konstant uro, sorg og en f\u00f8lelse av \u00e5 aldri f\u00e5 puste helt ut, sier Nikita Rodriguez i et intervju med Dagbladet.<\/p>\n<p><b>Les ogs\u00e5: <a class=\"simple-relation related-teaser article--c-eRUmMG article--c-eRUmMG-fZoQSp-design-nettavisen article--c-eRUmMG-gwthdJ-cv\" href=\"https:\/\/www.nettavisen.no\/dramatikk-pa-tur-med-nrk-profilen-sa-svart-pa-et-tidspunkt\/s\/5-95-2800418\" rel=\"nofollow noopener\" target=\"_blank\">Dramatikk p\u00e5 tur med NRK-profilen: \u2013 S\u00e5 svart p\u00e5 et tidspunkt<\/a><\/b><\/p>\n<p>I intervjuet forklarer hun at hun har opprettet pengeinnsamling fordi hun ikke ser noen annen utvei:<\/p>\n<p>\u2013 Spleisen ble opprettet fordi vi rett og slett ikke har flere valg. Den handler ikke om \u00e5 slippe unna noe, men om \u00e5 avslutte noe. Om \u00e5 f\u00e5 juridisk bistand lokalt. Om dokumenter, advokat, prosesser og beredskap rundt barna.<\/p>\n","protected":false},"excerpt":{"rendered":"TV 2-serien \u00abFlukten fra Bolivia\u00bb har gitt ny oppmerksomhet til saken om de tre norske kvinnene som i&hellip;\n","protected":false},"author":2,"featured_media":124590,"comment_status":"","ping_status":"","sticky":false,"template":"","format":"standard","meta":{"footnotes":""},"categories":[58],"tags":[71,30,28,29,72],"class_list":{"0":"post-124589","1":"post","2":"type-post","3":"status-publish","4":"format-standard","5":"has-post-thumbnail","7":"category-underholdning","8":"tag-entertainment","9":"tag-no","10":"tag-norge","11":"tag-norway","12":"tag-underholdning"},"share_on_mastodon":{"url":"https:\/\/pubeurope.com\/@no\/115807920000460250","error":""},"_links":{"self":[{"href":"https:\/\/www.europesays.com\/no\/wp-json\/wp\/v2\/posts\/124589","targetHints":{"allow":["GET"]}}],"collection":[{"href":"https:\/\/www.europesays.com\/no\/wp-json\/wp\/v2\/posts"}],"about":[{"href":"https:\/\/www.europesays.com\/no\/wp-json\/wp\/v2\/types\/post"}],"author":[{"embeddable":true,"href":"https:\/\/www.europesays.com\/no\/wp-json\/wp\/v2\/users\/2"}],"replies":[{"embeddable":true,"href":"https:\/\/www.europesays.com\/no\/wp-json\/wp\/v2\/comments?post=124589"}],"version-history":[{"count":0,"href":"https:\/\/www.europesays.com\/no\/wp-json\/wp\/v2\/posts\/124589\/revisions"}],"wp:featuredmedia":[{"embeddable":true,"href":"https:\/\/www.europesays.com\/no\/wp-json\/wp\/v2\/media\/124590"}],"wp:attachment":[{"href":"https:\/\/www.europesays.com\/no\/wp-json\/wp\/v2\/media?parent=124589"}],"wp:term":[{"taxonomy":"category","embeddable":true,"href":"https:\/\/www.europesays.com\/no\/wp-json\/wp\/v2\/categories?post=124589"},{"taxonomy":"post_tag","embeddable":true,"href":"https:\/\/www.europesays.com\/no\/wp-json\/wp\/v2\/tags?post=124589"}],"curies":[{"name":"wp","href":"https:\/\/api.w.org\/{rel}","templated":true}]}}