{"id":124593,"date":"2025-12-30T09:59:08","date_gmt":"2025-12-30T09:59:08","guid":{"rendered":"https:\/\/www.europesays.com\/no\/124593\/"},"modified":"2025-12-30T09:59:08","modified_gmt":"2025-12-30T09:59:08","slug":"familien-deler-sterke-folelser-etter-rettssaken-nrk-vestland","status":"publish","type":"post","link":"https:\/\/www.europesays.com\/no\/124593\/","title":{"rendered":"Familien deler sterke f\u00f8lelser etter rettssaken \u2013 NRK Vestland"},"content":{"rendered":"<p>\u2013 Alltid i v\u00e5re hjerter. Tina-moren v\u00e5r.<\/p>\n<p>Foreldre skal ikke st\u00e5 p\u00e5 graven til sine barn.<\/p>\n<p>Likevel er det akkurat det Kurt Solberg n\u00e5 gj\u00f8r.<\/p>\n<p>Han steller med de r\u00f8de rosene og legger h\u00e5nden varsomt mot gravst\u00f8tten.<\/p>\n<p>\u2013 Hun kom til oss 14. august 1990 og ble tatt fra oss 7. januar 2024. En herlig jente, sier Kurt og kremter.<\/p>\n<p><strong>\u2013 Sorgen av \u00e5 miste et barn er t\u00f8ff. Steint\u00f8ff.<\/strong><\/p>\n<p><img decoding=\"async\"   src=\"data:image\/gif;base64,R0lGODlhAQABAIAAAAAAAP\/\/\/yH5BAEAAAAALAAAAAABAAEAAAIBRAA7\" loading=\"eager\" alt=\"Kurt Solberg\" title=\"Foto: Nina Kausland \/ NRK\"\/><\/p>\n<p>Foto: Nina Kausland \/ NRK<\/p>\n<p>Drapene i 2024<\/p>\n<p>Drapstallene for 2024 skapte store overskrifter over hele landet, og drapene startet tidlig.<\/p>\n<p><a href=\"https:\/\/www.nrk.no\/norge\/antall-drepte-i-2024-1.16857832\" ec-id=\"pp:article:1.16857832\" ec-name=\"Allerede i januar 2024 ble tolv personer drept\" rel=\"nofollow noopener\" target=\"_blank\">Allerede i januar 2024 ble tolv personer drept<\/a>. Syv av dem ble drept av en person de hadde en n\u00e6r relasjon til.<\/p>\n<p>Drapene skapte for alvor debatt om partnervold og <a href=\"https:\/\/www.nrk.no\/buskerud\/regjeringen-oppretter-en-partnerdrapskommisjon_-etter-flere-drap-i-naere-relasjoner-1.16824422\" ec-id=\"pp:article:1.16824422\" ec-name=\"partnerdrap i Norge\" rel=\"nofollow noopener\" target=\"_blank\">partnerdrap i Norge<\/a>.<\/p>\n<p>Bilder av Tina Milena Solberg (33) var blant dem som gikk landet rundt.<\/p>\n<p><img decoding=\"async\"   src=\"data:image\/gif;base64,R0lGODlhAQABAIAAAAAAAP\/\/\/yH5BAEAAAAALAAAAAABAAEAAAIBRAA7\" loading=\"eager\" alt=\"Bilde av Tina Milena Solberg i begravelsen\" title=\"Foto: Maria Gunnarsdotter Svedal\"\/><\/p>\n<p>Foto: Maria Gunnarsdotter Svedal<\/p>\n<p><strong>7. januar 2024 ble hun kvalt til d\u00f8de i sitt eget hjem i \u00d8ygarden. Hennes to barn var da i huset. <\/strong><\/p>\n<p>Drapsmannen er far til barna hennes. Han tilstod drapet samme dag.<\/p>\n<p>Dette er mannen tiltalt for: <\/p>\n<p><strong>Straffeloven \u00a7275. <\/strong>For \u00e5 ha drept en annen. P\u00e5talemyndigheten mener at mannen drepte Tina Solberg mellom klokken 07.00 og 08.00 7. januar 2024. Mannen tilstod drapet i politiavh\u00f8r samme dag.<\/p>\n<p><strong>Straffeloven \u00a7195.<\/strong> For \u00e5 ha mishandlet et lik. Etter drapet mener p\u00e5talemyndigheten at mannen la liket i bagasjerommet p\u00e5 sin egen bil og senere tente p\u00e5 bilen. Mannen erkjenner dette.<\/p>\n<p><strong>Straffeloven \u00a7282b.<\/strong> For ved trusler, tvang, frihetsber\u00f8velse, vold eller andre krenkelser, alvorlig eller gjentatt \u00e5 ha mishandlet sin slektning i rett nedstigende linje. P\u00e5talemyndigheten begrunner mishandlingen med at de mener at de to barna ble vitne til henholdsvis opptakten og deler av drapet \u2013 og i tillegg skal ha v\u00e6rt utsatt for \u00e5revis med fysisk og psykisk vold fra sin far. Mannen erkjenner ikke dette.<\/p>\n<p><strong>Straffeloven \u00a7268 f\u00f8rste ledd<\/strong>. For uberettiget \u00e5 ha tatt seg adgang til en annens hus eller et annet sted som ikke var fritt tilgjengelig, eller som uberettiget forble p\u00e5 et slikt sted. P\u00e5talemyndigheten mener at den tiltalte mannen br\u00f8t seg inn i en fremmed hytte etter drapshandlingen. Mannen erkjenner dette.<\/p>\n<p><strong>Vegtrafikkloven \u00a731 f\u00f8rste ledd. <\/strong>For \u00e5 ha f\u00f8rt en motorvogn da han var p\u00e5virket av alkohol, eller andre berusende eller bed\u00f8vende midler. P\u00e5talemyndigheten mener mannen var p\u00e5virket av alkohol da han kj\u00f8rte til Tina Solbergs hjem, samt da han senere fraktet liket derfra. Mannen erkjenner dette.<\/p>\n<p>Den tiltalte er en 35 \u00e5r gammel mann som kom til Norge fra Afghanistan som mindre\u00e5rig.<\/p>\n<p>I Hordaland tingrett har alts\u00e5 mannen erkjent straffskyld for alle tiltaleposter unntatt tilalten om mishandling av barna.<\/p>\n<p>Mannen erkjenner derimot deler av hendelsene p\u00e5talemyndigheten begrunner tiltalen om mishandlingen p\u00e5.<\/p>\n<p>Aktor Kristine Herrebr\u00f8den mener mannens egen forklaring er nok for \u00e5 finne ham skyldig for alle tiltaleposter.<\/p>\n<p>Dom fra Hordaland tingrett er ventet 14. januar.<\/p>\n<p>Tinas familie <a href=\"https:\/\/www.nrk.no\/vestland\/tina-milena-solberg-_33_-ble-drept_-ekssamboer-moter-i-hordaland-tingrett-mandag_-tiltalt-for-drapet-1.17653005\" ec-id=\"pp:article:1.17653005\" ec-name=\"h\u00e5pet at rettssaken ville gi dem etterlengtede svar.\" rel=\"nofollow noopener\" target=\"_blank\">h\u00e5pet at rettssaken ville gi dem etterlengtede svar.<\/a><\/p>\n<p><strong>Etter rettssaken i Hordaland tingrett sitter de igjen med informasjon som holder dem v\u00e5ken om natten, men som de h\u00e5per kan hjelpe andre.<\/strong><\/p>\n<p>N\u00e5 forteller p\u00e5r\u00f8rende til Tina om tegnene de s\u00e5 og skulle \u00f8nske de hadde reagert sterkere p\u00e5, og om en bunnl\u00f8s sorg og d\u00e5rlig samvittighet.<\/p>\n<p><img decoding=\"async\"   src=\"data:image\/gif;base64,R0lGODlhAQABAIAAAAAAAP\/\/\/yH5BAEAAAAALAAAAAABAAEAAAIBRAA7\" loading=\"eager\" alt=\"Tina Milena Solberg\" title=\"Foto: Bilde publisert i samr\u00e5d med familien\"\/><\/p>\n<p class=\"\">Tina Milena Solberg (33) ble funnet drept 7. januar 2024.<\/p>\n<p>Foto: Bilde publisert i samr\u00e5d med familien<\/p>\n<p>Rettssaken<\/p>\n<p>Gjennom tre uker i Hordaland tingrett, satt Kurt like overfor mannen som drepte datteren hans.<\/p>\n<p>Mens den tiltalte vendte seg bort fra skjermen da politiets bilder ble vist frem, holdt Kurt blikket rettet mot skjermen.<\/p>\n<p>\u2013 For meg har det v\u00e6rt viktig \u00e5 vite. Det f\u00f8ler jeg et behov for, for \u00e5 f\u00e5 mest mulig forst\u00e5else av hele saken, sier Kurt og understreker at det var hardt \u00e5 se.<\/p>\n<p>Bilder av barnerommet hvor Tina ble kvalt til d\u00f8de.<\/p>\n<p><img decoding=\"async\"   src=\"data:image\/gif;base64,R0lGODlhAQABAIAAAAAAAP\/\/\/yH5BAEAAAAALAAAAAABAAEAAAIBRAA7\" loading=\"eager\" alt=\"et rom med seng og nattbord\" title=\"Foto: Politiet\"\/><\/p>\n<p class=\"\">P\u00e5 dette soverommet mener politiet at Tina Solberg ble drept. Det har ogs\u00e5 tiltalte forklart i Hordaland tingrett. <\/p>\n<p>Foto: Politiet<\/p>\n<p>Bilder av den utbrente bilen som Tinas levninger ble funnet i.<\/p>\n<p><img decoding=\"async\"   src=\"data:image\/gif;base64,R0lGODlhAQABAIAAAAAAAP\/\/\/yH5BAEAAAAALAAAAAABAAEAAAIBRAA7\" loading=\"eager\" alt=\"Bilen hvor levningene etter Tina Milena Solberg ble funnet drept\" title=\"Foto: Vest politidistrikt\"\/><\/p>\n<p class=\"\">Politiets bilde av den utbrente bilen, hvor levningene ble funnet.<\/p>\n<p>Foto: Vest politidistrikt<\/p>\n<p>Bilder av levningene.<\/p>\n<p>Bilde av smykket med et hjerte p\u00e5 som hun bar rundt halsen.<\/p>\n<p><img decoding=\"async\"   src=\"data:image\/gif;base64,R0lGODlhAQABAIAAAAAAAP\/\/\/yH5BAEAAAAALAAAAAABAAEAAAIBRAA7\" loading=\"eager\" alt=\"Smykke som ble funnet \" title=\"Foto: Vest politidistrikt\"\/><\/p>\n<p class=\"\">Politiet fant dette smykket rundt halsen hennes. <\/p>\n<p>Foto: Vest politidistrikt<\/p>\n<p>Bilde av ledningen som var surret rundt halsen.<\/p>\n<p><img decoding=\"async\"   src=\"data:image\/gif;base64,R0lGODlhAQABAIAAAAAAAP\/\/\/yH5BAEAAAAALAAAAAABAAEAAAIBRAA7\" loading=\"eager\" alt=\"Ledningen som ble funnet i bagasjerommet p\u00e5 bilen\" title=\"Foto: Vest politidistrikt\"\/><\/p>\n<p class=\"\">Ledningen ble funnet rundt halsen til Tina Milena Solberg. <\/p>\n<p>Foto: Vest politidistrikt<\/p>\n<p>Detaljene rundt draps\u00f8yeblikket holder Tinas far v\u00e5ken natt etter natt.<\/p>\n<p><strong>\u2013 Du vet, t\u00e5rene kommer jo. De gj\u00f8r jo det. S\u00e5 tenker jeg p\u00e5 hvor meningsl\u00f8st dette er. N\u00e5r han fester grepet, hvorfor slipper han ikke? Hvordan er det mulig \u00e5 gj\u00f8re noe s\u00e5nt?<\/strong><\/p>\n<p><img decoding=\"async\"   src=\"data:image\/gif;base64,R0lGODlhAQABAIAAAAAAAP\/\/\/yH5BAEAAAAALAAAAAABAAEAAAIBRAA7\" loading=\"eager\" alt=\"Bistandsadvokat May Britt L\u00f8vik med far til Tina, Kurt Ove Solberg\" title=\"Foto: Erica Hvedding Kronheim \/ NRK\"\/><\/p>\n<p class=\"\">Kurt Solberg i Hordaland tingrett p\u00e5 rettens f\u00f8rste dag. Her sammen med bistandsadvokat May Britt L\u00f8vik.<\/p>\n<p>Foto: Erica Hvedding Kronheim \/ NRK<\/p>\n<p><a href=\"https:\/\/www.nrk.no\/vestland\/tina-milena-solberg-_33_-ble-drept-i-oygarden_-aktor-viser-frem-bilder-av-barnerom-i-retten-1.17655189\" ec-id=\"pp:article:1.17655189\" ec-name=\"I retten fortalte tiltalte om \u00f8yeblikket\" rel=\"nofollow noopener\" target=\"_blank\">I retten fortalte tiltalte om \u00f8yeblikket<\/a> han strammet grepet, \u00f8yeblikket han selv sier at han hadde bestemt seg for \u00e5 drepe.<\/p>\n<p>For Tinas far er disse sekundene, minuttene, fysisk vondt \u00e5 h\u00f8re om.<\/p>\n<p>\u2013 Det som oftest g\u00e5r igjen i hodet mitt er sp\u00f8rsm\u00e5let: Hva g\u00e5r gjennom hodet n\u00e5r du faktisk blir kvalt til d\u00f8de? Man har de sekundene fra man er bevisst til man mister bevisstheten, det vet jeg.<\/p>\n<p>\u2013 Jeg tenker p\u00e5 hva Tina f\u00f8lte og tenkte der og da.<\/p>\n<p>Her kan du s\u00f8ke hjelp:<\/p>\n<ul>\n<li>Dersom du eller andre er i akutt fare, ring politiet p\u00e5 112.<\/li>\n<li>For hendelser som ikke er akutte, ring politiet p\u00e5 02 800.<\/li>\n<li>Mental Helse Hjelpetelefonen: 116 123.<\/li>\n<li>Alarmtelefonen for barn og unge i krise: 116 111.<\/li>\n<li>Vold og overgrepslinjen, som er b\u00e5de for utsatte og p\u00e5r\u00f8rende: 116 006.<\/li>\n<li>Krisesentre er et tilbud for dem som er utsatt for vold eller overgrep fra noen i n\u00e6r relasjon. Man trenger ikke \u00e5 v\u00e6re i akutt krise for \u00e5 f\u00e5 hjelp p\u00e5 krisesenter.<br \/>Finn ditt n\u00e6rmeste krisesenter her:<br \/>https:\/\/www.krisesenter.com\/finn-ditt-krisesenter\/<\/li>\n<li>Kirkens SOS: 22 40 00 40.<\/li>\n<li>Dinutvei.no: Nasjonal veiviser ved vold og overgrep for voldsutsatte, voldsut\u00f8vere og p\u00e5r\u00f8rende.<\/li>\n<\/ul>\n<p>Gjentakelsesfare<\/p>\n<p><a href=\"https:\/\/www.nrk.no\/vestland\/drapet-pa-tina-milena-solberg-_33__-tinas-mor-forklarer-seg-til-hordaland-tingrett-1.17667998\" ec-id=\"pp:article:1.17667998\" ec-name=\"I retten sa den tiltalte mannen\" rel=\"nofollow noopener\" target=\"_blank\">I retten sa den tiltalte mannen<\/a> at han var lei seg for drapet og for \u00e5 ha tatt Tina fra Kurt og familien.<\/p>\n<p>De rettspsykiatriske sakkyndige i saken mener mannen ikke viser noen form for genuin anger.<\/p>\n<p>De mener mannen har en dyssosial personlighetsforstyrrelse i alvorlig grad med psykopatiske trekk, og at mannen har en <a href=\"https:\/\/www.nrk.no\/vestland\/drapet-pa-tina-milena-solberg-_33__-de-rettspsykiatriske-sakkyndige-setter-alvorlig-diagnose-1.17679108\" ec-id=\"pp:article:1.17679108\" ec-name=\"h\u00f8y risiko for \u00e5 beg\u00e5 ny vold mot kvinner\" rel=\"nofollow noopener\" target=\"_blank\">h\u00f8y risiko for \u00e5 beg\u00e5 ny vold mot kvinner<\/a>.<\/p>\n<p><strong>Selv kjenner ikke mannen seg igjen i diagnosen, eller p\u00e5standen om gjentakelsesfare.<\/strong><\/p>\n<p>\u2013 Rettssaken har gitt meg en bekreftelse p\u00e5 at familiens oppfattelse av ekssamboeren var riktig, sier Kurt.<\/p>\n<p>Han forteller om ganger han har kj\u00f8rt til Tinas hjem, etter Tina har ringt og bedt om hjelp til \u00e5 gripe inn i voldelige situasjoner.<\/p>\n<p>\u2013 Det hadde ofte roet seg da jeg kom. Men episodene ble mange og det ble en repetisjon som ikke lot seg avslutte.<\/p>\n<p><img decoding=\"async\"   src=\"data:image\/gif;base64,R0lGODlhAQABAIAAAAAAAP\/\/\/yH5BAEAAAAALAAAAAABAAEAAAIBRAA7\" loading=\"eager\" alt=\"Kurt Solberg\" title=\"Foto: Nina Kausland \/ NRK\"\/><\/p>\n<p>Foto: Nina Kausland \/ NRK<\/p>\n<p>Han forteller om samtaler han og datteren har hatt, hvor han fors\u00f8kte \u00e5 gi r\u00e5d.<\/p>\n<p>\u2013 Vi hadde mange samtaler her p\u00e5 kj\u00f8kkenet og snakket med Tina om dette.<\/p>\n<p>Og Kurt forteller om fortvilelsen og h\u00e5pl\u00f8sheten han f\u00f8lte de gangene Tina kom sammen igjen med den n\u00e5 drapstiltalte mannen.<\/p>\n<p>De to kom f\u00f8rst sammen som ten\u00e5ringer.<\/p>\n<p>Tidlig i forholdet skrev Tinas mor ned sine bekymringer om datteren, men sier at hun ikke forstod alvoret f\u00f8r det var for sent.<\/p>\n<p><strong>\u2013 Jeg har aldri tenkt p\u00e5 f\u00f8r hvorfor hun gikk s\u00e5 ofte med h\u00f8yhalset genser eller kjole. N\u00e5 har jeg skj\u00f8nt det, <a href=\"https:\/\/www.nrk.no\/vestland\/drapet-pa-tina-milena-solberg-_33__-tinas-mor-forklarer-seg-til-hordaland-tingrett-1.17667998\" ec-id=\"pp:article:1.17667998\" ec-name=\"sa Tinas mor i tingretten\" rel=\"nofollow noopener\" target=\"_blank\">sa Tinas mor i tingretten<\/a>. <\/strong><\/p>\n<p>\u2013 Unnskyld<\/p>\n<p>Selv har den drapstiltalte kalt forholdet for giftig, men at ingenting kunne sammenlignes n\u00e5r det var bra.<\/p>\n<p>Han har selv fortalt tingretten om krangler som endte med at han kastet Tina og barna ut av huset, og om ganger hvor Tina kastet ham p\u00e5 d\u00f8r.<\/p>\n<p><strong>\u2013 Jeg har mange ganger tenkt at <\/strong>\u00ab<strong>hva skal jeg gj\u00f8re?<\/strong>\u00bb<strong> sier Kurt.<\/strong><\/p>\n<p><img decoding=\"async\"   src=\"data:image\/gif;base64,R0lGODlhAQABAIAAAAAAAP\/\/\/yH5BAEAAAAALAAAAAABAAEAAAIBRAA7\" loading=\"eager\" alt=\"Kurt Solberg\" title=\"Foto: Nina Kausland \/ NRK\"\/><\/p>\n<p>Foto: Nina Kausland \/ NRK<\/p>\n<p>Kurt p\u00e5peker at da drapet skjedde hadde Tina avsluttet forholdet og bodde alene sammen med barna.<\/p>\n<p>\u2013 Tina var sterk. Hun trodde nok at hun var i stand til \u00e5 takle dette selv, sier han og ser bort.<\/p>\n<p>\u2013 Men s\u00e5 var hun ikke det likevel, sant.<\/p>\n<p><img decoding=\"async\"   src=\"data:image\/gif;base64,R0lGODlhAQABAIAAAAAAAP\/\/\/yH5BAEAAAAALAAAAAABAAEAAAIBRAA7\" loading=\"eager\" alt=\"Kurt Solberg\" title=\"Foto: Nina Kausland \/ NRK\"\/><\/p>\n<p>Foto: Nina Kausland \/ NRK<\/p>\n<p>\u2013 Er det noe du kunne \u00f8nske at du kunne si til Tina n\u00e5? <\/p>\n<p><strong>\u2013 Unnskyld for at vi ikke var mye mer p\u00e5 hugget med \u00e5 hjelpe. Jeg burde ha gjort mer, sier Kurt mens t\u00e5rene presser p\u00e5.<\/strong><\/p>\n<p>\u2013 Hvorfor f\u00f8ler du at du m\u00e5 si unnskyld?<\/p>\n<p>\u2013 For som far kan du nesten aldri gj\u00f8re nok for barna dine. Jeg burde ha v\u00e6rt mye mer p\u00e5 hugget og gjort mer. Det er kanskje lett \u00e5 si i ettertid, og n\u00e5 er det for sent, sier Kurt og sporer av.<\/p>\n<p><img decoding=\"async\"   src=\"data:image\/gif;base64,R0lGODlhAQABAIAAAAAAAP\/\/\/yH5BAEAAAAALAAAAAABAAEAAAIBRAA7\" loading=\"eager\" alt=\"Kurt Solberg\" title=\"Foto: Nina Kausland \/ NRK\"\/><\/p>\n<p>Foto: Nina Kausland \/ NRK<\/p>\n<p>Han finner s\u00e5 stemmen igjen.<\/p>\n<p>\u2013 Min oppfordring er derfor at voldsutsatte kvinner m\u00e5 anerkjenne situasjonen og s\u00f8ke all hjelp de kan f\u00e5, og at familien, alle rundt og myndighetene gj\u00f8r alt de kan for \u00e5 hjelpe.<\/p>\n<p>\u2013 Han kommer til \u00e5 drepe deg<\/p>\n<p>Den n\u00e5 drapstiltalte mannen var grunnen til at Tina Milena Solberg hadde voldsalarm, men den ble ikke brukt drapsdagen.<\/p>\n<p>\u2013 Det er viktig, men forferdelig synd at hennes fjes har frontet artikler om partnervold og behovet for omvendt voldsalarm. Det f\u00f8les s\u00e5 bittert at ingen forstod alvoret f\u00f8r det var for sent for Tina.<\/p>\n<p>Ordene kommer fra Lisa Solberg, niesen til Tina.<\/p>\n<p>\u2013 Men hun var som en s\u00f8ster. Henne kunne jeg ringe til n\u00e5r som helst. Hun var s\u00e5 blid og st\u00f8ttende. N\u00e5 har jeg ingen s\u00f8ster igjen.<\/p>\n<p><img decoding=\"async\"   src=\"data:image\/gif;base64,R0lGODlhAQABAIAAAAAAAP\/\/\/yH5BAEAAAAALAAAAAABAAEAAAIBRAA7\" loading=\"eager\" alt=\"Lisa Solberg, niesen til Tina Solberg\" title=\"Foto: Nina Kausland \/ NRK\"\/><\/p>\n<p>Foto: Nina Kausland \/ NRK<\/p>\n<p>De siste ordene som Lisa Solberg noen gang sa til Tina, gir en ubehagelig gjenklang.<\/p>\n<p><strong>\u2013 <\/strong>\u00ab<strong>G\u00e5r du med ham n\u00e5, kan ikke vi ha noe mer kontakt. Han kommer til \u00e5 drepe deg<\/strong>\u00bb<strong>.<\/strong><\/p>\n<p>\u2013 Og hun gikk med ham. Det var seks m\u00e5neder f\u00f8r drapet, sier Lisa.<\/p>\n<p>Hadde s\u00e5 lyst til \u00e5 tro<\/p>\n<p>For Lisa ligger mye av sorgen i at hun hadde forst\u00e5tt mye og fors\u00f8kt \u00e5 si fra, men ogs\u00e5 hun ble usikker p\u00e5 hva hun skulle tro om og gj\u00f8re med situasjonen.<\/p>\n<p>Tina anmeldte mannen minst fire ganger. Anmeldelser som enten ble henlagt, eller som Tina selv trakk tilbake.<\/p>\n<p>Tina ringte Lisa og fortalte om voldelige hendelser, men kunne senere ringe og si at det ikke var \u00e5 ille som hun hadde fortalt Lisa eller politiet.<\/p>\n<p><strong>\u2013 Og man har jo s\u00e5 lyst til \u00e5 tro p\u00e5 det, for selvf\u00f8lgelig vil du at det skal g\u00e5 fint, sier Lisa.<\/strong><\/p>\n<p>\u2013 S\u00e5 for meg har rettssaken v\u00e6rt en bekreftelse p\u00e5 at jeg ikke har krisemaksimert. Rettssaken ble en bekreftelse p\u00e5 at alt jeg fryktet om hvordan det var, var sant.<\/p>\n<p><img decoding=\"async\"   src=\"data:image\/gif;base64,R0lGODlhAQABAIAAAAAAAP\/\/\/yH5BAEAAAAALAAAAAABAAEAAAIBRAA7\" loading=\"eager\" alt=\"Lisa Solberg\" title=\"Foto: Nina Kausland \/ NRK\"\/><\/p>\n<p>Foto: Nina Kausland \/ NRK<\/p>\n<p>Lisa beskriver sorgen over \u00e5 ha mistet Tina som ekstremt tyngende.<\/p>\n<p>Tyngende er det ogs\u00e5 med sp\u00f8rsm\u00e5l hun selv stiller seg om hva hun eller andre kunne ha gjort.<\/p>\n<p>\u2013 Hadde jeg f\u00e5tt en ny sjanse, hadde jeg gjort alt annerledes. Jeg hadde ikke gitt Tina et ultimatum, men jeg hadde selv ringt politiet og barnevernet for \u00e5 s\u00f8rge for at Tina og barna kom seg vekk.<\/p>\n<p><img decoding=\"async\"   src=\"data:image\/gif;base64,R0lGODlhAQABAIAAAAAAAP\/\/\/yH5BAEAAAAALAAAAAABAAEAAAIBRAA7\" loading=\"eager\" alt=\"Lisa Solberg og Tina Solberg \" title=\"Foto: Nina Kausland \/ NRK\"\/><\/p>\n<p>Foto: Nina Kausland \/ NRK<\/p>\n<p><strong>Etter drapet fant familien en bunke med dokumenter som viser Tinas omfattende kontakt med politiet helt siden 2010. <\/strong><\/p>\n<p>Mannen er ogs\u00e5 <a href=\"https:\/\/www.nrk.no\/vestland\/tina-milena-solberg-_33_-ble-drept-pa-et-av-barnas-rom_-barna-fortalte-om-en-oppvekst-preget-av-vold-1.17660481\" ec-id=\"pp:article:1.17660481\" ec-name=\"tiltalt for \u00e5 ha mishandlet de to barna\" rel=\"nofollow noopener\" target=\"_blank\">tiltalt for \u00e5 ha mishandlet de to barna<\/a>, noe han nekter for.<\/p>\n<p>Hva myndigheter som politi og barnevern har visst, har v\u00e6rt tema i rettssaken.<\/p>\n<p>Barnevernstjenesten i \u00d8ygarden kommune etterforskes og er <a href=\"https:\/\/www.nrk.no\/vestland\/politiet-etterforsker-barnevernet-i-oygarden-kommune-etter-at-tina-milena-solberg-ble-drept-1.17666736\" ec-id=\"pp:article:1.17666736\" ec-name=\"siktet for grov uaktsom tjenestefeil.\" rel=\"nofollow noopener\" target=\"_blank\">siktet for grov uaktsom tjenestefeil.<\/a><\/p>\n<p><strong>\u2013 Det viser jo at hun har fors\u00f8kt. Det er f\u00e6lt \u00e5 tenke p\u00e5 hvor vanskelig hun, men ogs\u00e5 barna faktisk m\u00e5 ha hatt det, sier Lisa Solberg. <\/strong><\/p>\n<p>Hvor vanlig er vold i n\u00e6re relasjoner i Norge?<\/p>\n<p>\u2013 Vold i n\u00e6re relasjoner er dessverre s\u00e5 utbredt og omfattende, at det er sv\u00e6rt f\u00e5 av oss som kan g\u00e5 gjennom livet uten \u00e5 komme i kontakt med det selv eller med noen som er utsatt, enten det er gjennom yrket v\u00e5rt, kollegaer, venner eller familie.<\/p>\n<p>Det sier Linda Kvalvik ved Ressurssenter om vold, traumatisk stress og selvmordsforebygging Vest (RVTS Vest).<\/p>\n<p>Hun viser til funn fra studien som Nasjonalt kunnskapssenter for vold og traumatisk stress (NKVTS) utf\u00f8rte p\u00e5 oppdrag fra Justis- og beredskapsdepartementet i 2023.<\/p>\n<p>Studien er basert p\u00e5 egenrapportering fra et landsrepresentativt utvalg p\u00e5 4300 personer i alderen 18\u201374 \u00e5r.<\/p>\n<p>Kvalvik peker s\u00e6rlig p\u00e5 at:<\/p>\n<ul>\n<li>1 av 10 kvinner har blitt utsatt for alvorlig fysisk vold fra sin partner. Av disse svarer 90 prosent at de i tillegg har opplevd kontrollerende atferd fra partner.<\/li>\n<li>3 prosent av menn har blitt utsatt for alvorlig fysisk vold fra sin partner.<\/li>\n<\/ul>\n<p>\u2013 If\u00f8lge forskerne er utstrakt kontrollerende atferd en tydelig risikomark\u00f8r for kj\u00e6restevold. En betydelig andel av unge som hadde erfart kontrollerende atferd fra en kj\u00e6reste, rapporterte ogs\u00e5 om vold og andre former for krenkelser i kj\u00e6resteforhold, sier Kvalvik og peker her p\u00e5 studien til <a href=\"https:\/\/uni.oslomet.no\/voldsprogrammet\/2023\/08\/14\/okning-i-rapportering-av-seksuell-vold-blant-ungdom\/\" ec-id=\"https:\/\/uni.oslomet.no\/voldsprogrammet\/2023\/08\/14\/okning-i-rapportering-av-seksuell-vold-blant-ungdom\/\" ec-name=\"Oslo Met.\" rel=\"nofollow noopener\" target=\"_blank\">Oslo Met.<\/a><\/p>\n<p>\u2013 Mange som skal se<\/p>\n<p>I over 25 \u00e5r har Linda Kvalvik jobbet med \u00e5 avdekke og forhindre vold i n\u00e6re relasjoner.<\/p>\n<p>Hun har sett mange p\u00e5r\u00f8rende sin fortvilelse.<\/p>\n<p>\u2013 N\u00e5r man f\u00e5r bekreftet sin bekymring, er det naturlig \u00e5 tenke at om jeg bare hadde gjort s\u00e5nn, eller s\u00e5nn, s\u00e5 hadde kanskje utfallet blitt annerledes.<\/p>\n<p><img decoding=\"async\"   src=\"data:image\/gif;base64,R0lGODlhAQABAIAAAAAAAP\/\/\/yH5BAEAAAAALAAAAAABAAEAAAIBRAA7\" loading=\"eager\" alt=\"Linda Kvalvik \" title=\"Foto: Therese Grimstad Pisani \/ NRK\"\/><\/p>\n<p class=\"\">Linda Kvalvik er utdannet barnevernspedagog og er omr\u00e5deleder for barn og unge ved Ressurssenter\u00a0om vold, traumatisk stress og selvmordsforebygging Vest (RVTS Vest).<\/p>\n<p>Foto: Therese Grimstad Pisani \/ NRK<\/p>\n<p>Kvalvik peker p\u00e5 ansvaret som instanser og myndigheter har for \u00e5 melde fra og hjelpe. Deriblant skoler, barnehager, barnevern og politi.<\/p>\n<p><strong>\u2013 S\u00e5 det er mange som skal se n\u00e5r barn eller voksne lever med vold i n\u00e6re relasjoner. Det er ikke kun opp til de p\u00e5r\u00f8rende \u00e5 avdekke og avhjelpe det som skjer.<\/strong><\/p>\n<p>Hvorfor er det vanskelig \u00e5 si eller melde fra?<\/p>\n<p>Med over 25 \u00e5rs erfaring i arbeidet med \u00e5 forhindre vold, b\u00e5de i barnevernet og senere ved RVTS Vest, har Linda Kvalvik noen klare tanker om hvorfor det for mange kan v\u00e6re vanskelig \u00e5 si eller melde fra om vold i n\u00e6re relasjoner.<\/p>\n<p>\u2013 Det er fortsatt mye skam og skyld knyttet til det \u00e5 v\u00e6re utsatt for, eller ut\u00f8ve, vold. Veldig mange er redde for hva som skjer om de forteller om det.<\/p>\n<p>Bekymringer som Kvalvik har erfaring med er blant annet hva som skjer med barna, eller hva som skjer med forholdet.<\/p>\n<p>Mange er urolige for egen eller barns sikkerhet, dersom en ikke lenger har en relasjon til den som ut\u00f8ver vold, eller som kommer med trusler, p\u00e5peker hun.<\/p>\n<p>\u2013 Det er derfor vanlig at man trekker tilbake alvoret i det som har skjedd, og da forteller familie, venner og hjelpetjenester at det g\u00e5r bedre. Da begynner ogs\u00e5 de som st\u00e5r rundt \u00e5 tvile p\u00e5 sine egne vurderinger og volden fortsetter, sier Kvalvik.<\/p>\n<p>Kvalvik anerkjenner hvor vanskelig det kan v\u00e6re \u00e5 melde fra, og p\u00e5peker igjen hvilket ansvar det offentlige har, men oppfordrer til \u00e5 stole p\u00e5 egen magef\u00f8lelse.<\/p>\n<p>\u2013 Dersom du er bekymret for om noen du kjenner opplever vold, stol p\u00e5 deg selv og det du har observert. Snakk med den du er bekymret for, og del bekymringen din med andre \u2013 som hjelpetjenester eller politi.<\/p>\n<p>Venter p\u00e5 dom<\/p>\n<p>B\u00e5de Kurt og Lisa Solberg forteller at det er hardt for familie og venner \u00e5 n\u00e5 g\u00e5 inn i jul og nytt\u00e5r i p\u00e5vente av en dom.<\/p>\n<p>Dom er ventet fra Hordaland tingrett 14. januar.<\/p>\n<p>\u2013 Jeg har virkelig ingen juleglede n\u00e5. Det gj\u00f8r det ikke noe lettere at Tina elsket julen. Jeg tror det minnet henne om alle de fine julene vi hadde sammen som barn, sier Lisa.<\/p>\n<p><img decoding=\"async\"   src=\"data:image\/gif;base64,R0lGODlhAQABAIAAAAAAAP\/\/\/yH5BAEAAAAALAAAAAABAAEAAAIBRAA7\" loading=\"eager\" alt=\"Lisa Solberg\" title=\"Foto: Nina Kausland \/ NRK\"\/><\/p>\n<p>Foto: Nina Kausland \/ NRK<\/p>\n<p>Familien er spent p\u00e5 hvilken straff mannen vil f\u00e5, og om Hordaland tingrett vil d\u00f8mme ham for alle tiltalepunkter.<\/p>\n<p>Aktor Kristine Herrebr\u00f8den har bedt retten om dom p\u00e5 16 \u00e5r og 6 m\u00e5neder forvaring.<\/p>\n<p><img decoding=\"async\"   src=\"data:image\/gif;base64,R0lGODlhAQABAIAAAAAAAP\/\/\/yH5BAEAAAAALAAAAAABAAEAAAIBRAA7\" loading=\"eager\" alt=\"statsadvokat Kristine Herrebr\u00f8den\" title=\"Foto: John Inge Johansen \/ NRK\"\/><\/p>\n<p class=\"\">Statsadvokat Kristine Herrebr\u00f8den har f\u00f8rt saken for p\u00e5talemyndigheten.<\/p>\n<p>Foto: John Inge Johansen \/ NRK<\/p>\n<p>Mannens forsvarere, advokatene J\u00f8rgen Riple og Rikke Arnesen, mener fengsel i 14\u201315 \u00e5r er riktig.<\/p>\n<p><img decoding=\"async\"   src=\"data:image\/gif;base64,R0lGODlhAQABAIAAAAAAAP\/\/\/yH5BAEAAAAALAAAAAABAAEAAAIBRAA7\" loading=\"eager\" alt=\"Advokat J\u00f8rgen Riple\" title=\"Foto: Oskar Rennedal \/ NRK\"\/><\/p>\n<p class=\"\">Advokat J\u00f8rgen Riple er forsvarer for mannen, sammen med advokat Rikke Arnesen.<\/p>\n<p>Foto: Oskar Rennedal \/ NRK<\/p>\n<p>For familien handler det n\u00e5 om \u00e5 bli ferdig med rettssaken. For den har vekket mange f\u00f8lelser.<\/p>\n<p>\u2013 Rettssaken har f\u00f8ltes som \u00e5 skulle begrave henne p\u00e5 nytt, sier Lisa Solberg og konstaterer:<\/p>\n<p>\u2013 Jeg kommer aldri til \u00e5 tilgi ham, men \u00e5 v\u00e6re sint p\u00e5 ham er ikke verdt det.<\/p>\n<p><strong>\u2013 Jeg klarer ikke \u00e5 f\u00f8le noe hat. For meg handler det om Tina. Jeg er n\u00f8dt til \u00e5 leve med sorgen over \u00e5 ha mistet min yngste datter, sier Kurt Solberg. <\/strong><\/p>\n<p><img decoding=\"async\"   src=\"data:image\/gif;base64,R0lGODlhAQABAIAAAAAAAP\/\/\/yH5BAEAAAAALAAAAAABAAEAAAIBRAA7\" loading=\"eager\" alt=\"Tina Solbergs grav \" title=\"Foto: Nina Kausland \/ NRK\"\/><\/p>\n<p>Foto: Nina Kausland \/ NRK<\/p>\n<p>    Hei<\/p>\n<p>Takk for at du leste saken. Har du tanker eller tips til denne saken, eller om noe annet?\u00a0<\/p>\n<p>Send meg gjerne en e-post: erica.kronheim@nrk.no\u00a0<\/p>\n","protected":false},"excerpt":{"rendered":"\u2013 Alltid i v\u00e5re hjerter. Tina-moren v\u00e5r. Foreldre skal ikke st\u00e5 p\u00e5 graven til sine barn. Likevel er&hellip;\n","protected":false},"author":2,"featured_media":124594,"comment_status":"","ping_status":"","sticky":false,"template":"","format":"standard","meta":{"footnotes":""},"categories":[10],"tags":[20,21,24,25,15,22,23,13,30,28,29,14,16,26,27],"class_list":{"0":"post-124593","1":"post","2":"type-post","3":"status-publish","4":"format-standard","5":"has-post-thumbnail","7":"category-norge","8":"tag-breaking-news","9":"tag-breakingnews","10":"tag-featured-news","11":"tag-featurednews","12":"tag-headlines","13":"tag-latest-news","14":"tag-latestnews","15":"tag-news","16":"tag-no","17":"tag-norge","18":"tag-norway","19":"tag-nyheter","20":"tag-overskrifter","21":"tag-top-stories","22":"tag-topstories"},"share_on_mastodon":{"url":"https:\/\/pubeurope.com\/@no\/115807935754246760","error":""},"_links":{"self":[{"href":"https:\/\/www.europesays.com\/no\/wp-json\/wp\/v2\/posts\/124593","targetHints":{"allow":["GET"]}}],"collection":[{"href":"https:\/\/www.europesays.com\/no\/wp-json\/wp\/v2\/posts"}],"about":[{"href":"https:\/\/www.europesays.com\/no\/wp-json\/wp\/v2\/types\/post"}],"author":[{"embeddable":true,"href":"https:\/\/www.europesays.com\/no\/wp-json\/wp\/v2\/users\/2"}],"replies":[{"embeddable":true,"href":"https:\/\/www.europesays.com\/no\/wp-json\/wp\/v2\/comments?post=124593"}],"version-history":[{"count":0,"href":"https:\/\/www.europesays.com\/no\/wp-json\/wp\/v2\/posts\/124593\/revisions"}],"wp:featuredmedia":[{"embeddable":true,"href":"https:\/\/www.europesays.com\/no\/wp-json\/wp\/v2\/media\/124594"}],"wp:attachment":[{"href":"https:\/\/www.europesays.com\/no\/wp-json\/wp\/v2\/media?parent=124593"}],"wp:term":[{"taxonomy":"category","embeddable":true,"href":"https:\/\/www.europesays.com\/no\/wp-json\/wp\/v2\/categories?post=124593"},{"taxonomy":"post_tag","embeddable":true,"href":"https:\/\/www.europesays.com\/no\/wp-json\/wp\/v2\/tags?post=124593"}],"curies":[{"name":"wp","href":"https:\/\/api.w.org\/{rel}","templated":true}]}}