{"id":124597,"date":"2025-12-30T10:06:08","date_gmt":"2025-12-30T10:06:08","guid":{"rendered":"https:\/\/www.europesays.com\/no\/124597\/"},"modified":"2025-12-30T10:06:08","modified_gmt":"2025-12-30T10:06:08","slug":"george-clooney-har-blitt-fransk-statsborger","status":"publish","type":"post","link":"https:\/\/www.europesays.com\/no\/124597\/","title":{"rendered":"George Clooney har blitt fransk statsborger"},"content":{"rendered":"\n<p class=\"_lead_o9xde_2 _lead_xtcu6_50 layout-component text-serif-m layout-normal text-serif-l layout-component layout-wide layout-padded _wide_17hqh_1 layout-padded\">Skuespilleren og familien har f\u00e5tt fransk statsborgerskap.<\/p>\n<p><img alt=\"George Clooney og kona Amal Alamuddin Clooney.  Foto: Alberto Pezzali \/ AP \/ NTB\" class=\"_image_qp4xg_65 layout-component layout-wide\" data-fullscreen- data-track-element-type=\"Article image fullscreen\" data-track-name=\"ImageFullscreen\" fetchpriority=\"high\" decoding=\"sync\" loading=\"eager\" height=\"2428\" itemprop=\"image\"  src=\"https:\/\/www.europesays.com\/no\/wp-content\/uploads\/2025\/12\/5c427183-dc51-4412-a17d-b176c4b39d70.png\"  style=\"object-position:0% 0%\" width=\"3238\"\/>George Clooney og kona Amal Alamuddin Clooney.  Foto: Alberto Pezzali \/ AP \/ NTB<\/p>\n<ul aria-hidden=\"true\" class=\"_images_ntbth_112\">\n<li><a class=\"_link_ntbth_117\" href=\"https:\/\/www.vg.no\/forfatter\/einar-torkelsen\" style=\"z-index:1\" title=\"Einar Torkelsen\" rel=\"nofollow noopener\" target=\"_blank\"><img alt=\"Bilde av Einar Torkelsen\" class=\"_image_ntbth_93\" fetchpriority=\"low\" loading=\"lazy\" decoding=\"async\" itemprop=\"image\"  src=\"https:\/\/www.europesays.com\/no\/wp-content\/uploads\/2025\/12\/1767089168_376_f6016772-ddbc-43d2-b733-41afc7cc9046.png\"  width=\"480\"\/><\/a><\/li>\n<\/ul>\n<p> Oppdatert tirsdag 30. desember kl. 10:47     <\/p>\n<p class=\"_paragraph_o9xde_4 _paragraph_xtcu6_10 layout-component text-serif-m layout-normal text-serif-m layout-padded\">Den amerikanske Hollywood-stjernen <a href=\"https:\/\/www.vg.no\/tag\/george-clooney?utm_source=vg-article&amp;utm_medium=auto-tagger&amp;utm_campaign=RjRQ5r\" class=\"_link_o9xde_39\" rel=\"nofollow noopener\" target=\"_blank\">George Clooney<\/a> har blitt fransk statsborger, viser offentlige dokumenter. Det skriver Reuters.<\/p>\n<p class=\"_paragraph_o9xde_4 _paragraph_xtcu6_10 layout-component text-serif-m layout-normal text-serif-m layout-padded\">Det har ogs\u00e5 kona hans, menneskerettighetsadvokaten Amal Alamuddin Clooney, og de to barna deres. <\/p>\n<p class=\"_paragraph_o9xde_4 _paragraph_xtcu6_10 layout-component text-serif-m layout-normal text-serif-m layout-padded\">Clooney har tidligere uttrykt bekymring rundt \u00e5 oppdra barna sine i Hollywood, skriver <a href=\"https:\/\/edition.cnn.com\/2025\/12\/29\/entertainment\/george-clooney-amal-french-citizenship-intl-hnk\" class=\"_link_o9xde_39\" rel=\"nofollow noopener\" target=\"_blank\">CNN<\/a>. <\/p>\n<p class=\"_paragraph_o9xde_4 _paragraph_xtcu6_10 layout-component text-serif-m layout-normal text-serif-m layout-padded\">Skuespilleren fortalte den franske kringkasteren RTL tidligere i desember at det var viktig for ham at barna han f\u00e5r muligheten til bo et sted de kan leve et normalt liv. <\/p>\n<p class=\"_paragraph_o9xde_4 _paragraph_xtcu6_10 layout-component text-serif-m layout-normal text-serif-m layout-padded\">\u2013 De tar ikke bilder av barn her. Det er ikke paparazzier ved skoleporten, sa Clooney. <\/p>\n<p>Ving\u00e5rd til 100 millioner<\/p>\n<p class=\"_paragraph_o9xde_4 _paragraph_xtcu6_10 layout-component text-serif-m layout-normal text-serif-m layout-padded\">Clooney eier en ving\u00e5rd i Frankrike, som han kj\u00f8pte i 2021. Prislappen var 9 millioner euro, omtrent 106 millioner kroner. <\/p>\n<p class=\"_paragraph_o9xde_4 _paragraph_xtcu6_10 layout-component text-serif-m layout-normal text-serif-m layout-padded\">\u2013 Vi har ogs\u00e5 et hus i USA, men v\u00e5rt lykkeligste sted er denne g\u00e5rden, der barna kan ha det g\u00f8y, sa Clooney. <\/p>\n<p><img alt=\"Clooney avbildet i november.   Foto: MICHAEL TRAN \/ AFP \/ NTB\" class=\"_image_qp4xg_65 layout-component layout-normal\" data-fullscreen- data-track-element-type=\"Article image fullscreen\" data-track-name=\"ImageFullscreen\" decoding=\"async\" loading=\"lazy\" height=\"2038\" itemprop=\"image\"  src=\"https:\/\/www.europesays.com\/no\/wp-content\/uploads\/2025\/12\/692c4c73-8b46-4092-80df-808375954d0b.jpeg\"  style=\"object-position:0% 0%\" width=\"3486\"\/>Clooney avbildet i november.   Foto: MICHAEL TRAN \/ AFP \/ NTB<\/p>\n<p class=\"_paragraph_o9xde_4 _paragraph_xtcu6_10 layout-component text-serif-m layout-normal text-serif-m layout-padded\">Familien har ogs\u00e5 et hus i England.<\/p>\n<p class=\"_paragraph_o9xde_4 _paragraph_xtcu6_10 layout-component text-serif-m layout-normal text-serif-m layout-padded\">I februar sa Clooney til <a href=\"https:\/\/www.nytimes.com\/2025\/02\/20\/theater\/george-clooney-broadway-good-night-good-luck.html\" class=\"_link_o9xde_39\" rel=\"nofollow noopener\" target=\"_blank\">New York Times<\/a> at ving\u00e5rden i Frankrike var prim\u00e6rboligen deres. <\/p>\n<p>\u2013 Kj\u00f8rer traktor<\/p>\n<p class=\"_paragraph_o9xde_4 _paragraph_xtcu6_10 layout-component text-serif-m layout-normal text-serif-m layout-padded\">\u2013 Da jeg vokste opp i Kentucky, var alt jeg ville \u00e5 komme meg bort fra en g\u00e5rd og bort fra det livet. N\u00e5 har jeg vendt tilbake til den livsstilen. Jeg kj\u00f8rer traktor og alt. Det er den beste sjansen for et normalt liv, sa han til avisen. <\/p>\n<p class=\"_paragraph_o9xde_4 _paragraph_xtcu6_10 layout-component text-serif-m layout-normal text-serif-m layout-padded\">Clooney har tidligere g\u00e5tt ut mot amerikanske medier og bedt dem om \u00e5 ikke vise bilder av dem, av hensyn til personvern og sikkerhet. <\/p>\n<p class=\"_paragraph_o9xde_4 _paragraph_xtcu6_10 layout-component text-serif-m layout-normal text-serif-m layout-padded\">I Frankrike er lover og regler knyttet til fotografering av privatpersoner strengere enn i USA, if\u00f8lge CNN. <\/p>\n","protected":false},"excerpt":{"rendered":"Skuespilleren og familien har f\u00e5tt fransk statsborgerskap. George Clooney og kona Amal Alamuddin Clooney. Foto: Alberto Pezzali \/&hellip;\n","protected":false},"author":2,"featured_media":124598,"comment_status":"","ping_status":"","sticky":false,"template":"","format":"standard","meta":{"footnotes":""},"categories":[12],"tags":[20,21,24,25,1244,8238,15,80,22,23,13,30,28,29,14,16,26,27,42,43,44,45],"class_list":{"0":"post-124597","1":"post","2":"type-post","3":"status-publish","4":"format-standard","5":"has-post-thumbnail","7":"category-verden","8":"tag-breaking-news","9":"tag-breakingnews","10":"tag-featured-news","11":"tag-featurednews","12":"tag-frankrike","13":"tag-george-clooney","14":"tag-headlines","15":"tag-hollywood","16":"tag-latest-news","17":"tag-latestnews","18":"tag-news","19":"tag-no","20":"tag-norge","21":"tag-norway","22":"tag-nyheter","23":"tag-overskrifter","24":"tag-top-stories","25":"tag-topstories","26":"tag-verden","27":"tag-world","28":"tag-world-news","29":"tag-worldnews"},"share_on_mastodon":{"url":"https:\/\/pubeurope.com\/@no\/115807963341658134","error":""},"_links":{"self":[{"href":"https:\/\/www.europesays.com\/no\/wp-json\/wp\/v2\/posts\/124597","targetHints":{"allow":["GET"]}}],"collection":[{"href":"https:\/\/www.europesays.com\/no\/wp-json\/wp\/v2\/posts"}],"about":[{"href":"https:\/\/www.europesays.com\/no\/wp-json\/wp\/v2\/types\/post"}],"author":[{"embeddable":true,"href":"https:\/\/www.europesays.com\/no\/wp-json\/wp\/v2\/users\/2"}],"replies":[{"embeddable":true,"href":"https:\/\/www.europesays.com\/no\/wp-json\/wp\/v2\/comments?post=124597"}],"version-history":[{"count":0,"href":"https:\/\/www.europesays.com\/no\/wp-json\/wp\/v2\/posts\/124597\/revisions"}],"wp:featuredmedia":[{"embeddable":true,"href":"https:\/\/www.europesays.com\/no\/wp-json\/wp\/v2\/media\/124598"}],"wp:attachment":[{"href":"https:\/\/www.europesays.com\/no\/wp-json\/wp\/v2\/media?parent=124597"}],"wp:term":[{"taxonomy":"category","embeddable":true,"href":"https:\/\/www.europesays.com\/no\/wp-json\/wp\/v2\/categories?post=124597"},{"taxonomy":"post_tag","embeddable":true,"href":"https:\/\/www.europesays.com\/no\/wp-json\/wp\/v2\/tags?post=124597"}],"curies":[{"name":"wp","href":"https:\/\/api.w.org\/{rel}","templated":true}]}}