{"id":124606,"date":"2025-12-30T10:14:15","date_gmt":"2025-12-30T10:14:15","guid":{"rendered":"https:\/\/www.europesays.com\/no\/124606\/"},"modified":"2025-12-30T10:14:15","modified_gmt":"2025-12-30T10:14:15","slug":"generasjon-100-vi-er-lykkelige-i-hverdagen","status":"publish","type":"post","link":"https:\/\/www.europesays.com\/no\/124606\/","title":{"rendered":"Generasjon 100: \u2013 Vi er lykkelige i hverdagen"},"content":{"rendered":"\n<p>Jarle Larsen  Deltaker i forskningsprosjektet Generasjon 100<\/p>\n<p>Publisert:<br \/>\n  30. desember 2025 kl. 09:49<br \/>\n  Oppdatert:<br \/>\n  30. desember 2025 kl. 09:49\n <\/p>\n<p>Dette er et debattinnlegg. Det gir uttrykk for debattantens egen holdning.<\/p>\n<p><strong>I 2012 startet<\/strong> et prosjekt ved NTNU som hadde til hensikt \u00e5 unders\u00f8ke om trening kunne bidra til et bedre og lengre liv. Prosjektet fikk navnet \u00abGenerasjon 100\u00bb, og det har blitt en internasjonal anerkjent studie.<\/p>\n<p>Alle kvinner og menn som var mellom 70 og 77 \u00e5r i 2012 og bosatt i Trondheim, ble invitert til \u00e5 delta i studien. Deltakerne ble inndelt i tre grupper, intensiv gruppe, moderat gruppe og kontrollgruppe. Vi i intensiv gruppe skulle ha intervalltrening 4&#215;4 minutter med h\u00f8y puls to ganger i uka. Noen av oss f\u00f8lte nok at det kunne bli i t\u00f8ffeste laget med slik trening, men ingen angrer i dag p\u00e5 at de kom i den gruppa. Vi er heller glade for det, tross mye svette og slit.<\/p>\n<p><img decoding=\"async\" src=\"data:image\/gif;base64,R0lGODlhEAAJAIAAAP\/\/\/wAAACH5BAEAAAAALAAAAAAQAAkAAAIKhI+py+0Po5yUFQA7\" alt=\"\"\/><br \/>\n  Jarle Larsen og flere av de han har trent sammen med i 13 \u00e5r.<br \/>\n  <strong>Foto:<\/strong> Ludvik H\u00f8laas Vang<\/p>\n<p><strong>Vi var cirka 40<\/strong> som m\u00f8tte opp fast for \u00e5 trene sammen, mens de fleste trente for seg selv. Etter treningen tok vi en kopp kaffe p\u00e5 et n\u00e6rliggende sted. Tung pust og svette ble byttet ut med kaffe og en god prat. Etter hvert som dagene og \u00e5rene gikk, bygde vi opp sterke sosiale relasjoner med hverandre. Ja, vi har opparbeidet et vennskap som alle verdsetter meget h\u00f8yt i dag.<\/p>\n<p>I tillegg til fellestreningen to ganger i uka, har vi blitt testet jevnlig i prosjektet, senest n\u00e5 i h\u00f8st, noe vi f\u00f8ler er betryggende. Prosjektledelsen har ogs\u00e5 v\u00e6rt flinke til \u00e5 melde tilbake om oppn\u00e5dde resultater i prosjektet samt informere om doktorgradsavhandlinger, som har brukt data innhentet i studien. Vi f\u00f8ler at innsatsen vi har gjort har gitt store gevinster for oss selv, men ogs\u00e5 for andre.<\/p>\n<p>  Generasjon 100 Vis mer \u2193 <\/p>\n<ul class=\"List\">\n<li>\n<p>En studie fra NTNU med m\u00e5l om \u00e5 finne ut om trening gir et lengre og friskere liv<\/p>\n<\/li>\n<li>\n<p>Studien startet opp i 2012<\/p>\n<\/li>\n<li>\n<p>1500 kvinner og menn i 70-\u00e5rene ble med<\/p>\n<\/li>\n<li>\n<p>I h\u00f8st ble det gjennomf\u00f8rt nye tester etter 13 \u00e5r<\/p>\n<\/li>\n<li>\n<p>S\u00e5 lagt er det publisert over 40 vitenskapelige artikler med data fra studien<\/p>\n<\/li>\n<li>\n<p>Studien viser at trening b\u00e5de med moderat og h\u00f8y intensitet utsetter mange av de fysiologiske endringene man normalt ser med aldring. H\u00f8yere intensitet gir noen flere fordeler<\/p>\n<\/li>\n<li>\n<p>Studien er den st\u00f8rste i sitt slag i hele verden<\/p>\n<\/li>\n<\/ul>\n<p><strong>Etter at prosjektet <\/strong>formelt ble avsluttet i 2018, har de som deltok p\u00e5 fellestreningen, fortsatt \u00e5 m\u00f8tes to ganger i uka. Intervalltreningen ble erstattet med rask gange p\u00e5 ulike stier i marka. I tillegg til trening har vi f\u00e5tt mange fine naturopplevelser.<\/p>\n<p>Det er ikke bare i prosjektet det er oppn\u00e5dd gode og viktige resultater, men vi deltakerne f\u00f8ler \u00e5 ha oppn\u00e5dd helsegevinster b\u00e5de fysisk og sosialt. Det er ingen som angrer p\u00e5 at de svarte ja til \u00e5 delta. Kondisjonen er like god som om vi var i 60-\u00e5rene.<\/p>\n<p>13 \u00e5rs intensiv trening gj\u00f8r at vi stort sett er lykkelige i hverdagen. Vi gj\u00f8r de daglige oppgavene uten problemer. Vi deltar i aktiviteter med familie og venner. Vi f\u00f8ler oss sunne og friske. Trening er god medisin og gj\u00f8r at vi f\u00e5r et liv der vi klarer oss selv.<\/p>\n<p><img decoding=\"async\" src=\"data:image\/gif;base64,R0lGODlhEAAJAIAAAP\/\/\/wAAACH5BAEAAAAALAAAAAAQAAkAAAIKhI+py+0Po5yUFQA7\" alt=\"\"\/><br \/>\n  Treningsgjengen f\u00f8r en tur til R\u00f8nningen.<br \/>\n  <strong>Foto:<\/strong> Andrea Hegdahl Tiltnes<\/p>\n<p><strong>I tillegg til det fysiske<\/strong> har treningen betydd mye for det sosiale livet i gruppa. I dag er vi 15\u201320 trimmere som fortsatt g\u00e5r tur sammen i rask gange hver tirsdag og torsdag. I pausen har vi kaffe og en god prat.<\/p>\n<p>Vi har blitt en fin vennegjeng som drar p\u00e5 turer sammen, har felles teateropplevelse, arrangerer julebord etc. Samholdet mellom oss gj\u00f8r at vi trener uansett v\u00e6r og vind, men har en grense nedad p\u00e5 minus 15.<\/p>\n<p>Mange sier de ikke har tid til \u00e5 trene, men med trening f\u00e5r du mer energi og faktisk mer tid, fordi du orker mer. Trening er viktig, men mange mangler en dypere forst\u00e5else av hvorfor det er viktig. Det skj\u00f8nner man n\u00e5r man merker effekten selv.<\/p>\n<p>Trening gir oss h\u00f8y livskvalitet og stor livsglede. Da er man lykkelig.<\/p>\n<p><strong>Hva mener du? Send inn din tekst til\u00a0<a href=\"https:\/\/www.adressa.no\/debatt\/i\/XMwXyr\/mailto:debatt@adresseavisen.no\" rel=\"noopener nofollow\" target=\"_blank\">debatt@adresseavisen.no<\/a>\u00a0<\/strong>eller delta i debatten i kommentarfeltet nederst \u2013 og husk fullt navn!<\/p>\n","protected":false},"excerpt":{"rendered":"Jarle Larsen Deltaker i forskningsprosjektet Generasjon 100 Publisert: 30. desember 2025 kl. 09:49 Oppdatert: 30. desember 2025 kl.&hellip;\n","protected":false},"author":2,"featured_media":124607,"comment_status":"","ping_status":"","sticky":false,"template":"","format":"standard","meta":{"footnotes":""},"categories":[10],"tags":[14403,20,21,37,4070,24,25,2885,4294,14717,14716,15,736,22,23,7577,13,30,28,29,1567,14,16,3897,26,27,723,14718,596,69],"class_list":{"0":"post-124606","1":"post","2":"type-post","3":"status-publish","4":"format-standard","5":"has-post-thumbnail","7":"category-norge","8":"tag-bedreliv","9":"tag-breaking-news","10":"tag-breakingnews","11":"tag-debatt","12":"tag-eldre","13":"tag-featured-news","14":"tag-featurednews","15":"tag-forskning","16":"tag-fysisk-aktivitet","17":"tag-generasjon","18":"tag-generasjon-100","19":"tag-headlines","20":"tag-helse","21":"tag-latest-news","22":"tag-latestnews","23":"tag-livskvalitet","24":"tag-news","25":"tag-no","26":"tag-norge","27":"tag-norway","28":"tag-ntnu","29":"tag-nyheter","30":"tag-overskrifter","31":"tag-studier","32":"tag-top-stories","33":"tag-topstories","34":"tag-trening","35":"tag-trim","36":"tag-trondheim","37":"tag-vitenskap"},"share_on_mastodon":{"url":"https:\/\/pubeurope.com\/@no\/115807994722248770","error":""},"_links":{"self":[{"href":"https:\/\/www.europesays.com\/no\/wp-json\/wp\/v2\/posts\/124606","targetHints":{"allow":["GET"]}}],"collection":[{"href":"https:\/\/www.europesays.com\/no\/wp-json\/wp\/v2\/posts"}],"about":[{"href":"https:\/\/www.europesays.com\/no\/wp-json\/wp\/v2\/types\/post"}],"author":[{"embeddable":true,"href":"https:\/\/www.europesays.com\/no\/wp-json\/wp\/v2\/users\/2"}],"replies":[{"embeddable":true,"href":"https:\/\/www.europesays.com\/no\/wp-json\/wp\/v2\/comments?post=124606"}],"version-history":[{"count":0,"href":"https:\/\/www.europesays.com\/no\/wp-json\/wp\/v2\/posts\/124606\/revisions"}],"wp:featuredmedia":[{"embeddable":true,"href":"https:\/\/www.europesays.com\/no\/wp-json\/wp\/v2\/media\/124607"}],"wp:attachment":[{"href":"https:\/\/www.europesays.com\/no\/wp-json\/wp\/v2\/media?parent=124606"}],"wp:term":[{"taxonomy":"category","embeddable":true,"href":"https:\/\/www.europesays.com\/no\/wp-json\/wp\/v2\/categories?post=124606"},{"taxonomy":"post_tag","embeddable":true,"href":"https:\/\/www.europesays.com\/no\/wp-json\/wp\/v2\/tags?post=124606"}],"curies":[{"name":"wp","href":"https:\/\/api.w.org\/{rel}","templated":true}]}}