{"id":124612,"date":"2025-12-30T10:20:38","date_gmt":"2025-12-30T10:20:38","guid":{"rendered":"https:\/\/www.europesays.com\/no\/124612\/"},"modified":"2025-12-30T10:20:38","modified_gmt":"2025-12-30T10:20:38","slug":"rekordmange-drap-i-israels-arabiske-samfunn","status":"publish","type":"post","link":"https:\/\/www.europesays.com\/no\/124612\/","title":{"rendered":"Rekordmange drap i Israels arabiske samfunn"},"content":{"rendered":"<p>2025 ble det d\u00f8deligste \u00e5ret som noensinne er registrert i det arabiske samfunnet i Israel, if\u00f8lge en rapport fra organisasjonen Abraham-initiativet.<\/p>\n<p>Abraham-initiativet er en ideell organisasjon med base i Lod i Israel, New York og London. M\u00e5let deres er \u00e5 fremme like rettigheter og sameksistens mellom Israels j\u00f8diske og arabiske befolkning, if\u00f8lge organisasjonens egne nettsider.<\/p>\n<p>De siste ti \u00e5rene har det v\u00e6rt en b\u00f8lge av drap innad i det arabiske samfunnet i Israel. Det dreier seg ofte om konflikter mellom kriminelle organisasjoner, klaner og familier, men ogs\u00e5 uskyldige mennesker er blitt fanget i kryssilden.<\/p>\n<p>Det er ogs\u00e5 utfordringer i det arabiske samfunnet med vold mot kvinner.<\/p>\n<p>Det ble i 2025 rapportert om 23 drap p\u00e5 israelsk-arabiske kvinner. Noen ble utsatt for partnerdrap, andre ble ofre for kriminelle oppgj\u00f8r eller hevndrap.<\/p>\n<p>Til tross for at israelske myndigheter har <a href=\"https:\/\/miff.no\/arabere-i-israel\/2021\/09\/22hundrevis-av-nye-politifolk-skal-stanse-voldsbolgen-i-det-arabiske-samfunnet.htm\" rel=\"nofollow noopener\" target=\"_blank\">fors\u00f8kt \u00e5 bekjempe<\/a> voldsb\u00f8lgen i det arabiske samfunnet, s\u00e5 har det g\u00e5tt fra 64 drap i 2015 til 252 drap i \u00e5r. En \u00f8kning p\u00e5 300 prosent. I 2021 passerte man for f\u00f8rste gang <a href=\"https:\/\/miff.no\/arabere-i-israel\/2021\/10\/18100-drap-i-det-arabiske-samfunnet-sa-langt-i-ar.htm\" rel=\"nofollow noopener\" target=\"_blank\">100 drap i \u00e5ret<\/a>.<\/p>\n<p>I fjor ble 230 israelske arabere drept. De mange drapene har f\u00f8rt til en f\u00f8lelse av utrygghet hos mange av Israels to millioner arabiske innbyggere. Abraham-initiativet mener myndighetene m\u00e5 gj\u00f8re mer for \u00e5 bekjempe kriminaliteten.<\/p>\n<p>\u2013 De familiene som har mistet sine kj\u00e6re fortsetter \u00e5 slite med sorgen sin. I tillegg til den f\u00f8lelsesmessige smerten som tapet for\u00e5rsaker, opplever de ogs\u00e5 ofte mangel p\u00e5 st\u00f8tte og respons fra myndighetene, sier de i en uttalelse.<\/p>\n<p>I \u00e5r er 88 prosent av ofrene blitt drept med skytev\u00e5pen. Abraham-initiativet mener det viser hvor farlig og lett tilgjengelig skytev\u00e5pen er. Over 72 prosent av de drepte var mellom 18 og 40 \u00e5r og over halvparten var mellom 18 og 30 \u00e5r.<\/p>\n<p>H\u00f8yest antall drap ble registrert i Lod sentralt i Israel, mens det var nest flest drap i Nasaret i Nord-Israel. Ogs\u00e5 i Rahat i s\u00f8r er det registrert mange drap.<\/p>\n<p>Mange har kritisert Israels sikkerhetsminister Itamar Ben-Gvir for \u00e5 ikke gj\u00f8re nok med voldsb\u00f8lgen. Siden han ble sikkerhetsminister i 2023 har antallet drap i det arabiske samfunnet doblet seg. Mange av drapene forblir ogs\u00e5 ul\u00f8ste.<\/p>\n<p>I l\u00f8pet av 2025 har bare 15 prosent av drapssakene i det arabiske samfunnet blitt oppklart og gjerningspersonene blitt tiltalt, <a href=\"https:\/\/www.haaretz.com\/israel-news\/2025-12-24\/ty-article\/.premium\/ben-gvir-ministry-used-half-of-crime-fighting-budget-for-arab-society-as-murder-rate-soars\/0000019b-5012-d169-a9bb-d6dea0a00000\" rel=\"nofollow noopener\" target=\"_blank\">skriver avisen Ha\u2019aretz<\/a>.<\/p>\n","protected":false},"excerpt":{"rendered":"2025 ble det d\u00f8deligste \u00e5ret som noensinne er registrert i det arabiske samfunnet i Israel, if\u00f8lge en rapport&hellip;\n","protected":false},"author":2,"featured_media":124613,"comment_status":"","ping_status":"","sticky":false,"template":"","format":"standard","meta":{"footnotes":""},"categories":[12],"tags":[20,21,377,24,25,15,14719,148,22,23,13,30,28,29,14,16,26,27,42,43,44,45],"class_list":{"0":"post-124612","1":"post","2":"type-post","3":"status-publish","4":"format-standard","5":"has-post-thumbnail","7":"category-verden","8":"tag-breaking-news","9":"tag-breakingnews","10":"tag-drap","11":"tag-featured-news","12":"tag-featurednews","13":"tag-headlines","14":"tag-itamar-ben-gvir","15":"tag-kriminalitet","16":"tag-latest-news","17":"tag-latestnews","18":"tag-news","19":"tag-no","20":"tag-norge","21":"tag-norway","22":"tag-nyheter","23":"tag-overskrifter","24":"tag-top-stories","25":"tag-topstories","26":"tag-verden","27":"tag-world","28":"tag-world-news","29":"tag-worldnews"},"share_on_mastodon":{"url":"https:\/\/pubeurope.com\/@no\/115808018326044957","error":""},"_links":{"self":[{"href":"https:\/\/www.europesays.com\/no\/wp-json\/wp\/v2\/posts\/124612","targetHints":{"allow":["GET"]}}],"collection":[{"href":"https:\/\/www.europesays.com\/no\/wp-json\/wp\/v2\/posts"}],"about":[{"href":"https:\/\/www.europesays.com\/no\/wp-json\/wp\/v2\/types\/post"}],"author":[{"embeddable":true,"href":"https:\/\/www.europesays.com\/no\/wp-json\/wp\/v2\/users\/2"}],"replies":[{"embeddable":true,"href":"https:\/\/www.europesays.com\/no\/wp-json\/wp\/v2\/comments?post=124612"}],"version-history":[{"count":0,"href":"https:\/\/www.europesays.com\/no\/wp-json\/wp\/v2\/posts\/124612\/revisions"}],"wp:featuredmedia":[{"embeddable":true,"href":"https:\/\/www.europesays.com\/no\/wp-json\/wp\/v2\/media\/124613"}],"wp:attachment":[{"href":"https:\/\/www.europesays.com\/no\/wp-json\/wp\/v2\/media?parent=124612"}],"wp:term":[{"taxonomy":"category","embeddable":true,"href":"https:\/\/www.europesays.com\/no\/wp-json\/wp\/v2\/categories?post=124612"},{"taxonomy":"post_tag","embeddable":true,"href":"https:\/\/www.europesays.com\/no\/wp-json\/wp\/v2\/tags?post=124612"}],"curies":[{"name":"wp","href":"https:\/\/api.w.org\/{rel}","templated":true}]}}