{"id":124616,"date":"2025-12-30T10:22:51","date_gmt":"2025-12-30T10:22:51","guid":{"rendered":"https:\/\/www.europesays.com\/no\/124616\/"},"modified":"2025-12-30T10:22:51","modified_gmt":"2025-12-30T10:22:51","slug":"julesnakk-endte-pa-intensiven-veldig-spesiell-julaften","status":"publish","type":"post","link":"https:\/\/www.europesays.com\/no\/124616\/","title":{"rendered":"\u00abJulesnakk\u00bb: Endte p\u00e5 intensiven: &#8211; Veldig spesiell julaften"},"content":{"rendered":"<p>Skuespiller Ine Jansen (52) er for tiden aktuell med en ny sesong av humorserien <a href=\"https:\/\/www.tv2.no\/underholdning\/debuterer-som-skuespiller-en-drom\/17302838\/\" rel=\"nofollow noopener\" target=\"_blank\">\u00abHelt Perfekt\u00bb p\u00e5 TV 2.<\/a><\/p>\n<p>Etter 12 sesonger og 124 episoder var det i 2022 slutt for\u00a0\u00abHelt perfekt\u00bb, med Thomas Giertsen (54), Jon \u00d8igarden (54) og Jansen i spissen.\u00a0<\/p>\n<p>S\u00f8ndag gjorde trioen comeback p\u00e5 skjermen.<\/p>\n<p>        <img class=\"image__img lazyload\" itemprop=\"image\" title=\"Foto: Espen Solli \/ TV 2\" alt=\"KOLLEGAER: Ine Jansen sammen med \u00abHelt Perfekt\u00bb-kollega Thomas Giertsen, og Alexandra Joner som spiller en sentral rolle i den nye sesongen. Foto: Espen Solli \/ TV 2\" width=\"978\" height=\"551\" bad-src=\"https:\/\/www.europesays.com\/no\/wp-content\/uploads\/2025\/12\/18399342.webp.jpeg\" fetchpriority=\"auto\" \/><\/p>\n<p>      KOLLEGAER: Ine Jansen sammen med \u00abHelt Perfekt\u00bb-kollega Thomas Giertsen, og Alexandra Joner som spiller en sentral rolle i den nye sesongen.<br \/>\n         Foto: Espen Solli \/ TV 2<\/p>\n<p>TV 2 m\u00f8tte Jansen p\u00e5 pressetreffet for den nye sesongen, hvor hun fortalte om alt fra hvem hun savner i h\u00f8ytiden til det hun helst vil legge bak seg i 2025 \u2013 og om den dramatiske julen da hun f\u00f8dte p\u00e5 intensiven.<\/p>\n<p>\u2013 Hva skal du i julen?<\/p>\n<p>\u2013 Jeg skal v\u00e6re hjemme sammen med familien min. Det gleder jeg meg til.\u00a0<\/p>\n<p>\n\u2013 Hva klarer du deg ikke uten, om du skal ha en riktig god jul?<\/p>\n<p>\u2013 Vi har ikke l\u00e5st oss fast p\u00e5 hva vi spiser, det er litt forskjellig fra \u00e5r til \u00e5r hva vi spiser. Jeg m\u00e5 ha de hyggelige menneskene mine rundt meg.\u00a0<\/p>\n<p>\n\u2013 Savner du noen kj\u00e6re i jula?<\/p>\n<p>\u2013 Ja, faren min gikk bort for noen \u00e5r siden, s\u00e5 jeg savner selvf\u00f8lgelig han.\u00a0<\/p>\n<p>\n\u2013 Hvem kunne du ikke tenke deg \u00e5 feire uten?<\/p>\n<p>\u2013 Familien min.\u00a0<\/p>\n<p>\n\u2013 Hva er den rareste\/mest spesielle\/mest dramatiske julen du har hatt?<\/p>\n<p>        <img class=\"image__img lazyload\" itemprop=\"image\" title=\"Foto: Odd Arne Hartvigsen \/ TV 2\" alt=\"PRESSETREFF: TV 2 m\u00f8tte Ine Jansen og resten av gjengen fra \u00abHelt Perfekt\u00bb p\u00e5 pressetreff for den nye sesongen. Foto: Odd Arne Hartvigsen \/ TV 2\" width=\"978\" height=\"551\" bad-src=\"https:\/\/www.europesays.com\/no\/wp-content\/uploads\/2025\/12\/18399223.webp.jpeg\" fetchpriority=\"auto\" \/><\/p>\n<p>      PRESSETREFF: TV 2 m\u00f8tte Ine Jansen og resten av gjengen fra \u00abHelt Perfekt\u00bb p\u00e5 pressetreff for den nye sesongen.<br \/>\n         Foto: Odd Arne Hartvigsen \/ TV 2<\/p>\n<p>\u2013 Det m\u00e5 v\u00e6re da jeg f\u00f8dte p\u00e5 intensiven. Det var en desember jeg f\u00f8dte tvillingene mine veldig for tidlig. Da ble det julaften p\u00e5 intensivavdelingen. Den var spesiell, men den var ogs\u00e5 veldig fin. Jeg husker ikke hva slags mat vi spiste, jeg husker bare at de kom og at det var veldig fint.\u00a0<\/p>\n<p>\n\u2013 Hva er den verste julegaven du har f\u00e5tt?<\/p>\n<p>\u2013 Jeg husker ikke s\u00e5nne ting, men s\u00e5nn julegavemessig er vi enige hos oss at vi toner det litt ned, s\u00e5 det er ikke s\u00e5 mange julegaver igjen. Og det er jeg veldig forn\u00f8yd med!\u00a0<\/p>\n<p>\n\u2013Hva tenker du om det \u00f8konomiske presset mange kjenner p\u00e5 i forbindelse med julegaver?<\/p>\n<p>\u2013 Jeg synes vi skal ratte ned kraftig, alle mann \u2013 virkelig. Det er ikke alt man trenger som man f\u00e5r til jul heller, opplever jeg.<\/p>\n<p>\n\u2013 Hva har v\u00e6rt det beste med dette \u00e5ret?<\/p>\n<p>\u2013 Jeg synes det har v\u00e6rt et vanskelig \u00e5r, i verden. Men noe av det beste har v\u00e6rt \u00e5 jobbe med \u00abHelt perfekt\u00bb igjen.\u00a0<\/p>\n<p class=\"italic m-italic\" data-lab-italic=\"italic\">\u2013 Hva er du klar for \u00e5 legge bak deg etter i \u00e5r?<\/p>\n<p>\u2013 Krig.\u00a0<\/p>\n","protected":false},"excerpt":{"rendered":"Skuespiller Ine Jansen (52) er for tiden aktuell med en ny sesong av humorserien \u00abHelt Perfekt\u00bb p\u00e5 TV&hellip;\n","protected":false},"author":2,"featured_media":124617,"comment_status":"","ping_status":"","sticky":false,"template":"","format":"standard","meta":{"footnotes":""},"categories":[5],"tags":[20,21,24,25,15,19,22,23,17,18,13,30,28,29,14,16,26,27],"class_list":{"0":"post-124616","1":"post","2":"type-post","3":"status-publish","4":"format-standard","5":"has-post-thumbnail","7":"category-overskrifter","8":"tag-breaking-news","9":"tag-breakingnews","10":"tag-featured-news","11":"tag-featurednews","12":"tag-headlines","13":"tag-hovedoppslag","14":"tag-latest-news","15":"tag-latestnews","16":"tag-main-news","17":"tag-mainnews","18":"tag-news","19":"tag-no","20":"tag-norge","21":"tag-norway","22":"tag-nyheter","23":"tag-overskrifter","24":"tag-top-stories","25":"tag-topstories"},"share_on_mastodon":{"url":"https:\/\/pubeurope.com\/@no\/115808030090885117","error":""},"_links":{"self":[{"href":"https:\/\/www.europesays.com\/no\/wp-json\/wp\/v2\/posts\/124616","targetHints":{"allow":["GET"]}}],"collection":[{"href":"https:\/\/www.europesays.com\/no\/wp-json\/wp\/v2\/posts"}],"about":[{"href":"https:\/\/www.europesays.com\/no\/wp-json\/wp\/v2\/types\/post"}],"author":[{"embeddable":true,"href":"https:\/\/www.europesays.com\/no\/wp-json\/wp\/v2\/users\/2"}],"replies":[{"embeddable":true,"href":"https:\/\/www.europesays.com\/no\/wp-json\/wp\/v2\/comments?post=124616"}],"version-history":[{"count":0,"href":"https:\/\/www.europesays.com\/no\/wp-json\/wp\/v2\/posts\/124616\/revisions"}],"wp:featuredmedia":[{"embeddable":true,"href":"https:\/\/www.europesays.com\/no\/wp-json\/wp\/v2\/media\/124617"}],"wp:attachment":[{"href":"https:\/\/www.europesays.com\/no\/wp-json\/wp\/v2\/media?parent=124616"}],"wp:term":[{"taxonomy":"category","embeddable":true,"href":"https:\/\/www.europesays.com\/no\/wp-json\/wp\/v2\/categories?post=124616"},{"taxonomy":"post_tag","embeddable":true,"href":"https:\/\/www.europesays.com\/no\/wp-json\/wp\/v2\/tags?post=124616"}],"curies":[{"name":"wp","href":"https:\/\/api.w.org\/{rel}","templated":true}]}}