{"id":124620,"date":"2025-12-30T10:28:20","date_gmt":"2025-12-30T10:28:20","guid":{"rendered":"https:\/\/www.europesays.com\/no\/124620\/"},"modified":"2025-12-30T10:28:20","modified_gmt":"2025-12-30T10:28:20","slug":"innvandring-senterpartiet-vedum-mener-innvandring-truer-velferdsstaten","status":"publish","type":"post","link":"https:\/\/www.europesays.com\/no\/124620\/","title":{"rendered":"Innvandring, Senterpartiet | Vedum mener innvandring truer velferdsstaten"},"content":{"rendered":"\n<p>Vedum sier til Klassekampen at venstresiden lenge har tatt feil i innvandringsdebatten, fordi de etter hans syn ikke har forst\u00e5tt at en stram innvandringspolitikk henger tett sammen med hvor egalit\u00e6rt og raust samfunnet er p\u00e5 andre omr\u00e5der.<\/p>\n<p>\u2013 Dersom du er en liberalist og ikke \u00f8nsker noen velferdsstat, kan du v\u00e6re for fri innvandring. Men dersom du \u00f8nsker en velferdsstat og sm\u00e5 forskjeller, m\u00e5 du ogs\u00e5 v\u00e6re opptatt av innvandring, sier leder for Senterpartiet (Sp) til <a href=\"https:\/\/klassekampen.no\/artikkel\/2025-12-30\/meiner-innvandring-trugar-velferdsstaten\" rel=\"nofollow noopener\" target=\"_blank\">Klassekampen<\/a>.<\/p>\n<p><b>Les ogs\u00e5: <a class=\"simple-relation related-teaser article--c-eRUmMG article--c-eRUmMG-fZoQSp-design-nettavisen article--c-eRUmMG-gwthdJ-cv\" href=\"https:\/\/www.nettavisen.no\/frp-fosser-fram-blant-kvinner-knuser-myten-om-at-vi-bare-er-et-mannsparti\/s\/5-95-2798843\" rel=\"nofollow noopener\" target=\"_blank\">Frp fosser fram blant kvinner: \u2013 Knuser myten om at vi bare er et mannsparti<\/a><\/b><\/p>\n<p>Vedum sier han er inspirert av den venstreradikale professoren og stortingsrepresentanten for SV, Ottar Brox, i innvandringsdebatten.<\/p>\n<p>\u2013 Brox skj\u00f8nte at det er vi som \u00f8nsker et samfunn med sm\u00e5 forskjeller som m\u00e5 ta innvandring mest p\u00e5 alvor. H\u00f8y innvandring f\u00f8rer til mer fattigdom og forskjeller i samfunnet, og rause velferdsordninger gj\u00f8r at mange har lyst til \u00e5 komme til Norge for \u00e5 f\u00e5 et bedre liv, sier Vedum.<\/p>\n<p>\u2013 Det er ikke rart, men om velferdssamfunnet skal v\u00e6re b\u00e6rekraftig, m\u00e5 vi regulere innvandring.<\/p>\n<p>    Vil du se neste video?<\/p>\n<p>    <a href=\"https:\/\/www.nettavisen.no\/nyheter\/usas-president-donald-trump-med-alvorlig-trussel-blir-det-siste-han-gjor\/v\/5-95-2796322\" class=\"recommend-poster\" data-adp-clicklabel=\"video-recommend\" data-adp-clickvalue=\"poster\" rel=\"nofollow noopener\" target=\"_blank\"><br \/>\n      <img decoding=\"async\" width=\"200\" height=\"200\" loading=\"lazy\" src=\"https:\/\/www.europesays.com\/no\/wp-content\/uploads\/2025\/12\/Trump+til+cue+2.jpg\" alt=\"\" class=\"brick-c-cFOWSL\" style=\"--brick-image-ratio: 200 \/ 200;\"\/><\/p>\n<p>Trump med alvorlig trussel: \u2013 Blir det siste han gj\u00f8r0:53<\/p>\n<p>    <\/a><\/p>\n<p>(\u00a9NTB)<\/p>\n","protected":false},"excerpt":{"rendered":"Vedum sier til Klassekampen at venstresiden lenge har tatt feil i innvandringsdebatten, fordi de etter hans syn ikke&hellip;\n","protected":false},"author":2,"featured_media":124621,"comment_status":"","ping_status":"","sticky":false,"template":"","format":"standard","meta":{"footnotes":""},"categories":[10],"tags":[20,21,24,25,15,22,23,13,30,28,29,14,16,26,27],"class_list":{"0":"post-124620","1":"post","2":"type-post","3":"status-publish","4":"format-standard","5":"has-post-thumbnail","7":"category-norge","8":"tag-breaking-news","9":"tag-breakingnews","10":"tag-featured-news","11":"tag-featurednews","12":"tag-headlines","13":"tag-latest-news","14":"tag-latestnews","15":"tag-news","16":"tag-no","17":"tag-norge","18":"tag-norway","19":"tag-nyheter","20":"tag-overskrifter","21":"tag-top-stories","22":"tag-topstories"},"share_on_mastodon":{"url":"https:\/\/pubeurope.com\/@no\/115808049705799484","error":""},"_links":{"self":[{"href":"https:\/\/www.europesays.com\/no\/wp-json\/wp\/v2\/posts\/124620","targetHints":{"allow":["GET"]}}],"collection":[{"href":"https:\/\/www.europesays.com\/no\/wp-json\/wp\/v2\/posts"}],"about":[{"href":"https:\/\/www.europesays.com\/no\/wp-json\/wp\/v2\/types\/post"}],"author":[{"embeddable":true,"href":"https:\/\/www.europesays.com\/no\/wp-json\/wp\/v2\/users\/2"}],"replies":[{"embeddable":true,"href":"https:\/\/www.europesays.com\/no\/wp-json\/wp\/v2\/comments?post=124620"}],"version-history":[{"count":0,"href":"https:\/\/www.europesays.com\/no\/wp-json\/wp\/v2\/posts\/124620\/revisions"}],"wp:featuredmedia":[{"embeddable":true,"href":"https:\/\/www.europesays.com\/no\/wp-json\/wp\/v2\/media\/124621"}],"wp:attachment":[{"href":"https:\/\/www.europesays.com\/no\/wp-json\/wp\/v2\/media?parent=124620"}],"wp:term":[{"taxonomy":"category","embeddable":true,"href":"https:\/\/www.europesays.com\/no\/wp-json\/wp\/v2\/categories?post=124620"},{"taxonomy":"post_tag","embeddable":true,"href":"https:\/\/www.europesays.com\/no\/wp-json\/wp\/v2\/tags?post=124620"}],"curies":[{"name":"wp","href":"https:\/\/api.w.org\/{rel}","templated":true}]}}