{"id":124622,"date":"2025-12-30T10:35:11","date_gmt":"2025-12-30T10:35:11","guid":{"rendered":"https:\/\/www.europesays.com\/no\/124622\/"},"modified":"2025-12-30T10:35:11","modified_gmt":"2025-12-30T10:35:11","slug":"spleis-ble-redningen-for-nyttarsfeiring-vi-far-det-til-sammen-haugesunds-avis","status":"publish","type":"post","link":"https:\/\/www.europesays.com\/no\/124622\/","title":{"rendered":"Spleis ble redningen for nytt\u00e5rsfeiring: \u2013 Vi f\u00e5r det til sammen &#8211; Haugesunds Avis"},"content":{"rendered":"<ol>\n<li><a href=\"https:\/\/news.google.com\/rss\/articles\/CBMinwFBVV95cUxPWjhNRm40UFY4aF9zeTJxRTVqLUxnUDNJaWxYR0JDbmZDMEpMa1lKZFA3UGEwSWtTLW9pOEtQZElzZDhtU000ajBhNnFhODBaaUR3X20yRWlTb3pUUVc3Yk85R2Z6clpHdTdXRU5WX0RGVEFyckVVR3RYRGRxZXNybzZVYlFKQjNMVHFJMmJXWVhIWThGM0twQlliNWtMdk0?oc=5\" target=\"_blank\" rel=\"nofollow noopener\">Spleis ble redningen for nytt\u00e5rsfeiring: \u2013 Vi f\u00e5r det til sammen<\/a>&nbsp;&nbsp;Haugesunds Avis<\/li>\n<li><a href=\"https:\/\/news.google.com\/rss\/articles\/CBMiP0FVX3lxTE5uTktka0FGVFNfNU16dUpPdTNScTBUd2pwdEFvVDU0Q1d4a1RROEVPaDJfWENSQ25CNFlXV05nVQ?oc=5\" target=\"_blank\" rel=\"nofollow noopener\">Dette m\u00e5 du vite hvis du skal v\u00e6re i Bergen p\u00e5 nytt\u00e5rsaften<\/a>&nbsp;&nbsp;Bergens Tidende<\/li>\n<li><a href=\"https:\/\/news.google.com\/rss\/articles\/CBMijgFBVV95cUxNUEtKb3JIcm1WbWljeXJUNXowZzhDMm1QbmZlVk82U0w5cWpCZDBIUktVZXdidGpOMVNJZWFBZVBaaGJLOGQyZjUxODRGNFNzd1g4bTh6bkIyWDh6ZTZ3S20wUnBMekItSTR6NkZuRG5pODIwdVdseVY0dm51Z0pwUF9aN0NBZ2NUQXlEbFln?oc=5\" target=\"_blank\" rel=\"nofollow noopener\">Slik ligg det an med fellesfyrverkeria<\/a>&nbsp;&nbsp;vestlandsnytt.no<\/li>\n<li><a href=\"https:\/\/news.google.com\/rss\/articles\/CBMidkFVX3lxTE5XZTJaQ2Fva19fX3RUazRwak1MdU1LaVNJd2doNTh4ZDBTM19Eb19RdEx0VnJKMHVKMVdvS2s1WHVuYVI2VTlYOGd4M0Z2c3N5UTloMFI2bGprUmx0akJKU285UFFMWDlGWU14UUExQ0prcTZiQ1E?oc=5\" target=\"_blank\" rel=\"nofollow noopener\">\u2013 For meg var noe av motivasjonen bak felles fyrverkeri \u00e5 begrense privat oppskyting<\/a>&nbsp;&nbsp;banett.no<\/li>\n<li><a href=\"https:\/\/news.google.com\/rss\/articles\/CBMiiAFBVV95cUxNZlozMlg0MmZ2aXdzVE1MVVRiNzVDT3Q5MzNGb2Z5d3FTa2dhWkwxUDFiLTNSZUZkOE1aZk9aN3ZXTWt1YjQ1bFplbVFSQ1RzbVhzQ19nVmlsVHVGZVJCd3l1NzB2Y21wWlRCWWJ6b0dJTHdPRzhMS1VmcW1WdTJwYTEyTnIyN29a?oc=5\" target=\"_blank\" rel=\"nofollow noopener\">Manglar framleis pengar til fyrverkeri<\/a>&nbsp;&nbsp;vikebladet.no<\/li>\n<\/ol>\n","protected":false},"excerpt":{"rendered":"Spleis ble redningen for nytt\u00e5rsfeiring: \u2013 Vi f\u00e5r det til sammen&nbsp;&nbsp;Haugesunds Avis Dette m\u00e5 du vite hvis du&hellip;\n","protected":false},"author":2,"featured_media":124623,"comment_status":"","ping_status":"","sticky":false,"template":"","format":"standard","meta":{"footnotes":""},"categories":[10],"tags":[20,21,24,25,15,22,23,13,30,28,29,14,16,26,27],"class_list":{"0":"post-124622","1":"post","2":"type-post","3":"status-publish","4":"format-standard","5":"has-post-thumbnail","7":"category-norge","8":"tag-breaking-news","9":"tag-breakingnews","10":"tag-featured-news","11":"tag-featurednews","12":"tag-headlines","13":"tag-latest-news","14":"tag-latestnews","15":"tag-news","16":"tag-no","17":"tag-norge","18":"tag-norway","19":"tag-nyheter","20":"tag-overskrifter","21":"tag-top-stories","22":"tag-topstories"},"share_on_mastodon":{"url":"https:\/\/pubeurope.com\/@no\/115808077305520055","error":""},"_links":{"self":[{"href":"https:\/\/www.europesays.com\/no\/wp-json\/wp\/v2\/posts\/124622","targetHints":{"allow":["GET"]}}],"collection":[{"href":"https:\/\/www.europesays.com\/no\/wp-json\/wp\/v2\/posts"}],"about":[{"href":"https:\/\/www.europesays.com\/no\/wp-json\/wp\/v2\/types\/post"}],"author":[{"embeddable":true,"href":"https:\/\/www.europesays.com\/no\/wp-json\/wp\/v2\/users\/2"}],"replies":[{"embeddable":true,"href":"https:\/\/www.europesays.com\/no\/wp-json\/wp\/v2\/comments?post=124622"}],"version-history":[{"count":0,"href":"https:\/\/www.europesays.com\/no\/wp-json\/wp\/v2\/posts\/124622\/revisions"}],"wp:featuredmedia":[{"embeddable":true,"href":"https:\/\/www.europesays.com\/no\/wp-json\/wp\/v2\/media\/124623"}],"wp:attachment":[{"href":"https:\/\/www.europesays.com\/no\/wp-json\/wp\/v2\/media?parent=124622"}],"wp:term":[{"taxonomy":"category","embeddable":true,"href":"https:\/\/www.europesays.com\/no\/wp-json\/wp\/v2\/categories?post=124622"},{"taxonomy":"post_tag","embeddable":true,"href":"https:\/\/www.europesays.com\/no\/wp-json\/wp\/v2\/tags?post=124622"}],"curies":[{"name":"wp","href":"https:\/\/api.w.org\/{rel}","templated":true}]}}