{"id":124624,"date":"2025-12-30T10:38:15","date_gmt":"2025-12-30T10:38:15","guid":{"rendered":"https:\/\/www.europesays.com\/no\/124624\/"},"modified":"2025-12-30T10:38:15","modified_gmt":"2025-12-30T10:38:15","slug":"giertsen-oigarden-og-jansen-tilbake-med-nye-stjerner-2","status":"publish","type":"post","link":"https:\/\/www.europesays.com\/no\/124624\/","title":{"rendered":"Giertsen, \u00d8igarden og Jansen tilbake med nye stjerner"},"content":{"rendered":"<p class=\"kicker \" style=\"\">\u00abHelt Perfekt\u00bb:<\/p>\n<p>  Et av de nye tilskuddene r\u00f8per nerv\u00f8sitet f\u00f8r hver innspillingsdag.<\/p>\n<p>\n    TILBAKE: Thomas Giertsen skj\u00f8nte ikke hvor mye han savnet serien f\u00f8r de var i gang med \u00e5 lage en ny sesong. Foto: Shad Madian \/ Se og H\u00f8r\n  <\/p>\n<p>    Kort fortalt<\/p>\n<ul lang=\"nb-NO\">\n<li>Thomas Giertsen, Jon \u00d8igarden og Ine Jansen er tilbake i den 13. sesongen av \u00abHelt Perfekt\u00bb.<\/li>\n<li>Serien har f\u00e5tt nye ansikter som Alexandra Joner og Martin Lepper\u00f8d, som spiller overdrevne versjoner av seg selv.<\/li>\n<li>Joner var nerv\u00f8s f\u00f8r innspillingene, men ble raskt komfortabel med sine erfarne medskuespillere.<\/li>\n<li>Joner spiller kj\u00e6resten til \u00d8igarden, og hun ser p\u00e5 rollen som en audition for sitt kommende morskap.<\/li>\n<\/ul>\n<p class=\"italic ai-disclaimer\" data-lab-italic=\"italic\">Sammendraget er laget av ChatGPT og godkjent av Dagbladet.<\/p>\n<p>      Vis mer<br \/>\n      Vis mindre<\/p>\n<p>Det er p\u00e5 tide \u00e5 finne seg en pute man kan gjemme bort ansiktet sitt i. N\u00e5 er Thomas Giertsen (54), Jon \u00d8igarden (54) og Ine Jansen (52) tilbake p\u00e5 TV-skjermen i kjent stil med den 13. sesongen av humorserien \u00abHelt Perfekt\u00bb.<\/p>\n<p>&#8211; Det var overraskende g\u00f8y \u00e5 v\u00e6re tilbake. Jeg hadde egentlig tenkt at vi var ferdige, sier Giertsen.<\/p>\n<p>        \u00abHELT PERFEKT\u00bb: Influenser Alexandra Joner tar oss med bak i kulissene og kommer med en avsl\u00f8ring fra settet. Video: R\u00f8d L\u00f8per<\/p>\n<p class=\"font-weight-bold m-font-weight-bold\" data-lab-font_weight=\"font-weight-bold\">Denne gangen har de f\u00e5tt med seg noen nye, kjente ansikter i serien. TV-personligheten Alexandra Joner (35) og komikeren Martin Lepper\u00f8d (32) er ogs\u00e5 en del av sesongens skuespillere &#8211; og spiller overdrevne versjoner av seg selv.<\/p>\n<p>Ny kanal\t<\/p>\n<p>For skuespillerne som har v\u00e6rt med i tidligere sesonger er det stor enighet om at det er veldig g\u00f8y \u00e5 komme tilbake. Selv om det i utgangspunktet ikke var planlagt en ny sesong.<\/p>\n<p class=\"font-weight-bold m-font-weight-bold\" data-lab-font_weight=\"font-weight-bold\">Da alle de gamle episodene ble flyttet til TV 2, ville kanalen ha noen flere ogs\u00e5. Med nye manusforfattere med p\u00e5 laget, ble det fyr i teltet igjen.<\/p>\n<p>    <a itemprop=\"url\" href=\"https:\/\/www.dagbladet.no\/kjendis\/det-er-litt-fjollete\/81361372\" rel=\"nofollow noopener\" target=\"_blank\"><\/p>\n<p>        <img loading=\"lazy\" decoding=\"async\" src=\"https:\/\/www.europesays.com\/no\/wp-content\/uploads\/2025\/12\/1767091090_902_81361431.webp.webp\" width=\"980\" height=\"441\" title=\"- Det er litt fjollete\" alt=\"\" class=\"lazyload\" style=\"--aspect-ratio-image: 2.22; \"\/><\/p>\n<p>        &#8211; Det er litt fjollete<\/p>\n<p>    <\/a><\/p>\n<p>&#8211; Vi tenkte at da er det g\u00f8y \u00e5 gj\u00f8re det. Og det ble veldig g\u00f8y, sier en forn\u00f8yd Giertsen.<\/p>\n<p>Han r\u00f8per at de ikke gj\u00f8r det til et poeng i serien at den n\u00e5 vises p\u00e5 ny kanal. Selv om TV Norge sine kontorer har blitt hyppig brukt i tidligere sesonger.<\/p>\n<p>&#8211; Vi jobbet der vi jobbet, fordi det var der jeg jobbet. Men det viktige i serien er jo de menneskelige f\u00f8lelsene som vi forholder oss til, forteller komikeren.<\/p>\n<p>Denne sesongen blir ogs\u00e5 uten TV Norge-legenden Eivind Landsverk.<\/p>\n<p>        <img loading=\"lazy\" decoding=\"async\" src=\"https:\/\/www.europesays.com\/no\/wp-content\/uploads\/2025\/12\/84039770.webp.webp\" width=\"667\" height=\"381\" title=\"IKKE MED: Eivind Landsverk blir ikke \u00e5 se i den nyeste sesongen. Dette skal det ikke v\u00e6re en spesiell grunn til. Foto: H\u00e5kon Mosvold Larsen \/ NTB\" alt=\"\" class=\"\" style=\"--aspect-ratio-image: 1.75; \"\/><\/p>\n<p>\n        IKKE MED: Eivind Landsverk blir ikke \u00e5 se i den nyeste sesongen. Dette skal det ikke v\u00e6re en spesiell grunn til. Foto: H\u00e5kon Mosvold Larsen \/ NTB\n    <\/p>\n<p>Nye tilskudd\t<\/p>\n<p>Alle veteranskuespillerne fra serien er enige i at b\u00e5de Joner og Lepper\u00f8d gj\u00f8r en kjempejobb.<\/p>\n<p>&#8211; Vi hadde en id\u00e9 om at det kunne bli g\u00f8y, og s\u00e5 ble det enda bedre enn det vi h\u00e5pet p\u00e5 og trodde, sier Giertsen.<\/p>\n<p>        <img loading=\"lazy\" decoding=\"async\" src=\"https:\/\/www.europesays.com\/no\/wp-content\/uploads\/2025\/12\/1767091092_801_84035738.webp.webp\" width=\"667\" height=\"381\" title=\"VETERANER: Ine Jansen, Thomas Giertsen og Jon \u00d8igarden har v\u00e6rt med i alle sesongene av \u00abHelt Perfekt\u00bb siden serien startet i 2011. Foto: Espen Solli\/TV 2\/NTB\" alt=\"\" class=\"\" style=\"--aspect-ratio-image: 1.75; \"\/><\/p>\n<p>\n        VETERANER: Ine Jansen, Thomas Giertsen og Jon \u00d8igarden har v\u00e6rt med i alle sesongene av \u00abHelt Perfekt\u00bb siden serien startet i 2011. Foto: Espen Solli\/TV 2\/NTB\n    <\/p>\n<p class=\"font-weight-bold m-font-weight-bold\" data-lab-font_weight=\"font-weight-bold\">Joner uttrykker at hun var nerv\u00f8s f\u00f8r hver innspilling. Rett og slett fordi hun ble starstruck av medskuespillerne sine.<\/p>\n<p>&#8211; Hvis jeg ikke skal st\u00e5 p\u00e5 en scene og levere for veldig mye folk, s\u00e5 pleier jeg ikke bli nerv\u00f8s. Derfor var det veldig rart \u00e5 komme inn i en stue hvor det st\u00e5r tre andre, og s\u00e5 ble jeg nerv\u00f8s. Det var en ny f\u00f8lelse, r\u00f8per hun.<\/p>\n<p>        \u00abFARMEN KJENDIS\u00bb: Den nye sesongen byr p\u00e5 flere overraskelser. Video: \u00abFarmen kjendis\u00bb\/ TV 2<\/p>\n<p>Jansen har bare lovord om de nye tilskuddene. Hun la ikke merke til at Joner var nerv\u00f8s.<\/p>\n<p>&#8211; Hun fortalte at hun var s\u00e5 nerv\u00f8s da hun kom f\u00f8rste gang, men det kunne jeg ikke fatte. Hun virket utrolig trygg, sier \u00abHelt Perfekt\u00bb-kollegaen.<\/p>\n<p>Videre forteller hun at b\u00e5de Joner og Lepper\u00f8d har tilf\u00f8rt masse til serien.<\/p>\n<p>    <a itemprop=\"url\" href=\"https:\/\/www.dagbladet.no\/kjendis\/to-klovner-som-lever-sammen\/82562067\" rel=\"nofollow noopener\" target=\"_blank\"><\/p>\n<p>        <img loading=\"lazy\" decoding=\"async\" src=\"https:\/\/www.europesays.com\/no\/wp-content\/uploads\/2025\/12\/82597985.webp.webp\" width=\"980\" height=\"441\" title=\"- To klovner som lever sammen\" alt=\"\" class=\"lazyload\" style=\"--aspect-ratio-image: 2.22; \"\/><\/p>\n<p>        &#8211; To klovner som lever sammen<\/p>\n<p>    <\/a><\/p>\n<p>&#8211; Jeg kjente ingen av dem fra f\u00f8r, men jeg synes det har v\u00e6rt helt str\u00e5lende \u00e5 jobbe med begge. De er kjempegode!<\/p>\n<p>Dama til \u00d8igarden\t<\/p>\n<p>Joner har f\u00e5tt \u00e6ren av \u00e5 spille nybakt mor og kj\u00e6resten til \u00d8igarden i den nye sesongen. Dette er en oppgave hun f\u00f8rst og fremst synes er veldig g\u00f8y, men ogs\u00e5 kjempeskummel.<\/p>\n<p>&#8211; Han har jo gjort dette i mange \u00e5r, s\u00e5 han vet veldig godt hvem han er og hva han skal gj\u00f8re. Og s\u00e5 skal jeg komme og finne meg selv inni det universet, forteller hun.<\/p>\n<p>Det er naturlig at n\u00e5r man spiller kj\u00e6rester, s\u00e5 blir det litt kyssing. Det gjelder ogs\u00e5 i dette tilfellet.<\/p>\n<p>        <img loading=\"lazy\" decoding=\"async\" src=\"https:\/\/www.europesays.com\/no\/wp-content\/uploads\/2025\/12\/1767091093_353_84035715.webp.webp\" width=\"667\" height=\"381\" title=\"STORTRIVES: Alexandra Joner likte godt jobben som skuespiller i \u00abHelt Perfekt\u00bb. Foto: Shad Madian \/ Se og H\u00f8r\" alt=\"\" class=\"\" style=\"--aspect-ratio-image: 1.75; \"\/><\/p>\n<p>\n        STORTRIVES: Alexandra Joner likte godt jobben som skuespiller i \u00abHelt Perfekt\u00bb. Foto: Shad Madian \/ Se og H\u00f8r\n    <\/p>\n<p class=\"font-weight-bold m-font-weight-bold\" data-lab-font_weight=\"font-weight-bold\">&#8211; Jeg kan meddele at det skal st\u00e5 p\u00e5 CV-en min, for det er jeg litt stolt av. Det er jo som \u00e5 f\u00e5 kysse Norges svar p\u00e5 Brad Pitt, sier Joner.<\/p>\n<p>\u00d8igarden roser sin nye \u00abHelt Perfekt\u00bb-kj\u00e6reste. Selv om de aldri hadde m\u00f8ttes f\u00f8r innspilling, kom kjemien umiddelbart.<\/p>\n<p>    <a itemprop=\"url\" href=\"https:\/\/www.dagbladet.no\/kjendis\/jeg-folte-litt-skam\/82151115\" rel=\"nofollow noopener\" target=\"_blank\"><\/p>\n<p>        <img loading=\"lazy\" decoding=\"async\" src=\"https:\/\/www.europesays.com\/no\/wp-content\/uploads\/2025\/12\/82151173.webp.webp\" width=\"980\" height=\"441\" title=\"- Jeg f\u00f8lte litt skam\" alt=\"\" class=\"lazyload\" style=\"--aspect-ratio-image: 2.22; \"\/><\/p>\n<p>        &#8211; Jeg f\u00f8lte litt skam<\/p>\n<p>    <\/a><\/p>\n<p>&#8211; Det er takket v\u00e6re henne da! Jeg ble veldig imponert over Alexandra. Hun klarte seg utrolig bra, sier han.<\/p>\n<p>Audition for \u00e5 bli mor\t<\/p>\n<p>Alexandra Joner <a href=\"https:\/\/www.dagbladet.no\/kjendis\/vil-ha-noe-crazy\/83830677\" rel=\"nofollow noopener\" target=\"_blank\">venter i 2026 sitt f\u00f8rste barn<\/a> sammen med\u00a0 samboeren\u00a0Joachim Lindbo (38). Dette skjedde etter Joner hadde spilt nybakt mor i den popul\u00e6re humorserien.<\/p>\n<p>Hun f\u00f8ler at dette var hennes \u00abaudition\u00bb til \u00e5 bli mor.<\/p>\n<p>&#8211; Jeg synes jo at jeg n\u00e5 burde f\u00e5tt den rollen p\u00e5 nytt. For n\u00e5 kommer jeg til \u00e5 g\u00e5 gjennom alt det jeg p\u00e5 en m\u00e5te gj\u00f8r i denne sesongen, sier hun sp\u00f8kefullt.<\/p>\n<p>        HOTELLET: Etter den nye episoden av TV 2 programmet, \u00abHotellet\u00bb, kommer Alexandra Joner med en innr\u00f8mmelse. <\/p>\n<p>I forkant av innspillingen snakket hun med damer som har v\u00e6rt gravide for \u00e5 h\u00f8re hvordan det er.<\/p>\n<p class=\"font-weight-bold m-font-weight-bold\" data-lab-font_weight=\"font-weight-bold\">&#8211; Det var blant annet rart \u00e5 late som om jeg hadde brystspreng. Jeg vet jo egentlig ikke helt hva det er. Men jeg fikk h\u00f8re at det er dritvondt!<\/p>\n<p>Det ga mersmak \u00e5 v\u00e6re skuespiller for 35-\u00e5ringen. Hun er helt klar p\u00e5 at hun veldig gjerne vil ha flere skuespilleroppdrag og h\u00e5per det blir enda en sesong av \u00abHelt Perfekt\u00bb.<\/p>\n<p>    <a itemprop=\"url\" href=\"https:\/\/www.dagbladet.no\/kjendis\/ble-alvorlig-syk-ma-vaksineres\/82890296\" rel=\"nofollow noopener\" target=\"_blank\"><\/p>\n<p>        <img loading=\"lazy\" decoding=\"async\" src=\"https:\/\/www.europesays.com\/no\/wp-content\/uploads\/2025\/12\/82890525.webp.webp\" width=\"980\" height=\"441\" title=\"Ble alvorlig syk: - M\u00e5 vaksineres\" alt=\"\" class=\"lazyload\" style=\"--aspect-ratio-image: 2.22; \"\/><\/p>\n<p>        Ble alvorlig syk: &#8211; M\u00e5 vaksineres<\/p>\n<p>    <\/a><\/p>\n","protected":false},"excerpt":{"rendered":"\u00abHelt Perfekt\u00bb: Et av de nye tilskuddene r\u00f8per nerv\u00f8sitet f\u00f8r hver innspillingsdag. TILBAKE: Thomas Giertsen skj\u00f8nte ikke hvor&hellip;\n","protected":false},"author":2,"featured_media":124625,"comment_status":"","ping_status":"","sticky":false,"template":"","format":"standard","meta":{"footnotes":""},"categories":[58],"tags":[2427,71,14713,14712,11021,479,2543,5231,30,28,29,13535,72],"class_list":{"0":"post-124624","1":"post","2":"type-post","3":"status-publish","4":"format-standard","5":"has-post-thumbnail","7":"category-underholdning","8":"tag-alexandra-joner","9":"tag-entertainment","10":"tag-helt-perfekt","11":"tag-ine-jansen","12":"tag-jon-oigarden","13":"tag-kjendis","14":"tag-kjendisdesken","15":"tag-martin-lepperod","16":"tag-no","17":"tag-norge","18":"tag-norway","19":"tag-thomas-giertsen","20":"tag-underholdning"},"share_on_mastodon":{"url":"https:\/\/pubeurope.com\/@no\/115808089109399764","error":""},"_links":{"self":[{"href":"https:\/\/www.europesays.com\/no\/wp-json\/wp\/v2\/posts\/124624","targetHints":{"allow":["GET"]}}],"collection":[{"href":"https:\/\/www.europesays.com\/no\/wp-json\/wp\/v2\/posts"}],"about":[{"href":"https:\/\/www.europesays.com\/no\/wp-json\/wp\/v2\/types\/post"}],"author":[{"embeddable":true,"href":"https:\/\/www.europesays.com\/no\/wp-json\/wp\/v2\/users\/2"}],"replies":[{"embeddable":true,"href":"https:\/\/www.europesays.com\/no\/wp-json\/wp\/v2\/comments?post=124624"}],"version-history":[{"count":0,"href":"https:\/\/www.europesays.com\/no\/wp-json\/wp\/v2\/posts\/124624\/revisions"}],"wp:featuredmedia":[{"embeddable":true,"href":"https:\/\/www.europesays.com\/no\/wp-json\/wp\/v2\/media\/124625"}],"wp:attachment":[{"href":"https:\/\/www.europesays.com\/no\/wp-json\/wp\/v2\/media?parent=124624"}],"wp:term":[{"taxonomy":"category","embeddable":true,"href":"https:\/\/www.europesays.com\/no\/wp-json\/wp\/v2\/categories?post=124624"},{"taxonomy":"post_tag","embeddable":true,"href":"https:\/\/www.europesays.com\/no\/wp-json\/wp\/v2\/tags?post=124624"}],"curies":[{"name":"wp","href":"https:\/\/api.w.org\/{rel}","templated":true}]}}