{"id":124628,"date":"2025-12-30T10:44:09","date_gmt":"2025-12-30T10:44:09","guid":{"rendered":"https:\/\/www.europesays.com\/no\/124628\/"},"modified":"2025-12-30T10:44:09","modified_gmt":"2025-12-30T10:44:09","slug":"semenyo-naermer-seg-city-overgang-bobb-pa-vei-ut","status":"publish","type":"post","link":"https:\/\/www.europesays.com\/no\/124628\/","title":{"rendered":"Semenyo n\u00e6rmer seg City-overgang \u2013 Bobb p\u00e5 vei ut"},"content":{"rendered":"\n<p class=\"_lead_o9xde_2 _lead_xtcu6_50 layout-component text-serif-m layout-normal text-serif-l layout-component layout-wide layout-padded _wide_17hqh_1 layout-padded\">Overgangssagaen rundt Antoine Semenyo kan n\u00e6rme seg slutten. Det kan bety slutten for Oscar Bobb i Manchester City. <\/p>\n<p><img alt=\"SKIFTER BEITE: Det ser ut til at \u00e9n g\u00e5r inn portene p\u00e5 Etihad, den andre g\u00e5r ut.  Foto: Reuters \/ Peter Powell \/ Bradley Collyer\" class=\"_image_qp4xg_65 layout-component layout-wide\" data-fullscreen- data-track-element-type=\"Article image fullscreen\" data-track-name=\"ImageFullscreen\" fetchpriority=\"high\" decoding=\"sync\" loading=\"eager\" height=\"1668\" itemprop=\"image\"  src=\"https:\/\/www.europesays.com\/no\/wp-content\/uploads\/2025\/12\/8077a1f7-b403-43e4-9377-1925aba02c33.jpeg\"  style=\"object-position:0% 0%\" width=\"2500\"\/>SKIFTER BEITE: Det ser ut til at \u00e9n g\u00e5r inn portene p\u00e5 Etihad, den andre g\u00e5r ut.  Foto: Reuters \/ Peter Powell \/ Bradley Collyer<\/p>\n<ul aria-hidden=\"true\" class=\"_images_ntbth_112\">\n<li><a class=\"_link_ntbth_117\" href=\"https:\/\/www.vg.no\/forfatter\/benjamin-kvaale\" style=\"z-index:1\" title=\"Benjamin Kvaale\" rel=\"nofollow noopener\" target=\"_blank\"><img alt=\"Bilde av Benjamin Kvaale\" class=\"_image_ntbth_93\" fetchpriority=\"low\" loading=\"lazy\" decoding=\"async\" itemprop=\"image\"  src=\"https:\/\/www.europesays.com\/no\/wp-content\/uploads\/2025\/12\/1767091448_840_21fe9a1c-5915-4269-bbd5-7feeec1fa8ae.png\"  width=\"480\"\/><\/a><\/li>\n<\/ul>\n<p> Oppdatert tirsdag 30. desember kl. 11:19    <\/p>\n<ul class=\"_list_o9xde_3 _list_64s2r_85 _unordered_o9xde_106 text-sans-m\">\n<li class=\"_item_o9xde_30\">Antoine Semenyo n\u00e6rmer seg overgang til Manchester City.<\/li>\n<li class=\"_item_o9xde_30\">Dette kan bety slutten for Oscar Bobb i klubben.<\/li>\n<li class=\"_item_o9xde_30\">Borussia Dortmund, Crystal Palace og Fulham viser interesse for Bobb.<\/li>\n<li class=\"_item_o9xde_30\">Ghaneseren har ni m\u00e5l og tre assist i Premier League det siste halv\u00e5ret.<\/li>\n<\/ul>\n<p>Vis mer <\/p>\n<p class=\"_paragraph_o9xde_4 _paragraph_xtcu6_10 layout-component text-serif-m layout-normal text-serif-m layout-padded\">S\u00f8ndag meldte <a href=\"https:\/\/www.bbc.com\/sport\/football\/articles\/c4gpnnrnkw3o\" class=\"_link_o9xde_39\" rel=\"nofollow noopener\" target=\"_blank\">BBC<\/a> at Semenyo \u00f8nsket \u00e5 ha fremtiden avgjort innen overgangsvinduet \u00e5pner 1. januar. <\/p>\n<p class=\"_paragraph_o9xde_4 _paragraph_xtcu6_10 layout-component text-serif-m layout-normal text-serif-m layout-padded\">Flere klubber har v\u00e6rt interesserte i \u00e5 hente Bournemouth-spilleren, og n\u00e5 ser det ut til at det skal g\u00e5 i orden for Manchester City. <\/p>\n<p class=\"_paragraph_o9xde_4 _paragraph_xtcu6_10 layout-component text-serif-m layout-normal text-serif-m layout-padded\">Den anerkjente Sky Sports-journalisten Florian Plettenberg, melder mandag at Semenyo allerede har kommet til enighet med City om en overgang i januar. <\/p>\n<p><img alt=\"ETTERTRAKTET: Chelsea, Tottenham, Manchester United og Liverpool har vist interesse for Semenyo. Utenom City, s\u00e5 har Liverpool v\u00e6rt mest knyttet til angriperen, men de skal ikke ha v\u00e6rt i ordentlige samtaler med Bournemouth.   Foto: Ian Walton \/ Reuters \/ NTB\" class=\"_image_qp4xg_65 layout-component layout-normal\" data-fullscreen- data-track-element-type=\"Article image fullscreen\" data-track-name=\"ImageFullscreen\" decoding=\"async\" loading=\"lazy\" height=\"2500\" itemprop=\"image\"  src=\"https:\/\/www.europesays.com\/no\/wp-content\/uploads\/2025\/12\/9b562d64-8824-408f-b9c7-76a294de5acf.jpeg\"  style=\"object-position:0% 0%\" width=\"3706\"\/>ETTERTRAKTET: Chelsea, Tottenham, Manchester United og Liverpool har vist interesse for Semenyo. Utenom City, s\u00e5 har Liverpool v\u00e6rt mest knyttet til angriperen, men de skal ikke ha v\u00e6rt i ordentlige samtaler med Bournemouth.   Foto: Ian Walton \/ Reuters \/ NTB<\/p>\n<p class=\"_paragraph_o9xde_4 _paragraph_xtcu6_10 layout-component text-serif-m layout-normal text-serif-m layout-padded\">Det kan alts\u00e5 bli nok en offensiv forsterkning for de lysebl\u00e5, noe som gj\u00f8r det enda vanskeligere for Bobb \u00e5 f\u00e5 spilletid.<\/p>\n<p class=\"_paragraph_o9xde_4 _paragraph_xtcu6_10 layout-component text-serif-m layout-normal text-serif-m layout-padded\">City har spillere som Phil Foden, Rayan Cherki, Jeremy Doku og Savinho som st\u00e5r foran 22-\u00e5ringen i k\u00f8en.<\/p>\n<p class=\"_paragraph_o9xde_4 _paragraph_xtcu6_10 layout-component text-serif-m layout-normal text-serif-m layout-padded\">\u2013 Frem til n\u00e5 har jeg ment at han b\u00f8r bli. Begrunnelsen har v\u00e6rt at han er i verdens kanskje beste treningsmilj\u00f8, og har f\u00e5tt sjansen jevnlig, sier Viaplays fotballekspert Lars Tj\u00e6rn\u00e5s til VG.<\/p>\n<p><img alt=\"Foto: Martin Rickett \/ Pa Photos \/ NTB\" class=\"_image_qp4xg_65 layout-component layout-normal\" data-fullscreen- data-track-element-type=\"Article image fullscreen\" data-track-name=\"ImageFullscreen\" decoding=\"async\" loading=\"lazy\" height=\"3299\" itemprop=\"image\"  src=\"https:\/\/www.europesays.com\/no\/wp-content\/uploads\/2025\/12\/3df62bac-1f49-41a9-bedf-8c980e290ae2.png\"  style=\"object-position:0% 0%\" width=\"4574\"\/>Foto: Martin Rickett \/ Pa Photos \/ NTB<\/p>\n<p class=\"_paragraph_o9xde_4 _paragraph_xtcu6_10 layout-component text-serif-m layout-normal text-serif-m layout-padded\">N\u00e5 har derimot pipen f\u00e5tt en annen lyd hos den mange\u00e5rige treneren og eksperten.<\/p>\n<p class=\"_paragraph_o9xde_4 _paragraph_xtcu6_10 layout-component text-serif-m layout-normal text-serif-m layout-padded\">\u2013 Han har rykket bakover i k\u00f8en etter egne skader, og at andre har tatt muligheten. Da tenker jeg at et utl\u00e5n eller en overgang er klokt, mener Tj\u00e6rn\u00e5s.<\/p>\n<p class=\"_paragraph_o9xde_4 _paragraph_xtcu6_10 layout-component text-serif-m layout-normal text-serif-m layout-padded\">Den tyske storavisen <a href=\"https:\/\/www.bild.de\/sport\/fussball\/borussia-dortmund-bvb-heiss-auf-pep-star-69505c64ba368aa0126a4c22\" class=\"_link_o9xde_39\" rel=\"nofollow noopener\" target=\"_blank\">Bild<\/a> melder at <a href=\"https:\/\/www.vg.no\/tag\/borussia-dortmund-2?utm_source=vg-article&amp;utm_medium=auto-tagger&amp;utm_campaign=n1ab4o\" class=\"_link_o9xde_39\" rel=\"nofollow noopener\" target=\"_blank\">Borussia Dortmund<\/a> er interesserte i \u00e5 hente nordmannen.<\/p>\n<p class=\"_paragraph_o9xde_4 _paragraph_xtcu6_10 layout-component text-serif-m layout-normal text-serif-m layout-padded\">I England s\u00e5 skal Crystal Palace og Fulham v\u00e6re klubber som vil jakte Bobb, dersom City \u00e5pner for en <a href=\"https:\/\/talksport.com\/football\/3849632\/oscar-bobb-transfer-manchester-city-crystal-palace-fulham\/\" class=\"_link_o9xde_39\" rel=\"nofollow noopener\" target=\"_blank\">overgang i januar. <\/a><\/p>\n<p class=\"_paragraph_o9xde_4 _paragraph_xtcu6_10 layout-component text-serif-m layout-normal text-serif-m layout-padded\">Tj\u00e6rn\u00e5s mener derimot at Bobb m\u00e5 ha et par ting p\u00e5 plass f\u00f8r han tar steget bort fra de lysebl\u00e5.<\/p>\n<p class=\"_paragraph_o9xde_4 _paragraph_xtcu6_10 layout-component text-serif-m layout-normal text-serif-m layout-padded\">\u2013 Det m\u00e5 v\u00e6re klare utsikter til \u00e5 spille tiln\u00e6rmet fast, og det m\u00e5 v\u00e6re en toppklubb i en av topp fem-ligaene i Europa, forklarer Tj\u00e6rn\u00e5s.<\/p>\n<p class=\"_paragraph_o9xde_4 _paragraph_xtcu6_10 layout-component text-serif-m layout-normal text-serif-m layout-padded\">Av klubbene som kobles til nordmannen er det \u00e9n som virker forlokkende p\u00e5 fotballeksperten.<\/p>\n<p class=\"_paragraph_o9xde_4 _paragraph_xtcu6_10 layout-component text-serif-m layout-normal text-serif-m layout-padded\">\u2013 Dortmund fyller de kriteriene og har vist mange ganger at de er dyktige til \u00e5 videreutvikle ekstreme talenter. Det er et veldig godt alternativ i mitt hode, avslutter Tj\u00e6rn\u00e5s.<\/p>\n<p class=\"_paragraph_o9xde_4 _paragraph_xtcu6_10 layout-component text-serif-m layout-normal text-serif-m layout-padded\">Bobb gjorde sin debut for Manchester City i 2023, og st\u00e5r med 47 kamper for klubben. <\/p>\n<p class=\"_paragraph_o9xde_4 _paragraph_xtcu6_10 layout-component text-serif-m layout-normal text-serif-m layout-padded\">Denne h\u00f8sten har det blitt lite spilletid, og 22-\u00e5ringen st\u00e5r kun med en assist denne sesongen. <\/p>\n<p class=\"_paragraph_o9xde_4 _paragraph_xtcu6_10 layout-component text-serif-m layout-normal text-serif-m layout-padded\">Dersom Semenyo-overgangen g\u00e5r i boks, f\u00e5r Manchester-klubben inn en av Premier Leagues store formspillere. <\/p>\n<p class=\"_paragraph_o9xde_4 _paragraph_xtcu6_10 layout-component text-serif-m layout-normal text-serif-m layout-padded\">Ghaneseren har ni m\u00e5l og tre assist i PL det siste halv\u00e5ret. <\/p>\n","protected":false},"excerpt":{"rendered":"Overgangssagaen rundt Antoine Semenyo kan n\u00e6rme seg slutten. Det kan bety slutten for Oscar Bobb i Manchester City.&hellip;\n","protected":false},"author":2,"featured_media":124629,"comment_status":"","ping_status":"","sticky":false,"template":"","format":"standard","meta":{"footnotes":""},"categories":[59],"tags":[8497,671,30,28,29,1386,161,83,82],"class_list":{"0":"post-124628","1":"post","2":"type-post","3":"status-publish","4":"format-standard","5":"has-post-thumbnail","7":"category-sport","8":"tag-borussia-dortmund","9":"tag-manchester-city","10":"tag-no","11":"tag-norge","12":"tag-norway","13":"tag-oscar-bobb","14":"tag-premier-league","15":"tag-sport","16":"tag-sports"},"share_on_mastodon":{"url":"https:\/\/pubeurope.com\/@no\/115808112857191682","error":""},"_links":{"self":[{"href":"https:\/\/www.europesays.com\/no\/wp-json\/wp\/v2\/posts\/124628","targetHints":{"allow":["GET"]}}],"collection":[{"href":"https:\/\/www.europesays.com\/no\/wp-json\/wp\/v2\/posts"}],"about":[{"href":"https:\/\/www.europesays.com\/no\/wp-json\/wp\/v2\/types\/post"}],"author":[{"embeddable":true,"href":"https:\/\/www.europesays.com\/no\/wp-json\/wp\/v2\/users\/2"}],"replies":[{"embeddable":true,"href":"https:\/\/www.europesays.com\/no\/wp-json\/wp\/v2\/comments?post=124628"}],"version-history":[{"count":0,"href":"https:\/\/www.europesays.com\/no\/wp-json\/wp\/v2\/posts\/124628\/revisions"}],"wp:featuredmedia":[{"embeddable":true,"href":"https:\/\/www.europesays.com\/no\/wp-json\/wp\/v2\/media\/124629"}],"wp:attachment":[{"href":"https:\/\/www.europesays.com\/no\/wp-json\/wp\/v2\/media?parent=124628"}],"wp:term":[{"taxonomy":"category","embeddable":true,"href":"https:\/\/www.europesays.com\/no\/wp-json\/wp\/v2\/categories?post=124628"},{"taxonomy":"post_tag","embeddable":true,"href":"https:\/\/www.europesays.com\/no\/wp-json\/wp\/v2\/tags?post=124628"}],"curies":[{"name":"wp","href":"https:\/\/api.w.org\/{rel}","templated":true}]}}