{"id":124632,"date":"2025-12-30T10:49:48","date_gmt":"2025-12-30T10:49:48","guid":{"rendered":"https:\/\/www.europesays.com\/no\/124632\/"},"modified":"2025-12-30T10:49:48","modified_gmt":"2025-12-30T10:49:48","slug":"oppdal-15-evakuert-etter-hyttebrann","status":"publish","type":"post","link":"https:\/\/www.europesays.com\/no\/124632\/","title":{"rendered":"Oppdal: 15 evakuert etter hyttebrann"},"content":{"rendered":"\n<p class=\"_lead_o9xde_2 _lead_xtcu6_50 layout-component text-serif-m layout-normal text-serif-l layout-component layout-wide layout-padded _wide_17hqh_1 layout-padded\">Ytterligere 16 personer er evakuert etter at det natt til tirsdag begynte \u00e5 brenne i en st\u00f8rre t\u00f8mmerhytte i Oppdal. <\/p>\n<ul aria-hidden=\"true\" class=\"_images_ntbth_112\">\n<li><a class=\"_link_ntbth_117\" href=\"https:\/\/www.vg.no\/forfatter\/signe-rosenlund-hauglid\" style=\"z-index:1\" title=\"Signe Rosenlund-Hauglid\" rel=\"nofollow noopener\" target=\"_blank\"><img alt=\"Bilde av Signe Rosenlund-Hauglid\" class=\"_image_ntbth_93\" fetchpriority=\"low\" loading=\"lazy\" decoding=\"async\" itemprop=\"image\"  src=\"https:\/\/www.europesays.com\/no\/wp-content\/uploads\/2025\/12\/1767091786_704_65e9df60-b046-4add-b7dd-10f1cf4fbd21.jpeg\"  width=\"480\"\/><\/a><\/li>\n<\/ul>\n<p> Oppdatert tirsdag 30. desember kl. 08:40     <\/p>\n<p class=\"_paragraph_o9xde_4 _paragraph_xtcu6_10 layout-component text-serif-m layout-normal text-serif-m layout-padded\">\u2013 En person har brannskader. Han er kj\u00f8rt til St. Olavs hospital, sier operasjonsleder Kirsten Bergstr\u00f8m til VG. <\/p>\n<p class=\"_paragraph_o9xde_4 _paragraph_xtcu6_10 layout-component text-serif-m layout-normal text-serif-m layout-padded\">De tre andre har lettere skader, skriver politiet i en oppdatering tirsdag klokken 8.12.<\/p>\n<p class=\"_paragraph_o9xde_4 _paragraph_xtcu6_10 layout-component text-serif-m layout-normal text-serif-m layout-padded\">Politiet meldte om brannen klokken 3.45 natt til tirsdag. Da n\u00f8detatene kom til stedet var det overtenning i hovedhytta p\u00e5 hyttetunet. 110-sentralen Midt-Norge opplyste til NTB ved 4.30-tiden at det var store flammer og mye r\u00f8yk.<\/p>\n<p class=\"_paragraph_o9xde_4 _paragraph_xtcu6_10 layout-component text-serif-m layout-normal text-serif-m layout-padded\">Brannvesenet er ute med all mannskap fra <a href=\"https:\/\/www.vg.no\/tag\/oppdal?utm_source=vg-article&amp;utm_medium=auto-tagger&amp;utm_campaign=GxGK2l\" class=\"_link_o9xde_39\" rel=\"nofollow noopener\" target=\"_blank\">Oppdal<\/a>, samt at de har bistand fra Rennebu med tankbil. Det tok en halvtime fra alarmen gikk til brannvesenet var fremme ved hytta.<\/p>\n<p class=\"_paragraph_o9xde_4 _paragraph_xtcu6_10 layout-component text-serif-m layout-normal text-serif-m layout-padded\">\u2013 Det er snakk om et stort t\u00f8mmerhus som er leid av en familie. Det brenner fortsatt, men brannvesenet har kontroll, sa Bergstr\u00f8m til VG i morgentimene. <\/p>\n<p class=\"_paragraph_o9xde_4 _paragraph_xtcu6_10 layout-component text-serif-m layout-normal text-serif-m layout-padded\">Politiet skriver at det p\u00e5 morgenen ikke p\u00e5g\u00e5r aktiv slukking fordi det er utfordringer med \u00e5 f\u00e5 nok vann til stedet. <\/p>\n<p class=\"_paragraph_o9xde_4 _paragraph_xtcu6_10 layout-component text-serif-m layout-normal text-serif-m layout-padded\">\u2013 Det er imidlertid ikke fare for videre spredning, skriver Bergstr\u00f8m i politiloggen. <\/p>\n<p class=\"_paragraph_o9xde_4 _paragraph_xtcu6_10 layout-component text-serif-m layout-normal text-serif-m layout-padded\">16 personer som var i hytta evakuerte seg selv. Det var flere familier p\u00e5 stedet, blant dem flere barn. De evakuerte er tatt med til Oppdal sentrum og n\u00e6rliggende bygg for alternative steder \u00e5 bo.<\/p>\n<p class=\"_paragraph_o9xde_4 _paragraph_xtcu6_10 layout-component text-serif-m layout-normal text-serif-m layout-padded\">Politiet opplyser at det er krevende kj\u00f8reforhold p\u00e5 stedet. Blant annet skled en av de fire ambulansene som ble sendt til stedet av veien.<\/p>\n<p>    <img decoding=\"async\" alt=\"Tips oss illustrasjon\" src=\"https:\/\/www.europesays.com\/no\/wp-content\/uploads\/2025\/10\/pssst-small.webp.webp\"\/>    <\/p>\n<p class=\"title-serif-s\">Har du tips?<\/p>\n<p class=\"text-sans-m\">Send oss informasjon, bilder eller video.<\/p>\n<p>  <a href=\"https:\/\/www.vg.no\/tips-oss\" rel=\"nofollow noopener\" target=\"_blank\"> Tips oss <\/a>      <\/p>\n","protected":false},"excerpt":{"rendered":"Ytterligere 16 personer er evakuert etter at det natt til tirsdag begynte \u00e5 brenne i en st\u00f8rre t\u00f8mmerhytte&hellip;\n","protected":false},"author":2,"featured_media":124633,"comment_status":"","ping_status":"","sticky":false,"template":"","format":"standard","meta":{"footnotes":""},"categories":[10],"tags":[367,31,20,21,24,25,15,22,23,13,30,28,29,14,7566,16,4673,26,27,270],"class_list":{"0":"post-124632","1":"post","2":"type-post","3":"status-publish","4":"format-standard","5":"has-post-thumbnail","7":"category-norge","8":"tag-brann","9":"tag-breaking","10":"tag-breaking-news","11":"tag-breakingnews","12":"tag-featured-news","13":"tag-featurednews","14":"tag-headlines","15":"tag-latest-news","16":"tag-latestnews","17":"tag-news","18":"tag-no","19":"tag-norge","20":"tag-norway","21":"tag-nyheter","22":"tag-oppdal","23":"tag-overskrifter","24":"tag-st-olavs-hospital","25":"tag-top-stories","26":"tag-topstories","27":"tag-trondelag"},"share_on_mastodon":{"url":"https:\/\/pubeurope.com\/@no\/115808136245931338","error":""},"_links":{"self":[{"href":"https:\/\/www.europesays.com\/no\/wp-json\/wp\/v2\/posts\/124632","targetHints":{"allow":["GET"]}}],"collection":[{"href":"https:\/\/www.europesays.com\/no\/wp-json\/wp\/v2\/posts"}],"about":[{"href":"https:\/\/www.europesays.com\/no\/wp-json\/wp\/v2\/types\/post"}],"author":[{"embeddable":true,"href":"https:\/\/www.europesays.com\/no\/wp-json\/wp\/v2\/users\/2"}],"replies":[{"embeddable":true,"href":"https:\/\/www.europesays.com\/no\/wp-json\/wp\/v2\/comments?post=124632"}],"version-history":[{"count":0,"href":"https:\/\/www.europesays.com\/no\/wp-json\/wp\/v2\/posts\/124632\/revisions"}],"wp:featuredmedia":[{"embeddable":true,"href":"https:\/\/www.europesays.com\/no\/wp-json\/wp\/v2\/media\/124633"}],"wp:attachment":[{"href":"https:\/\/www.europesays.com\/no\/wp-json\/wp\/v2\/media?parent=124632"}],"wp:term":[{"taxonomy":"category","embeddable":true,"href":"https:\/\/www.europesays.com\/no\/wp-json\/wp\/v2\/categories?post=124632"},{"taxonomy":"post_tag","embeddable":true,"href":"https:\/\/www.europesays.com\/no\/wp-json\/wp\/v2\/tags?post=124632"}],"curies":[{"name":"wp","href":"https:\/\/api.w.org\/{rel}","templated":true}]}}