{"id":124638,"date":"2025-12-30T10:58:23","date_gmt":"2025-12-30T10:58:23","guid":{"rendered":"https:\/\/www.europesays.com\/no\/124638\/"},"modified":"2025-12-30T10:58:23","modified_gmt":"2025-12-30T10:58:23","slug":"brot-ut-i-latter-absurd","status":"publish","type":"post","link":"https:\/\/www.europesays.com\/no\/124638\/","title":{"rendered":"Br\u00f8t ut i latter: &#8211; Absurd"},"content":{"rendered":"<p>&#8211; Det h\u00f8res kanskje rart ut, men Russland vil at Ukraina skal lykkes, sa Donald Trump side om side med Ukrainas president Volodmyr Zelenskyj under pressekonferansen s\u00f8ndag.<\/p>\n<p>Den ukrainske presidenten l\u00f8ftet brynene, dro p\u00e5 smileb\u00e5ndet og slapp ut en liten latter, men kommenterte ikke p\u00e5standen.<\/p>\n<p>I et intervju med Fox News natt til tirsdag fikk den ukrainske presidenten sp\u00f8rsm\u00e5l om \u00f8yeblikket som har f\u00e5tt mye oppmerksomhet i etterkant.\u00a0<\/p>\n<p>&#8211; Du var ikke enig i det?\u00a0sp\u00f8r Fox-anker Bret Baier.<\/p>\n<p> Zelenskyj bryter ut i latter f\u00f8r han svarer: <\/p>\n<p>&#8211; Det handler ikke om \u00e5 v\u00e6re enig. Jeg stoler ikke p\u00e5 Putin, og han \u00f8nsker ikke at Ukraina skal lykkes. Det gj\u00f8r han virkelig ikke. Jeg tror han kan si slike ord til president Trump, men det er ikke sant, sier Zelenskyj.\u00a0<\/p>\n<p>        <img loading=\"lazy\" decoding=\"async\" src=\"https:\/\/www.europesays.com\/no\/wp-content\/uploads\/2025\/12\/1767092302_189_84039008.webp.webp\" width=\"980\" height=\"559\" title=\"REAGERER: Ukrainas president Volodymyr Zelenskyj. Foto: Joe Raedle\/Getty Images\/AFP\/NTB\" alt=\"\" class=\"\" style=\"--aspect-ratio-image: 1.75; \"\/><\/p>\n<p>\n        REAGERER: Ukrainas president Volodymyr Zelenskyj. Foto: Joe Raedle\/Getty Images\/AFP\/NTB\n    <\/p>\n<p>&#8211; Er det noen indikasjoner, slik du ser det, p\u00e5 at Putin \u00f8nsker fred basert p\u00e5 det han gj\u00f8r eller sier?<\/p>\n<p>&#8211; Nei, for \u00e5 v\u00e6re \u00e6rlig. Jeg ser det ikke fordi jeg ikke h\u00f8rer det. Han snakker ikke om fred, sier Zelenskyj. <\/p>\n<p> Zelenskyj sier seg kun uenig i Trumps analyse, men kritiserer ikke den amerikanske presidenten direkte.\u00a0Det er neppe tilfeldig, if\u00f8lge tidligere USA-ambassad\u00f8r til Ukraina Bridget Brink. <\/p>\n<p>&#8211; Zelenskyj \u00f8nsker \u00e5 bevare et godt forhold til USA og til president Trump fordi, som han sa i intervjuet, er det viktig for Ukraina, for landets langsiktige sikkerhet, \u00e5 ha st\u00f8tte fra USA \u2013 og s\u00e6rlig i enhver fredsavtale, \u00e5 f\u00e5 en form for sikkerhetsgaranti, sier hun til CNN.\u00a0<\/p>\n<p>    <a itemprop=\"url\" href=\"https:\/\/www.dagbladet.no\/nyheter\/advart-for-trump-mote-vaer-forsiktig\/84038818\" rel=\"nofollow noopener\" target=\"_blank\"><\/p>\n<p>        <img loading=\"lazy\" decoding=\"async\" src=\"https:\/\/www.europesays.com\/no\/wp-content\/uploads\/2025\/12\/84038842.webp.webp\" width=\"980\" height=\"441\" title=\"Advart f\u00f8r Trump-m\u00f8te: - V\u00e6r forsiktig\" alt=\"\" class=\"lazyload\" style=\"--aspect-ratio-image: 2.22; \"\/><\/p>\n<p>        Advart f\u00f8r Trump-m\u00f8te: &#8211; V\u00e6r forsiktig<\/p>\n<p>    <\/a><\/p>\n<p>Samtidig g\u00e5r hun selv hardt ut mot enhver ide om at Putin \u00f8nsker fred.\u00a0<\/p>\n<p>&#8211; Jeg mener hele ideen er absurd. Putin arbeider aktivt for \u00e5 \u00f8delegge Ukraina, sier hun og fortsetter:\u00a0<\/p>\n<p>&#8211; Jeg bodde der i tre \u00e5r, under tusenvis av raketter og droner som ble sendt mot hovedstaden, rundt om i landet og mot str\u00f8mnettet, og som n\u00e5 har drept titusenvis av sivile, inkludert 700 barn. S\u00e5 hele tanken om at Putin er interessert i Ukrainas suksess er latterlig, sier hun.\u00a0<\/p>\n<p>Ogs\u00e5 lederen av utenrikskomiteen i det ukrainske parlamentet, Oleksandr Merezhko, reagerer sterkt.\u00a0<\/p>\n<p>&#8211; Jeg ble sjokkert over disse ordene, fordi det for meg \u2013 og for mange ukrainere \u2013 h\u00f8rtes absurd ut. Det er som \u00e5 si under andre verdenskrig, at Hitler \u00f8nsket at Polen skulle lykkes, sier Merezhko til CNN.<\/p>\n<p>Siden Fox-intervjuet ble spilt inn og Trumps m\u00f8te med Zelenskyj har krigen i Ukraina f\u00e5tt en dramatisk utvikling.\u00a0<a href=\"https:\/\/www.dagbladet.no\/nyheter\/trump-tror-putin-ble-veldig-sint\/84037820\" rel=\"nofollow noopener\" target=\"_blank\">Russland anklager Ukraina for \u00e5 ha pr\u00f8vd \u00e5 angripe Putins residens<\/a>, noe Ukraina blankt har avvist.\u00a0<\/p>\n<p>    <a itemprop=\"url\" href=\"https:\/\/www.dagbladet.no\/nyheter\/trump-tror-putin-ble-veldig-sint\/84037820\" rel=\"nofollow noopener\" target=\"_blank\"><\/p>\n<p>        <img loading=\"lazy\" decoding=\"async\" src=\"https:\/\/www.europesays.com\/no\/wp-content\/uploads\/2025\/12\/1767092303_408_84037876.webp.webp\" width=\"980\" height=\"441\" title=\"Trump tror Putin: - Ble veldig sint\" alt=\"\" class=\"lazyload\" style=\"--aspect-ratio-image: 2.22; \"\/><\/p>\n<p>        Trump tror Putin: &#8211; Ble veldig sint<\/p>\n<p>    <\/a><\/p>\n<p>Trump tror tilsynelatende p\u00e5 Putins versjon.\u00a0<\/p>\n<p>&#8211; Dette er ikke riktig tidspunkt. Jeg ble veldig sint, sier Trump.<\/p>\n<p>&#8211; En ting er \u00e5 v\u00e6re offensive. En annen ting er \u00e5 angripe huset hans, fortsatte Trump.\u00a0<\/p>\n<p>        President Donald Trump sier han tror p\u00e5 Putins p\u00e5stand om at Ukraina skal ha pr\u00f8vd \u00e5 angripe Putins residens. Selv avfeier Zelenskyj p\u00e5standen som ren l\u00f8gn. Video: Reuters<\/p>\n<p>En journalist fulgte opp med sp\u00f8rsm\u00e5l om Zelenskyjs benektelse av angrepet.<\/p>\n<p>&#8211; Kanskje det ikke skjedde. Men Putin fortalte meg i morges at det gjorde det, sa Trump.<\/p>\n","protected":false},"excerpt":{"rendered":"&#8211; Det h\u00f8res kanskje rart ut, men Russland vil at Ukraina skal lykkes, sa Donald Trump side om&hellip;\n","protected":false},"author":2,"featured_media":124639,"comment_status":"","ping_status":"","sticky":false,"template":"","format":"standard","meta":{"footnotes":""},"categories":[5],"tags":[20,21,55,24,25,15,19,179,22,23,17,18,13,30,28,29,14,16,26,27,412,488],"class_list":{"0":"post-124638","1":"post","2":"type-post","3":"status-publish","4":"format-standard","5":"has-post-thumbnail","7":"category-overskrifter","8":"tag-breaking-news","9":"tag-breakingnews","10":"tag-donald-trump","11":"tag-featured-news","12":"tag-featurednews","13":"tag-headlines","14":"tag-hovedoppslag","15":"tag-krigen-i-ukraina","16":"tag-latest-news","17":"tag-latestnews","18":"tag-main-news","19":"tag-mainnews","20":"tag-news","21":"tag-no","22":"tag-norge","23":"tag-norway","24":"tag-nyheter","25":"tag-overskrifter","26":"tag-top-stories","27":"tag-topstories","28":"tag-utenriks","29":"tag-volodymyr-zelenskyj"},"share_on_mastodon":{"url":"https:\/\/pubeurope.com\/@no\/115808167855856283","error":""},"_links":{"self":[{"href":"https:\/\/www.europesays.com\/no\/wp-json\/wp\/v2\/posts\/124638","targetHints":{"allow":["GET"]}}],"collection":[{"href":"https:\/\/www.europesays.com\/no\/wp-json\/wp\/v2\/posts"}],"about":[{"href":"https:\/\/www.europesays.com\/no\/wp-json\/wp\/v2\/types\/post"}],"author":[{"embeddable":true,"href":"https:\/\/www.europesays.com\/no\/wp-json\/wp\/v2\/users\/2"}],"replies":[{"embeddable":true,"href":"https:\/\/www.europesays.com\/no\/wp-json\/wp\/v2\/comments?post=124638"}],"version-history":[{"count":0,"href":"https:\/\/www.europesays.com\/no\/wp-json\/wp\/v2\/posts\/124638\/revisions"}],"wp:featuredmedia":[{"embeddable":true,"href":"https:\/\/www.europesays.com\/no\/wp-json\/wp\/v2\/media\/124639"}],"wp:attachment":[{"href":"https:\/\/www.europesays.com\/no\/wp-json\/wp\/v2\/media?parent=124638"}],"wp:term":[{"taxonomy":"category","embeddable":true,"href":"https:\/\/www.europesays.com\/no\/wp-json\/wp\/v2\/categories?post=124638"},{"taxonomy":"post_tag","embeddable":true,"href":"https:\/\/www.europesays.com\/no\/wp-json\/wp\/v2\/tags?post=124638"}],"curies":[{"name":"wp","href":"https:\/\/api.w.org\/{rel}","templated":true}]}}