{"id":124651,"date":"2025-12-30T11:18:09","date_gmt":"2025-12-30T11:18:09","guid":{"rendered":"https:\/\/www.europesays.com\/no\/124651\/"},"modified":"2025-12-30T11:18:09","modified_gmt":"2025-12-30T11:18:09","slug":"da-blir-det-iskaldt","status":"publish","type":"post","link":"https:\/\/www.europesays.com\/no\/124651\/","title":{"rendered":"Da blir det iskaldt"},"content":{"rendered":"<p class=\"kicker \" style=\"\">V\u00e6ret:<\/p>\n<p>  Meteorologene advarer om sprengkulde og minusgrader i hele Norge fra nytt\u00e5r. Det varsles temperaturer ned mot 30 kuldegrader enkelte steder.<\/p>\n<p>\n    BRER OM SEG: Arktisk kaldluft skal trekke nedover og legge seg over hele landet fra nytt\u00e5r. De kaldeste stedene er det ansl\u00e5tt mellom 20 og 30 minusgrader. Foto: Meteorologisk institutt\n  <\/p>\n<p>&#8211; Etter nytt\u00e5rshelga vil kaldlufta spre seg nedover Europa, skriver meteorologene ved Meteorologisk institutt p\u00e5 sine nettsider.\u00a0<\/p>\n<p>Etter flere dager med farevarsler i fleng, som advarte om b\u00e5de kraftig vind og sn\u00f8 i flere omr\u00e5der av landet, gjelder det alts\u00e5 \u00e5 finne fram ullgenser og stillongs.\u00a0<\/p>\n<p> &#8211; Vi venter at temperaturen skal synke, og det kommer til \u00e5 bli kaldere enn gjennomsnittet for \u00e5rstida. Det blir minusgrader i hele landet, sa statsmeteorolog ved Meteorologisk institutt, Terje Alsvik Wall\u00f8e, om v\u00e6ret de f\u00f8rste dagene i 2026 da\u00a0<a href=\"https:\/\/www.dagbladet.no\/nyheter\/har-sendt-ut-nye-farevarsler\/84032072#:~:text=%2D%20Vi%20venter%20at%20temperaturen%20skal%20synke%2C%20og%20det%20kommer%20til%20%C3%A5%20bli%20kaldere%20enn%20gjennomsnittet%20for%20%C3%A5rstida.%20Det%20blir%20minusgrader%20i%20hele%20landet%2C%20sier%20Alsvik%20Wall%C3%B8e.%C2%A0\" target=\"_blank\" rel=\"nofollow noopener\">Dagbladet snakket med ham s\u00f8ndag<\/a>.\u00a0<\/p>\n<blockquote class=\"yr-embed\" data-post-id=\"63517dd6-fc2a-43cb-ad4d-dfd3c21d6b59\"><p>Etter nytt\u00e5rshelga vil kaldlufta spre seg nedover i Europa\ud83c\udf2c\ufe0f\ud83d\udcc9<\/p>\n<p>Om en dr\u00f8y uke vil det bli minusgrader ogs\u00e5 om natta helt ned til Nord-Afrika. Om prognosene sl\u00e5r til, kan det faktisk ogs\u00e5 bli sn\u00f8 i store deler av Nord-Frankrike\u2744\ufe0f<\/p>\n<p><a href=\"https:\/\/www.yr.no\/nb\/meteorologene\/63517dd6-fc2a-43cb-ad4d-dfd3c21d6b59\" rel=\"nofollow noopener\" target=\"_blank\">Se melding p\u00e5 Yr<\/a> \u00b7 I g\u00e5r kl. 13:51<\/p>\n<\/blockquote>\n<p>Nytt\u00e5rskulde til hele landet\t<\/p>\n<p>If\u00f8lge <a href=\"https:\/\/www.tv2.no\/nyheter\/arktisk-kulde-over-hele-landet\/18416615\/\" target=\"_blank\" rel=\"nofollow noopener\">TV 2<\/a>\u00a0blir det en kald start p\u00e5 2026 for hele landet.\u00a0<\/p>\n<p>Meteorolog i Storm, Sander L\u00f8kling Holm, sier til kanalen at det vil bli t\u00f8rt og mye opphold de fleste steder, men at\u00a0\u00abdet kan bli en del sn\u00f8byger rundt forbi\u00bb.\u00a0<\/p>\n<p>        Tusenvis har mistet str\u00f8mmen i Nordland som f\u00f8lge av uv\u00e6ret. Politiet ber folk holde seg inne. Video: Snapmap\/Tips<\/p>\n<p>&#8211; Et lavtrykk legger seg inn mot Sverige, og vil ligge og sirkulere \u00f8st for oss, og trekke ny kald luft fra arktis, sier statsmeteorolog, Siri Wiberg, til TV 2. <\/p>\n<p>Hun ansl\u00e5r temperaturer mellom 20 og 30 minusgrader p\u00e5 de kaldeste stedene, og at landet vil dekkes av kaldluft i hvert fall ei ukes tid.\u00a0<\/p>\n<p>Det er Finnmarksvidda og indre str\u00f8k i S\u00f8r-Norge som kan forvente seg de kaldeste gradene.\u00a0<\/p>\n<p>&#8211; F\u00e5r du trekk i lufta, blir det fort mye kaldere, advarer Wiberg.\u00a0<\/p>\n<p>    <a itemprop=\"url\" href=\"https:\/\/www.dagbladet.no\/nyheter\/vaerkaos-i-nord\/84033393\" rel=\"nofollow noopener\" target=\"_blank\"><\/p>\n<p>        <img loading=\"lazy\" decoding=\"async\" src=\"https:\/\/www.europesays.com\/no\/wp-content\/uploads\/2025\/12\/84033405.webp.webp\" width=\"980\" height=\"441\" title=\"V\u00e6rkaos i nord\" alt=\"\" class=\"lazyload\" style=\"--aspect-ratio-image: 2.22; \"\/><\/p>\n<p>        V\u00e6rkaos i nord<\/p>\n<p>    <\/a><\/p>\n<p>Kaldere enn vi er vant til\t<\/p>\n<p>Men ogs\u00e5 i byene i S\u00f8r-Norge, som Kristiansand og Stavanger, vil man merke de vinterlige temperaturene.\u00a0<\/p>\n<p>I hovedstaden kan temperaturen krype ned til under minus ti grader.\u00a0<\/p>\n<p>&#8211; Det blir ganske kaldt i forhold til det vi er vant til i Oslo p\u00e5 denne \u00e5rstida, sier Wiberg. <\/p>\n<p>Hun oppfordrer folk til \u00e5 f\u00f8lge med p\u00e5 at kulda kan f\u00f8re til b\u00e5de glatte veier og frosne r\u00f8r.\u00a0<\/p>\n<p>If\u00f8lge Meteorologisk institutt, vil omr\u00e5dene helt ned til Nord-Afrika f\u00e5 minusgrader om natta.\u00a0<\/p>\n<p>&#8211; Om prognosene sl\u00e5r til, kan det faktisk ogs\u00e5 bli sn\u00f8 i store deler av Nord-Frankrike, skriver meteorologene p\u00e5 sine nettsider.\u00a0<\/p>\n","protected":false},"excerpt":{"rendered":"V\u00e6ret: Meteorologene advarer om sprengkulde og minusgrader i hele Norge fra nytt\u00e5r. Det varsles temperaturer ned mot 30&hellip;\n","protected":false},"author":2,"featured_media":124652,"comment_status":"","ping_status":"","sticky":false,"template":"","format":"standard","meta":{"footnotes":""},"categories":[10],"tags":[20,21,24,25,15,2539,22,23,13,30,28,29,14,16,26,27],"class_list":{"0":"post-124651","1":"post","2":"type-post","3":"status-publish","4":"format-standard","5":"has-post-thumbnail","7":"category-norge","8":"tag-breaking-news","9":"tag-breakingnews","10":"tag-featured-news","11":"tag-featurednews","12":"tag-headlines","13":"tag-innenriks","14":"tag-latest-news","15":"tag-latestnews","16":"tag-news","17":"tag-no","18":"tag-norge","19":"tag-norway","20":"tag-nyheter","21":"tag-overskrifter","22":"tag-top-stories","23":"tag-topstories"},"share_on_mastodon":{"url":"https:\/\/pubeurope.com\/@no\/115808246439778553","error":""},"_links":{"self":[{"href":"https:\/\/www.europesays.com\/no\/wp-json\/wp\/v2\/posts\/124651","targetHints":{"allow":["GET"]}}],"collection":[{"href":"https:\/\/www.europesays.com\/no\/wp-json\/wp\/v2\/posts"}],"about":[{"href":"https:\/\/www.europesays.com\/no\/wp-json\/wp\/v2\/types\/post"}],"author":[{"embeddable":true,"href":"https:\/\/www.europesays.com\/no\/wp-json\/wp\/v2\/users\/2"}],"replies":[{"embeddable":true,"href":"https:\/\/www.europesays.com\/no\/wp-json\/wp\/v2\/comments?post=124651"}],"version-history":[{"count":0,"href":"https:\/\/www.europesays.com\/no\/wp-json\/wp\/v2\/posts\/124651\/revisions"}],"wp:featuredmedia":[{"embeddable":true,"href":"https:\/\/www.europesays.com\/no\/wp-json\/wp\/v2\/media\/124652"}],"wp:attachment":[{"href":"https:\/\/www.europesays.com\/no\/wp-json\/wp\/v2\/media?parent=124651"}],"wp:term":[{"taxonomy":"category","embeddable":true,"href":"https:\/\/www.europesays.com\/no\/wp-json\/wp\/v2\/categories?post=124651"},{"taxonomy":"post_tag","embeddable":true,"href":"https:\/\/www.europesays.com\/no\/wp-json\/wp\/v2\/tags?post=124651"}],"curies":[{"name":"wp","href":"https:\/\/api.w.org\/{rel}","templated":true}]}}