{"id":124655,"date":"2025-12-30T11:20:35","date_gmt":"2025-12-30T11:20:35","guid":{"rendered":"https:\/\/www.europesays.com\/no\/124655\/"},"modified":"2025-12-30T11:20:35","modified_gmt":"2025-12-30T11:20:35","slug":"sport-langrenn-astrid-oyre-slind-tok-karrierens-femte-verdenscupseier-med-kanonlop-svensk-smell-etter-pangapning","status":"publish","type":"post","link":"https:\/\/www.europesays.com\/no\/124655\/","title":{"rendered":"Sport, Langrenn | Astrid \u00d8yre Slind tok karrierens femte verdenscupseier med kanonl\u00f8p \u2013 svensk smell etter pang\u00e5pning"},"content":{"rendered":"\n<p>Under forrige sesongs Tour de Ski vant Slind to renn i nettopp Toblach. Mandag sto hun p\u00e5 toppen av seierspallen igjen.<\/p>\n<p>Den svenske langrennsyndlingen Frida Karlsson pang\u00e5pnet i Italia, men fikk etter hvert store fartsproblemer. Slind gikk p\u00e5 sin side et jevnt godt renn og tok inn Karlsson med et halvminutt i sporet.<\/p>\n<p>Til slutt var det bare amerikanske Jessie Diggins og \u00f8sterrikske Teresa Stadlober som klarte \u00e5 f\u00f8lge den norske superveteranen i kampen om seieren.<\/p>\n<p>Stadlober var til slutt sl\u00e5tt med sju sekunder, mens tredjeplasserte Diggins var ytterligere to sekunder bak.<\/p>\n<p>  <a href=\"https:\/\/www.rb.no\/5-43-2642924\" class=\"related-teaser has-image default-story-teaser article--c-eRUmMG article--c-eRUmMG-jKCPdD-design-default\" rel=\"nofollow noopener\" target=\"_blank\"><\/p>\n<p>    <img decoding=\"async\" loading=\"lazy\"  src=\"https:\/\/www.europesays.com\/no\/wp-content\/uploads\/2025\/12\/DSC_9588.JPG\" alt=\"\" class=\"brick-c-cFOWSL\" style=\"\"\/><\/p>\n<p>\n            Les ogs\u00e5<\/p>\n<p>              Har funnet den siste sj\u00e5f\u00f8ren etter kappkj\u00f8ringsulykken\n        <\/p>\n<p>  <\/a><br \/>\n  Svensk krise<\/p>\n<p>Frida Karlsson tapte mye mot slutten og var sl\u00e5tt med 35,7 sekunder. Det ga femteplass, ogs\u00e5 bak den finske veteranen Kerttu Niskanen.<\/p>\n<p>Enda verre gikk det for en annen svensk Tour-favoritt, Ebba Andersson. Hun var distansert med 52 sekunder av den norske vinneren. Det gir et vanskelig utgangspunkt foran dagene som venter.<\/p>\n<p>Viaplays eksperter spekulerte kjapt i d\u00e5rlige svenske ski.<\/p>\n<p>\u2013 Ebba Andersson ser i hvert fall ut til \u00e5 ha bakglatte ski. Det s\u00e5 jeg tidlig, sa Niklas Dyrhaug.<\/p>\n<p>Moa Ilar ble nest best av de svensk, men ogs\u00e5 hun var sl\u00e5tt med over 40 sekunder av Slind.<\/p>\n<p>  <a href=\"https:\/\/www.rb.no\/5-43-2641675\" class=\"related-teaser has-image default-story-teaser article--c-eRUmMG article--c-eRUmMG-jKCPdD-design-default\" rel=\"nofollow noopener\" target=\"_blank\"><\/p>\n<p>    <img decoding=\"async\" loading=\"lazy\"  src=\"https:\/\/www.europesays.com\/no\/wp-content\/uploads\/2025\/12\/Ahus+191225+04.jpg\" alt=\"\" class=\"brick-c-cFOWSL\" style=\"\"\/><\/p>\n<p>\n            Les ogs\u00e5<\/p>\n<p>              Datteren var alvorlig syk \u2013 ble sendt hjem fra Ahus gjentatte ganger: \u2013 En skandale\n        <\/p>\n<p>  <\/a><br \/>\n  Weng klart sl\u00e5tt<\/p>\n<p>Heidi Weng ble nest best av de norske p\u00e5 \u00e5ttendeplass. Enebakk-jenta er et stykke unna sitt toppniv\u00e5. Hun var sl\u00e5tt med 46 sekunder.<\/p>\n<p>Julie Bjervig Drivenes ble nummer 11, mens Karoline Simpson-Larsen gikk inn til 14.-plass.<\/p>\n<p>Kristine Stav\u00e5s Skistad ledet touren etter seier p\u00e5 \u00e5pningssprinten i Toblach s\u00f8ndag. Dagen derp\u00e5 m\u00e5tte hun som ventet gi fra seg ledelsen.<\/p>\n<p>Skistad tapte tidlig terreng til de beste og var i m\u00e5l sl\u00e5tt med nesten tre minutter.<\/p>\n<p>(\u00a9NTB)<\/p>\n<p>  <a href=\"https:\/\/www.rb.no\/5-43-2642946\" class=\"related-teaser has-image default-story-teaser article--c-eRUmMG article--c-eRUmMG-jKCPdD-design-default\" rel=\"nofollow noopener\" target=\"_blank\"><\/p>\n<p>    <img decoding=\"async\" loading=\"lazy\"  src=\"https:\/\/www.europesays.com\/no\/wp-content\/uploads\/2025\/12\/NTB_tAzGV9iBNQE.jpg\" alt=\"\" class=\"brick-c-cFOWSL\" style=\"\"\/><\/p>\n<p>\n            Les ogs\u00e5<\/p>\n<p>              Drikkeforbud, h\u00f8yere b\u00f8ter og ny r\u00f8ykelov \u2013 dette blir nytt n\u00e5\n        <\/p>\n<p>  <\/a><\/p>\n","protected":false},"excerpt":{"rendered":"Under forrige sesongs Tour de Ski vant Slind to renn i nettopp Toblach. Mandag sto hun p\u00e5 toppen&hellip;\n","protected":false},"author":2,"featured_media":124656,"comment_status":"","ping_status":"","sticky":false,"template":"","format":"standard","meta":{"footnotes":""},"categories":[59],"tags":[36,5413,398,30,28,29,83,82,1510],"class_list":{"0":"post-124655","1":"post","2":"type-post","3":"status-publish","4":"format-standard","5":"has-post-thumbnail","7":"category-sport","8":"tag-art","9":"tag-heidi-weng","10":"tag-langrenn","11":"tag-no","12":"tag-norge","13":"tag-norway","14":"tag-sport","15":"tag-sports","16":"tag-story"},"share_on_mastodon":{"url":"https:\/\/pubeurope.com\/@no\/115808254241054410","error":""},"_links":{"self":[{"href":"https:\/\/www.europesays.com\/no\/wp-json\/wp\/v2\/posts\/124655","targetHints":{"allow":["GET"]}}],"collection":[{"href":"https:\/\/www.europesays.com\/no\/wp-json\/wp\/v2\/posts"}],"about":[{"href":"https:\/\/www.europesays.com\/no\/wp-json\/wp\/v2\/types\/post"}],"author":[{"embeddable":true,"href":"https:\/\/www.europesays.com\/no\/wp-json\/wp\/v2\/users\/2"}],"replies":[{"embeddable":true,"href":"https:\/\/www.europesays.com\/no\/wp-json\/wp\/v2\/comments?post=124655"}],"version-history":[{"count":0,"href":"https:\/\/www.europesays.com\/no\/wp-json\/wp\/v2\/posts\/124655\/revisions"}],"wp:featuredmedia":[{"embeddable":true,"href":"https:\/\/www.europesays.com\/no\/wp-json\/wp\/v2\/media\/124656"}],"wp:attachment":[{"href":"https:\/\/www.europesays.com\/no\/wp-json\/wp\/v2\/media?parent=124655"}],"wp:term":[{"taxonomy":"category","embeddable":true,"href":"https:\/\/www.europesays.com\/no\/wp-json\/wp\/v2\/categories?post=124655"},{"taxonomy":"post_tag","embeddable":true,"href":"https:\/\/www.europesays.com\/no\/wp-json\/wp\/v2\/tags?post=124655"}],"curies":[{"name":"wp","href":"https:\/\/api.w.org\/{rel}","templated":true}]}}