{"id":124687,"date":"2025-12-30T12:06:17","date_gmt":"2025-12-30T12:06:17","guid":{"rendered":"https:\/\/www.europesays.com\/no\/124687\/"},"modified":"2025-12-30T12:06:17","modified_gmt":"2025-12-30T12:06:17","slug":"han-har-operert-over-300-krigsskadde-pasienter-de-siste-arene-to-ting-bekymrer-ham","status":"publish","type":"post","link":"https:\/\/www.europesays.com\/no\/124687\/","title":{"rendered":"Han har operert over 300 krigsskadde pasienter de siste \u00e5rene. To ting bekymrer ham"},"content":{"rendered":"<p>    KIRURGI: Droner endrer krig. De endrer ogs\u00e5 hvordan folk blir skadet. Det har krigskirurgen Bjarte Tidemann Andersen sett p\u00e5 n\u00e6rt hold.<\/p>\n<p>\n        IMPROVISERE: Krigskirurgen Bjarte Tidemann Andersen nhar jobbet med skadde etter krig og konflikt i over 20 \u00e5r.<br \/>\n        Ella Hageberg Wold\n    <\/p>\n<p>                Bestill abonnement her<\/p>\n<p>\n                    <a class=\"lab-paywall-teaser-offer-button\" href=\"http:\/\/kampanje.vl.no\/betalingsmur\" rel=\"nofollow noopener\" target=\"_blank\">KJ\u00d8P<\/a>\n                <\/p>\n","protected":false},"excerpt":{"rendered":"KIRURGI: Droner endrer krig. De endrer ogs\u00e5 hvordan folk blir skadet. Det har krigskirurgen Bjarte Tidemann Andersen sett&hellip;\n","protected":false},"author":2,"featured_media":124688,"comment_status":"","ping_status":"","sticky":false,"template":"","format":"standard","meta":{"footnotes":""},"categories":[12],"tags":[20,21,24,25,15,22,23,13,30,28,29,14,16,26,27,42,43,44,45],"class_list":{"0":"post-124687","1":"post","2":"type-post","3":"status-publish","4":"format-standard","5":"has-post-thumbnail","7":"category-verden","8":"tag-breaking-news","9":"tag-breakingnews","10":"tag-featured-news","11":"tag-featurednews","12":"tag-headlines","13":"tag-latest-news","14":"tag-latestnews","15":"tag-news","16":"tag-no","17":"tag-norge","18":"tag-norway","19":"tag-nyheter","20":"tag-overskrifter","21":"tag-top-stories","22":"tag-topstories","23":"tag-verden","24":"tag-world","25":"tag-world-news","26":"tag-worldnews"},"share_on_mastodon":{"url":"https:\/\/pubeurope.com\/@no\/115808435258788422","error":""},"_links":{"self":[{"href":"https:\/\/www.europesays.com\/no\/wp-json\/wp\/v2\/posts\/124687","targetHints":{"allow":["GET"]}}],"collection":[{"href":"https:\/\/www.europesays.com\/no\/wp-json\/wp\/v2\/posts"}],"about":[{"href":"https:\/\/www.europesays.com\/no\/wp-json\/wp\/v2\/types\/post"}],"author":[{"embeddable":true,"href":"https:\/\/www.europesays.com\/no\/wp-json\/wp\/v2\/users\/2"}],"replies":[{"embeddable":true,"href":"https:\/\/www.europesays.com\/no\/wp-json\/wp\/v2\/comments?post=124687"}],"version-history":[{"count":0,"href":"https:\/\/www.europesays.com\/no\/wp-json\/wp\/v2\/posts\/124687\/revisions"}],"wp:featuredmedia":[{"embeddable":true,"href":"https:\/\/www.europesays.com\/no\/wp-json\/wp\/v2\/media\/124688"}],"wp:attachment":[{"href":"https:\/\/www.europesays.com\/no\/wp-json\/wp\/v2\/media?parent=124687"}],"wp:term":[{"taxonomy":"category","embeddable":true,"href":"https:\/\/www.europesays.com\/no\/wp-json\/wp\/v2\/categories?post=124687"},{"taxonomy":"post_tag","embeddable":true,"href":"https:\/\/www.europesays.com\/no\/wp-json\/wp\/v2\/tags?post=124687"}],"curies":[{"name":"wp","href":"https:\/\/api.w.org\/{rel}","templated":true}]}}