{"id":124689,"date":"2025-12-30T12:07:56","date_gmt":"2025-12-30T12:07:56","guid":{"rendered":"https:\/\/www.europesays.com\/no\/124689\/"},"modified":"2025-12-30T12:07:56","modified_gmt":"2025-12-30T12:07:56","slug":"trafikk-midt-osterdal-julussdalsveien-er-apnet-igjen","status":"publish","type":"post","link":"https:\/\/www.europesays.com\/no\/124689\/","title":{"rendered":"Trafikk, Midt-\u00d8sterdal | Julussdalsveien er \u00e5pnet igjen"},"content":{"rendered":"\n<p>S\u00f8ndag ettermiddag meldte politiet om en trafikal hendelse p\u00e5 Julussdalsveien i \u00c5mot.<\/p>\n<p>En person ble bekreftet senere bekreftet omkommet.<\/p>\n<p>De p\u00e5r\u00f8rende er varslet om d\u00f8dsfallet.<\/p>\n<p>Siden s\u00f8ndag har vegen v\u00e6rt stengt som f\u00f8lge politiets arbeid p\u00e5 stedet.<\/p>\n<p>\u2013 Vi er n\u00e5 ferdige med v\u00e5rt arbeid og vegen er \u00e5pnet for normal trafikk, sier operasjonsleder Haagen L\u00f8vseth ved Innlandet politidistrikt like over klokken 17.00 mandag ettermiddag.<\/p>\n<p>  <a href=\"https:\/\/www.ostlendingen.no\/80-69-170079\" class=\"related-teaser has-image default-story-teaser article--c-eRUmMG article--c-eRUmMG-jKCPdD-design-default\" wp_automatic_readability=\"1\" rel=\"nofollow noopener\" target=\"_blank\"><\/p>\n<p>    For abonnenter<\/p>\n<p>    <img decoding=\"async\" loading=\"lazy\"  src=\"https:\/\/www.europesays.com\/no\/wp-content\/uploads\/2025\/12\/IMG_1211.JPG\" alt=\"\" class=\"brick-c-cFOWSL\" style=\"\"\/><\/p>\n<p>\n            Les ogs\u00e5<\/p>\n<p>  \u2013 Det har v\u00e6rt en kraftig eksplosjon<\/p>\n<p>  <\/a><\/p>\n<p>  <a href=\"https:\/\/www.ostlendingen.no\/80-69-169836\" class=\"related-teaser has-image default-story-teaser article--c-eRUmMG article--c-eRUmMG-jKCPdD-design-default\" wp_automatic_readability=\"1\" rel=\"nofollow noopener\" target=\"_blank\"><\/p>\n<p>    For abonnenter<\/p>\n<p>    <img decoding=\"async\" loading=\"lazy\"  src=\"https:\/\/www.europesays.com\/no\/wp-content\/uploads\/2025\/12\/1767096476_792_att.LW4ug1kxNre056UC4h7AjuaNQNhvfuBtdxM5uSZ9a4g.jpeg\" alt=\"\" class=\"brick-c-cFOWSL\" style=\"\"\/><\/p>\n<p>\n            Les ogs\u00e5<\/p>\n<p>  Bombegruppe flydd inn: Vegen fortsatt stengt<\/p>\n<p>  <\/a><\/p>\n<p>  <a href=\"https:\/\/www.ostlendingen.no\/80-69-169686\" class=\"related-teaser has-image default-story-teaser article--c-eRUmMG article--c-eRUmMG-jKCPdD-design-default\" wp_automatic_readability=\"1\" rel=\"nofollow noopener\" target=\"_blank\"><\/p>\n<p>    For abonnenter<\/p>\n<p>    <img decoding=\"async\" loading=\"lazy\"  src=\"https:\/\/www.europesays.com\/no\/wp-content\/uploads\/2025\/12\/1767096476_148_att.LW4ug1kxNre056UC4h7AjuaNQNhvfuBtdxM5uSZ9a4g.JPG\" alt=\"\" class=\"brick-c-cFOWSL\" style=\"\"\/><\/p>\n<p>\n            Les ogs\u00e5<\/p>\n<p>  Vegen stengt etter det som omtales som en alvorlig ulykke<\/p>\n<p>  <\/a><\/p>\n","protected":false},"excerpt":{"rendered":"S\u00f8ndag ettermiddag meldte politiet om en trafikal hendelse p\u00e5 Julussdalsveien i \u00c5mot. En person ble bekreftet senere bekreftet&hellip;\n","protected":false},"author":2,"featured_media":124690,"comment_status":"","ping_status":"","sticky":false,"template":"","format":"standard","meta":{"footnotes":"","_share_on_mastodon":"0"},"categories":[10],"tags":[7554,36,20,21,24,25,15,22,23,8136,13,30,28,29,14,16,1510,26,27,224],"class_list":["post-124689","post","type-post","status-publish","format-standard","has-post-thumbnail","category-norge","tag-amot","tag-art","tag-breaking-news","tag-breakingnews","tag-featured-news","tag-featurednews","tag-headlines","tag-latest-news","tag-latestnews","tag-midt-osterdal","tag-news","tag-no","tag-norge","tag-norway","tag-nyheter","tag-overskrifter","tag-story","tag-top-stories","tag-topstories","tag-trafikk"],"share_on_mastodon":{"url":"https:\/\/pubeurope.com\/@no\/115808443205385646","error":""},"_links":{"self":[{"href":"https:\/\/www.europesays.com\/no\/wp-json\/wp\/v2\/posts\/124689","targetHints":{"allow":["GET"]}}],"collection":[{"href":"https:\/\/www.europesays.com\/no\/wp-json\/wp\/v2\/posts"}],"about":[{"href":"https:\/\/www.europesays.com\/no\/wp-json\/wp\/v2\/types\/post"}],"author":[{"embeddable":true,"href":"https:\/\/www.europesays.com\/no\/wp-json\/wp\/v2\/users\/2"}],"replies":[{"embeddable":true,"href":"https:\/\/www.europesays.com\/no\/wp-json\/wp\/v2\/comments?post=124689"}],"version-history":[{"count":0,"href":"https:\/\/www.europesays.com\/no\/wp-json\/wp\/v2\/posts\/124689\/revisions"}],"wp:featuredmedia":[{"embeddable":true,"href":"https:\/\/www.europesays.com\/no\/wp-json\/wp\/v2\/media\/124690"}],"wp:attachment":[{"href":"https:\/\/www.europesays.com\/no\/wp-json\/wp\/v2\/media?parent=124689"}],"wp:term":[{"taxonomy":"category","embeddable":true,"href":"https:\/\/www.europesays.com\/no\/wp-json\/wp\/v2\/categories?post=124689"},{"taxonomy":"post_tag","embeddable":true,"href":"https:\/\/www.europesays.com\/no\/wp-json\/wp\/v2\/tags?post=124689"}],"curies":[{"name":"wp","href":"https:\/\/api.w.org\/{rel}","templated":true}]}}