{"id":124711,"date":"2025-12-30T12:39:44","date_gmt":"2025-12-30T12:39:44","guid":{"rendered":"https:\/\/www.europesays.com\/no\/124711\/"},"modified":"2025-12-30T12:39:44","modified_gmt":"2025-12-30T12:39:44","slug":"advart-for-trump-mote-vaer-forsiktig","status":"publish","type":"post","link":"https:\/\/www.europesays.com\/no\/124711\/","title":{"rendered":"Advart f\u00f8r Trump-m\u00f8te: &#8211; V\u00e6r forsiktig"},"content":{"rendered":"<p>  Superstjerna deiset i isen foran m\u00f8rbanket kj\u00e6reste.\u00a0<\/p>\n<p>\n    FRUSTRERENDE DAG: Nederlands sk\u00f8ytestjerne Jutta Leerdam f\u00e5r muligens ikke g\u00e5 favoritt\u00f8velsen i OL. Foto: NTB\n  <\/p>\n<p>Med 4,9 millionere f\u00f8lgere p\u00e5 Instagram og kj\u00e6resten Jake Paul (28,8 millioner f\u00f8lgere) p\u00e5 tribunen, vil Jutta Leerdam (26) trolig v\u00e6re OLs st\u00f8rste stjerne n\u00e5r lekene starter i Italia om en dr\u00f8y m\u00e5ned.\u00a0<\/p>\n<p>S\u00f8ndag var det kvalifiseringsturnering for de nederlandske l\u00f8perne. For Leerdam ble det en f\u00f8lelsesmessig berg-og-dalbane.\u00a0<\/p>\n<p>    <a itemprop=\"url\" href=\"https:\/\/www.dagbladet.no\/sport\/forferdelig-a-se\/84038355\" rel=\"nofollow noopener\" target=\"_blank\"><\/p>\n<p>        <img loading=\"lazy\" decoding=\"async\" src=\"https:\/\/www.europesays.com\/no\/wp-content\/uploads\/2025\/12\/84038438.webp.webp\" width=\"980\" height=\"441\" title=\"- Forferdelig \u00e5 se\" alt=\"\" class=\"lazyload\" style=\"--aspect-ratio-image: 2.22; \"\/><\/p>\n<p>        &#8211; Forferdelig \u00e5 se<\/p>\n<p>    <\/a><\/p>\n<p>P\u00e5 favoritt\u00f8velsen 1000 meter gikk hun i isen og \u00f8dela egne sjanser. Bildene etterp\u00e5 viste henne i t\u00e5rer, totalt knust.\u00a0<\/p>\n<p>&#8211; Jeg faller aldri, s\u00e5 skjer det n\u00e5. Jeg vet ikke hvordan det skjedde, jeg er s\u00e5 skuffet, sa hun i et t\u00e5rev\u00e5tt intervju med <a href=\"https:\/\/nos.nl\/artikel\/2596040-leerdam-in-tranen-na-val-bij-okt-weet-niet-hoe-het-kan-baal-echt-enorm\" rel=\"nofollow noopener\" target=\"_blank\">NOS<\/a>.<\/p>\n<p>        <img loading=\"lazy\" decoding=\"async\" src=\"https:\/\/www.europesays.com\/no\/wp-content\/uploads\/2025\/12\/84038539.webp.webp\" width=\"686\" height=\"460\" title=\"UHELDIG: Jutta Leerdam gikk i isen. Foto: NTB\" alt=\"\" class=\"\" style=\"--aspect-ratio-image: 1.49; \"\/><\/p>\n<p>\n        UHELDIG: Jutta Leerdam gikk i isen. Foto: NTB\n    <\/p>\n<p>Likevel revansjerte hun seg med en god 500 meter, som trolig sikrer henne en OL-plass, det skriver b\u00e5de hun selv, samt nederlandske medier.\u00a0<\/p>\n<p>&#8211; Det var en t\u00f8ff dag for meg. Du f\u00f8ler deg s\u00e5 bra, s\u00e5 faller du og alt er over. Du kan ikke fullf\u00f8re l\u00f8pet og det er veldig frustrerende. Du kan ta offerrollen, men det er ikke meg, jeg vil sl\u00e5 tilbake, sa hun etter oppturen p\u00e5 500 meter.<\/p>\n<p>&#8211; Jeg er fortsatt i sjokk. Jeg har aldri f\u00e5tt s\u00e5 mange meldinger med st\u00f8tte f\u00f8r, og er s\u00e5 takknemlig. Jeg har lest alt og setter mer pris p\u00e5 det enn dere tror, skriver hun videre p\u00e5 Instagram.<\/p>\n<p>\u00c5 sl\u00e5 tilbake kostet:<\/p>\n<p>&#8211; Kneet mitt var bl\u00e5tt og ryggen var stiv, men man kan mentalt stenge det ute, fortalte hun etter \u00e5 ha kvalifisert seg p\u00e5 500 meter.\u00a0<\/p>\n<p>        <img loading=\"lazy\" decoding=\"async\" src=\"https:\/\/www.europesays.com\/no\/wp-content\/uploads\/2025\/12\/84038545.webp.webp\" width=\"686\" height=\"460\" title=\"PREGET: Leerdam var tydelig lei seg etter fallet. Foto: NTB\" alt=\"\" class=\"\" style=\"--aspect-ratio-image: 1.49; \"\/><\/p>\n<p>\n        PREGET: Leerdam var tydelig lei seg etter fallet. Foto: NTB\n    <\/p>\n<p>Hun sier at til tross for fallet h\u00e5per hun \u00e5 bli vurdert ogs\u00e5 til 1000 meter i OL. Det er hennes beste distanse, og hun har seier i verdenscupen p\u00e5 distansen fra tidligere i sesongen.\u00a0<\/p>\n<p>Leerdam utgj\u00f8r et h\u00f8yprofilert internasjonalt par med den amerikanske influenseren Jake Paul, som har omskolert seg til bokser. Og s<a href=\"https:\/\/www.dagbladet.no\/sport\/knust-av-joshua-fraktet-til-sykehus\/84013107\" rel=\"nofollow noopener\" target=\"_blank\">om bare for f\u00e5 dager siden fikk grisejuling av tidligere verdensmester Anthony Joshua<\/a>.\u00a0<\/p>\n<p class=\"italic m-italic\" data-lab-italic=\"italic\">Joshua var mandag passasjer i en bil som var involvert i en d\u00f8dsulykke. To passasjerer i samme bil som Joshua d\u00f8de:<\/p>\n<p>    <a itemprop=\"url\" href=\"https:\/\/www.dagbladet.no\/sport\/bbc-involvert-i-dodsulykke\/84036891\" rel=\"nofollow noopener\" target=\"_blank\"><\/p>\n<p>        <img loading=\"lazy\" decoding=\"async\" src=\"https:\/\/www.europesays.com\/no\/wp-content\/uploads\/2025\/12\/84036910.webp.webp\" width=\"980\" height=\"441\" title=\"BBC: Involvert i d\u00f8dsulykke\" alt=\"\" class=\"lazyload\" style=\"--aspect-ratio-image: 2.22; \"\/><\/p>\n<p>        BBC: Involvert i d\u00f8dsulykke<\/p>\n<p>    <\/a><\/p>\n<p>Kampen skal ha gjort Paul\u00a0<a href=\"https:\/\/www.dagbladet.no\/sport\/nesten-en-million-i-sekundet\/84018945\" rel=\"nofollow noopener\" target=\"_blank\">rundt 920 millioner norske kroner rikere<\/a>, men kostet ogs\u00e5 et kjevebrudd da han ble sl\u00e5tt ut av kampen.\u00a0<\/p>\n<p>Til tross for den f\u00e6le smellen satt Paul p\u00e5 tribunen og st\u00f8ttet sin kj\u00e6re i Nederland.\u00a0<\/p>\n<p>I en post hvor han filmet Leerdam etter at hun sikret seg 500 meter-plassen, skrev han:\u00a0<\/p>\n<p>&#8211; S\u00e5 stolt av deg, kriger.\u00a0<\/p>\n<p>        <img loading=\"lazy\" decoding=\"async\" src=\"https:\/\/www.europesays.com\/no\/wp-content\/uploads\/2025\/12\/84038541.webp.webp\" width=\"686\" height=\"460\" title=\"P\u00c5 PLASS: Youtuber og bokser Jake Paul med brukket kjeve p\u00e5 tribunen i nederlandske Thialf. Foto: NTB\" alt=\"\" class=\"\" style=\"--aspect-ratio-image: 1.49; \"\/><\/p>\n<p>\n        P\u00c5 PLASS: Youtuber og bokser Jake Paul med brukket kjeve p\u00e5 tribunen i nederlandske Thialf. Foto: NTB\n    <\/p>\n<p>OL i Italia starter 6. februar. Sk\u00f8yte\u00f8velsene skal holdes i Milano.\u00a0<\/p>\n","protected":false},"excerpt":{"rendered":"Superstjerna deiset i isen foran m\u00f8rbanket kj\u00e6reste.\u00a0 FRUSTRERENDE DAG: Nederlands sk\u00f8ytestjerne Jutta Leerdam f\u00e5r muligens ikke g\u00e5 favoritt\u00f8velsen&hellip;\n","protected":false},"author":2,"featured_media":124712,"comment_status":"","ping_status":"","sticky":false,"template":"","format":"standard","meta":{"footnotes":""},"categories":[5],"tags":[20,21,24,25,15,19,179,22,23,17,18,13,30,28,29,14,16,188,26,27,489,412],"class_list":{"0":"post-124711","1":"post","2":"type-post","3":"status-publish","4":"format-standard","5":"has-post-thumbnail","7":"category-overskrifter","8":"tag-breaking-news","9":"tag-breakingnews","10":"tag-featured-news","11":"tag-featurednews","12":"tag-headlines","13":"tag-hovedoppslag","14":"tag-krigen-i-ukraina","15":"tag-latest-news","16":"tag-latestnews","17":"tag-main-news","18":"tag-mainnews","19":"tag-news","20":"tag-no","21":"tag-norge","22":"tag-norway","23":"tag-nyheter","24":"tag-overskrifter","25":"tag-russland","26":"tag-top-stories","27":"tag-topstories","28":"tag-ukraina","29":"tag-utenriks"},"share_on_mastodon":{"url":"https:\/\/pubeurope.com\/@no\/115808564863689586","error":""},"_links":{"self":[{"href":"https:\/\/www.europesays.com\/no\/wp-json\/wp\/v2\/posts\/124711","targetHints":{"allow":["GET"]}}],"collection":[{"href":"https:\/\/www.europesays.com\/no\/wp-json\/wp\/v2\/posts"}],"about":[{"href":"https:\/\/www.europesays.com\/no\/wp-json\/wp\/v2\/types\/post"}],"author":[{"embeddable":true,"href":"https:\/\/www.europesays.com\/no\/wp-json\/wp\/v2\/users\/2"}],"replies":[{"embeddable":true,"href":"https:\/\/www.europesays.com\/no\/wp-json\/wp\/v2\/comments?post=124711"}],"version-history":[{"count":0,"href":"https:\/\/www.europesays.com\/no\/wp-json\/wp\/v2\/posts\/124711\/revisions"}],"wp:featuredmedia":[{"embeddable":true,"href":"https:\/\/www.europesays.com\/no\/wp-json\/wp\/v2\/media\/124712"}],"wp:attachment":[{"href":"https:\/\/www.europesays.com\/no\/wp-json\/wp\/v2\/media?parent=124711"}],"wp:term":[{"taxonomy":"category","embeddable":true,"href":"https:\/\/www.europesays.com\/no\/wp-json\/wp\/v2\/categories?post=124711"},{"taxonomy":"post_tag","embeddable":true,"href":"https:\/\/www.europesays.com\/no\/wp-json\/wp\/v2\/tags?post=124711"}],"curies":[{"name":"wp","href":"https:\/\/api.w.org\/{rel}","templated":true}]}}