{"id":124713,"date":"2025-12-30T12:46:08","date_gmt":"2025-12-30T12:46:08","guid":{"rendered":"https:\/\/www.europesays.com\/no\/124713\/"},"modified":"2025-12-30T12:46:08","modified_gmt":"2025-12-30T12:46:08","slug":"slik-blir-nyttarsvaeret-for-sprengkulden-tar-over","status":"publish","type":"post","link":"https:\/\/www.europesays.com\/no\/124713\/","title":{"rendered":"Slik blir nytt\u00e5rsv\u00e6ret \u2013 f\u00f8r sprengkulden tar over"},"content":{"rendered":"\n<p class=\"_lead_o9xde_2 _lead_xtcu6_50 layout-component text-serif-m layout-normal text-serif-l layout-component layout-wide layout-padded _wide_17hqh_1 layout-padded\">Noen b\u00f8r kle seg litt ekstra for rakettshowet. Andre kan nyte stjerneklar himmel. Men snart skal alle fryse. <\/p>\n<p><img alt=\" Foto: Lise \u00c5serud \/ NTB\" class=\"_image_qp4xg_65 layout-component layout-wide\" data-fullscreen- data-track-element-type=\"Article image fullscreen\" data-track-name=\"ImageFullscreen\" fetchpriority=\"high\" decoding=\"sync\" loading=\"eager\" height=\"2101\" itemprop=\"image\"  src=\"https:\/\/www.europesays.com\/no\/wp-content\/uploads\/2025\/12\/43c31d0e-1430-426a-af1b-6871cae99658.jpeg\"  style=\"object-position:0% 0%\" width=\"2801\"\/> Foto: Lise \u00c5serud \/ NTB<\/p>\n<ul aria-hidden=\"true\" class=\"_images_ntbth_112\">\n<li><a class=\"_link_ntbth_117\" href=\"https:\/\/www.vg.no\/forfatter\/einar-torkelsen\" style=\"z-index:1\" title=\"Einar Torkelsen\" rel=\"nofollow noopener\" target=\"_blank\"><img alt=\"Bilde av Einar Torkelsen\" class=\"_image_ntbth_93\" fetchpriority=\"low\" loading=\"lazy\" decoding=\"async\" itemprop=\"image\"  src=\"https:\/\/www.europesays.com\/no\/wp-content\/uploads\/2025\/12\/1767098767_4_f6016772-ddbc-43d2-b733-41afc7cc9046.png\"  width=\"480\"\/><\/a><\/li>\n<\/ul>\n<p> Oppdatert tirsdag 30. desember kl. 13:10     <\/p>\n<p class=\"_paragraph_o9xde_4 _paragraph_xtcu6_10 layout-component text-serif-m layout-normal text-serif-m layout-padded\">Det blir nytt\u00e5rsaften i \u00e5r ogs\u00e5. <\/p>\n<p class=\"_paragraph_o9xde_4 _paragraph_xtcu6_10 layout-component text-serif-m layout-normal text-serif-m layout-padded\">Enkelte finner glede av \u00e5 st\u00e5 ute og se p\u00e5 lys fra himmelen n\u00e5r det nye \u00e5ret skal ringes inn. <\/p>\n<p class=\"_paragraph_o9xde_4 _paragraph_xtcu6_10 layout-component text-serif-m layout-normal text-serif-m layout-padded\">Da kan det v\u00e6re greit \u00e5 vite hva slags v\u00e6r en har i vente. <\/p>\n<p class=\"_paragraph_o9xde_4 _paragraph_xtcu6_10 layout-component text-serif-m layout-normal text-serif-m layout-padded\"><strong class=\"_strong_o9xde_25\">Meteorologisk institutt oppsummerer nytt\u00e5rsv\u00e6ret slik:<\/strong><\/p>\n<ul class=\"_list_o9xde_3 _list_xtcu6_9 _unordered_o9xde_106 layout-component text-serif-m layout-normal text-serif-m layout-padded\">\n<li class=\"_item_o9xde_30\">S\u00f8r-Norge: Vindfullt og perioder med nedb\u00f8r. Til dels regn i vest, ellers sludd og sn\u00f8.<\/li>\n<li class=\"_item_o9xde_30\">Nord-Norge: Varierende skydekke, noen sn\u00f8byger p\u00e5 kysten i nord, ellers oppholdsv\u00e6r.<\/li>\n<li class=\"_item_o9xde_30\">Svalbard f\u00e5r gnistrende kaldt nytt\u00e5rsv\u00e6r.<\/li>\n<\/ul>\n<p>\u2013 D\u00e5rligst<\/p>\n<p class=\"_paragraph_o9xde_4 _paragraph_xtcu6_10 layout-component text-serif-m layout-normal text-serif-m layout-padded\">Vakthavende meteorolog Unni Nilssen sier til VG at S\u00f8r-Norge preges av lavtrykksaktivitet.<\/p>\n<p class=\"_paragraph_o9xde_4 _paragraph_xtcu6_10 layout-component text-serif-m layout-normal text-serif-m layout-padded\">\u2013 P\u00e5 Vestlandet er det ventet litt regn. Det er vel kanskje der det blir d\u00e5rligst v\u00e6r. Lenger inn i landet og i h\u00f8yden kan det ogs\u00e5 bli sludd og sn\u00f8, som i Tr\u00f8ndelag og deler av Innlandet, sier Nilssen. <\/p>\n<p><img alt=\"Kartet viser hvor det vil v\u00e6re sjanser for nedb\u00f8r n\u00e5r klokken sl\u00e5r midnatt natt til 1. januar. Bl\u00e5tt betyr v\u00e5tt.   Foto: Skjermdump \/ Yr\" class=\"_image_qp4xg_65 layout-component layout-normal\" data-fullscreen- data-track-element-type=\"Article image fullscreen\" data-track-name=\"ImageFullscreen\" decoding=\"async\" loading=\"lazy\" height=\"1027\" itemprop=\"image\"  src=\"https:\/\/www.europesays.com\/no\/wp-content\/uploads\/2025\/12\/79f4de39-e1b3-4fd0-b008-4e1794eeaf94.jpeg\"  style=\"object-position:0% 0%\" width=\"1027\"\/>Kartet viser hvor det vil v\u00e6re sjanser for nedb\u00f8r n\u00e5r klokken sl\u00e5r midnatt natt til 1. januar. Bl\u00e5tt betyr v\u00e5tt.   Foto: Skjermdump \/ Yr<\/p>\n<p class=\"_paragraph_o9xde_4 _paragraph_xtcu6_10 layout-component text-serif-m layout-normal text-serif-m layout-padded\">Men i Nord-Norge ser det lysere ut. <\/p>\n<p class=\"_paragraph_o9xde_4 _paragraph_xtcu6_10 layout-component text-serif-m layout-normal text-serif-m layout-padded\">\u2013 Hvis vi skal utpeke noen v\u00e6rvinner, m\u00e5 det vel v\u00e6re deler av Troms og Finnmark, samt nordlige Nordland. V\u00e6ret kan ogs\u00e5 bli brukbart \u00f8stafjells, iallfall for det meste av kvelden frem til skyene legger seg, sier Nilsen. <\/p>\n<p class=\"_paragraph_o9xde_4 _paragraph_xtcu6_10 layout-component text-serif-m layout-normal text-serif-m layout-padded\">Nordp\u00e5 vil det ogs\u00e5 v\u00e6re gode sjanser for klar stjernehimmel. <\/p>\n<p class=\"_paragraph_o9xde_4 _paragraph_xtcu6_10 layout-component text-serif-m layout-normal text-serif-m layout-padded\">V\u00e6r obs med fyrverkeriet:<\/p>\n<p>   Sprengkulde<\/p>\n<p class=\"_paragraph_o9xde_4 _paragraph_xtcu6_10 layout-component text-serif-m layout-normal text-serif-m layout-padded\">Du lurer kanskje ogs\u00e5 p\u00e5 hvordan v\u00e6ret blir i det nye \u00e5rets f\u00f8rste dager. <\/p>\n<p class=\"_paragraph_o9xde_4 _paragraph_xtcu6_10 layout-component text-serif-m layout-normal text-serif-m layout-padded\">Svaret er at det blir kaldt. <\/p>\n<p class=\"_paragraph_o9xde_4 _paragraph_xtcu6_10 layout-component text-serif-m layout-normal text-serif-m layout-padded\">\u2013 Vi kan vel si at det blir sprengkulde en periode. Det blir frysebokstemperaturer mange steder. Da snakker vi ogs\u00e5 nedb\u00f8r i form av sn\u00f8, sier Nilssen. <\/p>\n<p><img alt=\"Det blir sprengkulde mange steder i Norge i det nye \u00e5rets f\u00f8rste dager.   Foto: Meteorologisk institutt\" class=\"_image_qp4xg_65 layout-component layout-normal\" data-fullscreen- data-track-element-type=\"Article image fullscreen\" data-track-name=\"ImageFullscreen\" decoding=\"async\" loading=\"lazy\" height=\"649\" itemprop=\"image\"  src=\"https:\/\/www.europesays.com\/no\/wp-content\/uploads\/2025\/12\/6aeb3730-e94c-4fe4-87f4-cab101e9179f.jpeg\"  style=\"object-position:0% 0%\" width=\"604\"\/>Det blir sprengkulde mange steder i Norge i det nye \u00e5rets f\u00f8rste dager.   Foto: Meteorologisk institutt<\/p>\n<p class=\"_paragraph_o9xde_4 _paragraph_xtcu6_10 layout-component text-serif-m layout-normal text-serif-m layout-padded\">I Oslo er det ventet at gradestokken kan krype helt ned til 20 minusgrader. I Bergen ventes opp mot 15 minusgrader. <\/p>\n<p class=\"_paragraph_o9xde_4 _paragraph_xtcu6_10 layout-component text-serif-m layout-normal text-serif-m layout-padded\">\u2013 Og i indre str\u00f8k kan det bli veldig kaldt. P\u00e5 Finnmarksvidda kan temperaturene g\u00e5 helt ned til 30 minusgrader og vel s\u00e5 det, sier Nilssen. <\/p>\n","protected":false},"excerpt":{"rendered":"Noen b\u00f8r kle seg litt ekstra for rakettshowet. Andre kan nyte stjerneklar himmel. Men snart skal alle fryse.&hellip;\n","protected":false},"author":2,"featured_media":124714,"comment_status":"","ping_status":"","sticky":false,"template":"","format":"standard","meta":{"footnotes":""},"categories":[10],"tags":[20,21,24,25,15,22,23,13,30,28,29,14,13381,16,26,27,553],"class_list":{"0":"post-124713","1":"post","2":"type-post","3":"status-publish","4":"format-standard","5":"has-post-thumbnail","7":"category-norge","8":"tag-breaking-news","9":"tag-breakingnews","10":"tag-featured-news","11":"tag-featurednews","12":"tag-headlines","13":"tag-latest-news","14":"tag-latestnews","15":"tag-news","16":"tag-no","17":"tag-norge","18":"tag-norway","19":"tag-nyheter","20":"tag-nyttarsaften","21":"tag-overskrifter","22":"tag-top-stories","23":"tag-topstories","24":"tag-vaer"},"share_on_mastodon":{"url":"https:\/\/pubeurope.com\/@no\/115808592639992967","error":""},"_links":{"self":[{"href":"https:\/\/www.europesays.com\/no\/wp-json\/wp\/v2\/posts\/124713","targetHints":{"allow":["GET"]}}],"collection":[{"href":"https:\/\/www.europesays.com\/no\/wp-json\/wp\/v2\/posts"}],"about":[{"href":"https:\/\/www.europesays.com\/no\/wp-json\/wp\/v2\/types\/post"}],"author":[{"embeddable":true,"href":"https:\/\/www.europesays.com\/no\/wp-json\/wp\/v2\/users\/2"}],"replies":[{"embeddable":true,"href":"https:\/\/www.europesays.com\/no\/wp-json\/wp\/v2\/comments?post=124713"}],"version-history":[{"count":0,"href":"https:\/\/www.europesays.com\/no\/wp-json\/wp\/v2\/posts\/124713\/revisions"}],"wp:featuredmedia":[{"embeddable":true,"href":"https:\/\/www.europesays.com\/no\/wp-json\/wp\/v2\/media\/124714"}],"wp:attachment":[{"href":"https:\/\/www.europesays.com\/no\/wp-json\/wp\/v2\/media?parent=124713"}],"wp:term":[{"taxonomy":"category","embeddable":true,"href":"https:\/\/www.europesays.com\/no\/wp-json\/wp\/v2\/categories?post=124713"},{"taxonomy":"post_tag","embeddable":true,"href":"https:\/\/www.europesays.com\/no\/wp-json\/wp\/v2\/tags?post=124713"}],"curies":[{"name":"wp","href":"https:\/\/api.w.org\/{rel}","templated":true}]}}