{"id":124723,"date":"2025-12-30T13:02:10","date_gmt":"2025-12-30T13:02:10","guid":{"rendered":"https:\/\/www.europesays.com\/no\/124723\/"},"modified":"2025-12-30T13:02:10","modified_gmt":"2025-12-30T13:02:10","slug":"drap-i-kirkenaer-i-grue","status":"publish","type":"post","link":"https:\/\/www.europesays.com\/no\/124723\/","title":{"rendered":"Drap i Kirken\u00e6r i Grue"},"content":{"rendered":"<p>KIRKEN\u00c6R, GRUE\/OSLO (Dagbladet): &#8211; Jeg kjente henne bedre enn ham, men det er noen m\u00e5neder siden jeg s\u00e5 henne sist. Han s\u00e5 jeg rett f\u00f8r jul. Han gikk mye tur med hunden sin, nesten daglig, forbi her, sier Per Heitmann til Dagbladet.<\/p>\n<p>Han driver et motorsykkel- og bilverksted i n\u00e6rheten av stedet der kvinnen i 40-\u00e5rene\u00a0<a href=\"https:\/\/www.dagbladet.no\/nyheter\/politiet-drapshypotese-styrket\/84035346\" rel=\"nofollow noopener\" target=\"_blank\">ble funnet d\u00f8d l\u00f8rdag<\/a>.<\/p>\n<p>Politiet bekrefter overfor Dagbladet at den avd\u00f8de kvinnen og den siktede mannen i 60-\u00e5rene hadde en samboerrelasjon.\u00a0<\/p>\n<p>De har siktet ham for drap og har etterlyst ham internasjonalt.\u00a0<\/p>\n<p>        <img loading=\"lazy\" decoding=\"async\" src=\"https:\/\/www.europesays.com\/no\/wp-content\/uploads\/2025\/12\/1767099730_716_84037887.webp.webp\" width=\"667\" height=\"381\" title=\"TETT P\u00c5: Heitmann i verkstedet i Kirken\u00e6r. Foto: John T. Pedersen \/ Dagbladet\" alt=\"\" class=\"\" style=\"--aspect-ratio-image: 1.75; \"\/><\/p>\n<p>\n        TETT P\u00c5: Heitmann i verkstedet i Kirken\u00e6r. Foto: John T. Pedersen \/ Dagbladet\n    <\/p>\n<p>Tenker tilbake\u00a0\t<\/p>\n<p>If\u00f8lge politiet har den siktede tidligere v\u00e6rt etterforsket for vold mot kvinnen.<\/p>\n<p>&#8211; Det ble registrert en sak mellom dem i 2021, som ble etterforsket som kroppskrenkelse, med ham som siktet. Saken ble henlagt p\u00e5 bevisets stilling, sier politiadvokat Marit Welo.<\/p>\n<p>Heitmann husker episoden godt.\u00a0<\/p>\n<p>&#8211; Da kom det en rekke politifolk hit, fullt utrustet, og sperret av hele omr\u00e5det, sier han.<\/p>\n<p>Den n\u00e5 etterlyste mannen ble da ilagt bes\u00f8ksforbud, som seinere ble opphevet etter kvinnens eget \u00f8nske, if\u00f8lge politiet.\u00a0<\/p>\n<p>Politiadvokat Welo opplyser videre at siktede har straffehistorikk, blant annet for vold, men ikke rettet mot kvinnen som n\u00e5 er d\u00f8d.<\/p>\n<p>&#8211; Dette er f\u00f8rst og fremst ufattelig trist, sier Heitmann.<\/p>\n<p>P\u00e5 frifot &#8211; sjekket verkstedet\t<\/p>\n<p>Politiet ber mannen om \u00e5 melde seg. De oppfordrer ogs\u00e5 personer som kan ha opplysninger om hvor han befinner seg, til \u00e5 ta kontakt.<\/p>\n<p>Siktede har forel\u00f8pig ikke f\u00e5tt oppnevnt forsvarer, ettersom han ikke er p\u00e5grepet. Det er derfor ukjent hvordan han stiller seg til anklagene.<\/p>\n<p>    <a itemprop=\"url\" href=\"https:\/\/www.dagbladet.no\/nyheter\/politiet-drapshypotese-styrket\/84035346\" rel=\"nofollow noopener\" target=\"_blank\"><\/p>\n<p>        <img loading=\"lazy\" decoding=\"async\" src=\"https:\/\/www.europesays.com\/no\/wp-content\/uploads\/2025\/12\/1767099730_283_84035366.webp.webp\" width=\"147\" height=\"98\" title=\"Politiet: Drapshypotese styrket\" alt=\"\" class=\"lazyload\" style=\"--aspect-ratio-image: 1.50; \"\/><\/p>\n<p>        Politiet: Drapshypotese styrket<\/p>\n<p>    <\/a><\/p>\n<p>Selv om mannen er internasjonalt etterlyst, sier politiet at de ikke har opplysninger som tilsier at han befinner seg i utlandet.<\/p>\n<p>Per Heitmann tror ikke at siktede kan ha kommet seg langt.<\/p>\n<p>&#8211; Det f\u00f8rste jeg gjorde, var \u00e5 sjekke om han hadde tatt seg inn i lokalet her, sier han, og viser fram det romslige verkstedet sitt.<\/p>\n<p>Dagbladet har ogs\u00e5 snakket med Geir Christian Eriksen, som ogs\u00e5 driver en virksomhet i n\u00e6rheten. Ogs\u00e5 han kjente b\u00e5de den avd\u00f8de og siktede, og sier han sist s\u00e5 mannen f\u00f8r jul.<\/p>\n<p>B\u00e5de Heitmann og Eriksen frykter derfor at kvinnen har ligget d\u00f8d i noen dager f\u00f8r hun ble funnet, ettersom de var vant til \u00e5 se siktede jevnlig &#8211; f\u00f8r han plutselig forsvant.<\/p>\n<p>&#8211; Vi hadde en del samtaler. Jeg brydde meg om henne. Dessverre endte dette slik. Dette fortjente hun ikke, sier Eriksen.<\/p>\n<p>Begge mennene var i kontakt med politiet i helga og har lagt ned blomster utenfor inngangspartiet til kvinnens bolig.<\/p>\n<p>&#8211; De ber om ro\t<\/p>\n<p>Kvinnen skal n\u00e5 obduseres for \u00e5 fastsl\u00e5 hva hun d\u00f8de av og n\u00e5r. Samtidig fortsetter politiet etterforskningen, blant annet gjennom vitneavh\u00f8r og kriminaltekniske unders\u00f8kelser.<\/p>\n<p>Bistandsadvokat Bj\u00f8rn Erik Pettersen representerer de etterlatte til kvinnen. Han\u00a0<a href=\"https:\/\/www.dagbladet.no\/nyheter\/politiet-drapshypotese-styrket\/84035346\" target=\"_blank\" rel=\"nofollow noopener\">sa tidligere til Dagbladet<\/a>\u00a0at de n\u00e5 avventer politiets videre etterforskning av saken, i h\u00e5p om at den vil gi svar p\u00e5 de sp\u00f8rsm\u00e5l som de sitter igjen med.\u00a0<\/p>\n<p>&#8211; De ber om ro, og respekt for deres sorg over avd\u00f8des bortgang.\u00a0<\/p>\n<p>    <a itemprop=\"url\" href=\"https:\/\/www.dagbladet.no\/nyheter\/drapssiktet-sist-sett-pa-julaften\/84032265\" rel=\"nofollow noopener\" target=\"_blank\"><\/p>\n<p>        <img loading=\"lazy\" decoding=\"async\" src=\"https:\/\/www.europesays.com\/no\/wp-content\/uploads\/2025\/12\/1767099730_475_84032505.webp.webp\" width=\"147\" height=\"98\" title=\"Drapssiktet sist sett p\u00e5 julaften\" alt=\"\" class=\"lazyload\" style=\"--aspect-ratio-image: 1.50; \"\/><\/p>\n<p>        Drapssiktet sist sett p\u00e5 julaften<\/p>\n<p>    <\/a><\/p>\n<p>&#8211; Ubehagelig \u00e5 tenke p\u00e5\t<\/p>\n<p>Dagbladet har ogs\u00e5 snakket med en tredje person med tilknytning til omr\u00e5det.<\/p>\n<p>&#8211; Det er ubehagelig \u00e5 tenke p\u00e5 at det muligens har ligget en drept person i nabobygget, mens normal julefeiring har p\u00e5g\u00e5tt ellers. Det er rart \u00e5 ta innover seg. Samtidig f\u00f8ler vi oss trygge. Vi tviler p\u00e5 at gjerningspersonen vil vende tilbake til \u00e5stedet, sier vedkommende, som ikke \u00f8nsker \u00e5 st\u00e5 fram med navn og bilde.<\/p>\n<p>Ordf\u00f8rer i Grue kommune, Rune Grenberg (Ap), sier at hans tanker f\u00f8rst og fremst g\u00e5r til de p\u00e5r\u00f8rende og ber\u00f8rte.<\/p>\n<p>&#8211; Dette er et tragisk utfall som vi forel\u00f8pig ikke har full oversikt over, sier han til Dagbladet.<\/p>\n<p>        <img loading=\"lazy\" decoding=\"async\" src=\"https:\/\/www.europesays.com\/no\/wp-content\/uploads\/2025\/12\/1767099730_655_84037913.webp.webp\" width=\"667\" height=\"381\" title=\"FORAN INNGANGEN: Heitmann og Eriksen er blant flere som har lagt ned blomster og lys foran kvinnens bolig. Foto: John T. Pedersen \/ Dagbladet\" alt=\"\" class=\"\" style=\"--aspect-ratio-image: 1.75; \"\/><\/p>\n<p>\n        FORAN INNGANGEN: Heitmann og Eriksen er blant flere som har lagt ned blomster og lys foran kvinnens bolig. Foto: John T. Pedersen \/ Dagbladet\n    <\/p>\n<p>Det har n\u00e5 v\u00e6rt to drapssaker &#8211; ett bekreftet drap og dette antatte drapet &#8211; i det lille tettstedet p\u00e5 litt over ett \u00e5r. I tillegg har det v\u00e6rt flere drap i Sol\u00f8r-regionen, som omfatter Brandval sogn i Kongsvinger samt kommunene Grue, \u00c5snes og V\u00e5ler, de siste \u00e5rene.<\/p>\n<p>&#8211; For Innlandet politidistrikt har det v\u00e6rt mange alvorlige og ressurskrevende hendelser de siste \u00e5rene. Denne saken er nok en alvorlig hendelse som m\u00e5 prioriteres innenfor stramme rammer, sier Grenberg.<\/p>\n<p>&#8211; Jeg h\u00e5per politiet s\u00e5 raskt som mulig f\u00e5r p\u00e5grepet den siktede, slik at vi kan ta tilbake hverdagen i et lite lokalsamfunn, legger han til.<\/p>\n","protected":false},"excerpt":{"rendered":"KIRKEN\u00c6R, GRUE\/OSLO (Dagbladet): &#8211; Jeg kjente henne bedre enn ham, men det er noen m\u00e5neder siden jeg s\u00e5&hellip;\n","protected":false},"author":2,"featured_media":124724,"comment_status":"","ping_status":"","sticky":false,"template":"","format":"standard","meta":{"footnotes":""},"categories":[5],"tags":[20,21,377,24,25,8138,15,19,2539,14725,22,23,17,18,13,30,28,29,14,16,468,26,27],"class_list":{"0":"post-124723","1":"post","2":"type-post","3":"status-publish","4":"format-standard","5":"has-post-thumbnail","7":"category-overskrifter","8":"tag-breaking-news","9":"tag-breakingnews","10":"tag-drap","11":"tag-featured-news","12":"tag-featurednews","13":"tag-grue","14":"tag-headlines","15":"tag-hovedoppslag","16":"tag-innenriks","17":"tag-kirkenaer","18":"tag-latest-news","19":"tag-latestnews","20":"tag-main-news","21":"tag-mainnews","22":"tag-news","23":"tag-no","24":"tag-norge","25":"tag-norway","26":"tag-nyheter","27":"tag-overskrifter","28":"tag-politiet","29":"tag-top-stories","30":"tag-topstories"},"share_on_mastodon":{"url":"https:\/\/pubeurope.com\/@no\/115808655303636941","error":""},"_links":{"self":[{"href":"https:\/\/www.europesays.com\/no\/wp-json\/wp\/v2\/posts\/124723","targetHints":{"allow":["GET"]}}],"collection":[{"href":"https:\/\/www.europesays.com\/no\/wp-json\/wp\/v2\/posts"}],"about":[{"href":"https:\/\/www.europesays.com\/no\/wp-json\/wp\/v2\/types\/post"}],"author":[{"embeddable":true,"href":"https:\/\/www.europesays.com\/no\/wp-json\/wp\/v2\/users\/2"}],"replies":[{"embeddable":true,"href":"https:\/\/www.europesays.com\/no\/wp-json\/wp\/v2\/comments?post=124723"}],"version-history":[{"count":0,"href":"https:\/\/www.europesays.com\/no\/wp-json\/wp\/v2\/posts\/124723\/revisions"}],"wp:featuredmedia":[{"embeddable":true,"href":"https:\/\/www.europesays.com\/no\/wp-json\/wp\/v2\/media\/124724"}],"wp:attachment":[{"href":"https:\/\/www.europesays.com\/no\/wp-json\/wp\/v2\/media?parent=124723"}],"wp:term":[{"taxonomy":"category","embeddable":true,"href":"https:\/\/www.europesays.com\/no\/wp-json\/wp\/v2\/categories?post=124723"},{"taxonomy":"post_tag","embeddable":true,"href":"https:\/\/www.europesays.com\/no\/wp-json\/wp\/v2\/tags?post=124723"}],"curies":[{"name":"wp","href":"https:\/\/api.w.org\/{rel}","templated":true}]}}