{"id":124730,"date":"2025-12-30T13:15:16","date_gmt":"2025-12-30T13:15:16","guid":{"rendered":"https:\/\/www.europesays.com\/no\/124730\/"},"modified":"2025-12-30T13:15:16","modified_gmt":"2025-12-30T13:15:16","slug":"i-dag-apner-ny-mcdonalds-dorene-skal-holde-apent-hver-dag-mn24-no","status":"publish","type":"post","link":"https:\/\/www.europesays.com\/no\/124730\/","title":{"rendered":"I dag \u00e5pner ny McDonald\u2019s d\u00f8rene: \u2013 Skal holde \u00e5pent hver dag &#8211; mn24.no"},"content":{"rendered":"<ol>\n<li><a href=\"https:\/\/news.google.com\/rss\/articles\/CBMiowFBVV95cUxQRENsSTNGUWt5eENjNm5KbUt2aXpNOHB5U0NuSVBLYWtyUFNrRDh0c0QybUdsS0lqNHlxdjNsRTJZMjdDMlNra0NiWmNyVGowRHZQYURDMDNvQ0VyR25ST0tNdUNWbXRQcFdRT3dvUDJmNXFMWExKbF9zTmRiRHlHRERaS0s2bzFmQng2NTFSQ1NNZ3NTTThwSkRnTkxiSms1ZnNB?oc=5\" target=\"_blank\" rel=\"nofollow noopener\">I dag \u00e5pner ny McDonald\u2019s d\u00f8rene: \u2013 Skal holde \u00e5pent hver dag<\/a>&nbsp;&nbsp;mn24.no<\/li>\n<li><a href=\"https:\/\/news.google.com\/rss\/articles\/CBMizwFBVV95cUxQSkQtRnEzTXJURWRMZzlMYTdtcW9hYTEycXE2SGJLT3pyNUM3azVOSkNDSG5uM3NSTEJyX2ctZG4ta2xZU0EzYWlyUGtrYUNKTzN2dk9Zcjh0X0FVQVRwTUdjU3ROWVEzZTI4emxzU2o1THB2bUlKZFloa0FYaGM1Y1c0MERsUTExT3IySnQtN2ZrM1VrOXMtRnVGX3dFLU1RbEJCSFUwb1VDZDV4QU9JeC10bHhvRHdyS0ZWX1NNeUw3UkhJbUZFY3RDZmdDeTQ?oc=5\" target=\"_blank\" rel=\"nofollow noopener\">Kjetil p\u00e5 ST1 Klett \u00f8nsker McDonald&#8217;s hjertelig velkommen: \u2013 Vi kommer til \u00e5 spille p\u00e5 hverandre<\/a>&nbsp;&nbsp;Avisa Gaula<\/li>\n<li><a href=\"https:\/\/news.google.com\/rss\/articles\/CBMingFBVV95cUxPV1Z5Z1pIRHdpcVE3R3pfbUg4dlJKakdsVU1ZelpTazZnNHNKaVZBT0ZqSkZHTGhCWGYxY1BnYTRFUkxPSlZ0VklrcE16Z3JSUnlWS0Uyc0lZWi1lVUFiSTkzdWNLamlPTTZTcWFlSlZxU1Q4X0UzUmNtOTFuSXlXb2Q2T0FhS3A0am96SFhNLU9wcjNpTHNDRkc5VVFKdw?oc=5\" target=\"_blank\" rel=\"nofollow noopener\">Klett, N\u00e6ringsliv | N\u00e5 er nye McDonald&#8217;s i full sving: Disse var p\u00e5 \u00e5pningen<\/a>&nbsp;&nbsp;Nidaros<\/li>\n<li><a href=\"https:\/\/news.google.com\/rss\/articles\/CBMiswFBVV95cUxOeGlBRTFTdXVna2RvX1JOLVhZZWZ2MS1ReGtEbzRKS3ZfQkl3WTlvZ3B1ZFhOaTlaSVhWdi0yWkNGT2M0ZWpUbC1aNkNxRjJNc2UzdG56bXpTWGpxRFJmV21NdlZxNVBiZG94enVsVVJWMFpRd2x3dVU4cGtCOUgtdWx3X3NWUW5QcXgtTEpMaFdrWHZQeWhFR2ExcFIteTZtUVdyeHgzQjRBLWh6QmVrMFd3NA?oc=5\" target=\"_blank\" rel=\"nofollow noopener\">N\u00e5r ny McDonald\u2019s \u00e5pner i dag, er det med flere lokale innslag: \u2013 \u00c5pent hver dag<\/a>&nbsp;&nbsp;tronderbladet.no<\/li>\n<\/ol>\n","protected":false},"excerpt":{"rendered":"I dag \u00e5pner ny McDonald\u2019s d\u00f8rene: \u2013 Skal holde \u00e5pent hver dag&nbsp;&nbsp;mn24.no Kjetil p\u00e5 ST1 Klett \u00f8nsker McDonald&#8217;s&hellip;\n","protected":false},"author":2,"featured_media":124731,"comment_status":"","ping_status":"","sticky":false,"template":"","format":"standard","meta":{"footnotes":""},"categories":[10],"tags":[20,21,24,25,15,14057,22,23,171,13,30,28,29,14,16,172,8600,26,27],"class_list":{"0":"post-124730","1":"post","2":"type-post","3":"status-publish","4":"format-standard","5":"has-post-thumbnail","7":"category-norge","8":"tag-breaking-news","9":"tag-breakingnews","10":"tag-featured-news","11":"tag-featurednews","12":"tag-headlines","13":"tag-klett","14":"tag-latest-news","15":"tag-latestnews","16":"tag-mcdonalds","17":"tag-news","18":"tag-no","19":"tag-norge","20":"tag-norway","21":"tag-nyheter","22":"tag-overskrifter","23":"tag-restaurant","24":"tag-restauranter","25":"tag-top-stories","26":"tag-topstories"},"share_on_mastodon":{"url":"https:\/\/pubeurope.com\/@no\/115808706604220572","error":""},"_links":{"self":[{"href":"https:\/\/www.europesays.com\/no\/wp-json\/wp\/v2\/posts\/124730","targetHints":{"allow":["GET"]}}],"collection":[{"href":"https:\/\/www.europesays.com\/no\/wp-json\/wp\/v2\/posts"}],"about":[{"href":"https:\/\/www.europesays.com\/no\/wp-json\/wp\/v2\/types\/post"}],"author":[{"embeddable":true,"href":"https:\/\/www.europesays.com\/no\/wp-json\/wp\/v2\/users\/2"}],"replies":[{"embeddable":true,"href":"https:\/\/www.europesays.com\/no\/wp-json\/wp\/v2\/comments?post=124730"}],"version-history":[{"count":0,"href":"https:\/\/www.europesays.com\/no\/wp-json\/wp\/v2\/posts\/124730\/revisions"}],"wp:featuredmedia":[{"embeddable":true,"href":"https:\/\/www.europesays.com\/no\/wp-json\/wp\/v2\/media\/124731"}],"wp:attachment":[{"href":"https:\/\/www.europesays.com\/no\/wp-json\/wp\/v2\/media?parent=124730"}],"wp:term":[{"taxonomy":"category","embeddable":true,"href":"https:\/\/www.europesays.com\/no\/wp-json\/wp\/v2\/categories?post=124730"},{"taxonomy":"post_tag","embeddable":true,"href":"https:\/\/www.europesays.com\/no\/wp-json\/wp\/v2\/tags?post=124730"}],"curies":[{"name":"wp","href":"https:\/\/api.w.org\/{rel}","templated":true}]}}