{"id":124743,"date":"2025-12-30T13:29:51","date_gmt":"2025-12-30T13:29:51","guid":{"rendered":"https:\/\/www.europesays.com\/no\/124743\/"},"modified":"2025-12-30T13:29:51","modified_gmt":"2025-12-30T13:29:51","slug":"gjerdet-veltet-kan-kun-lande-i-dagslys-vol-no","status":"publish","type":"post","link":"https:\/\/www.europesays.com\/no\/124743\/","title":{"rendered":"(+) Gjerdet veltet, kan kun lande i dagslys &#8211; vol.no"},"content":{"rendered":"<ol>\n<li><a href=\"https:\/\/news.google.com\/rss\/articles\/CBMif0FVX3lxTFBjcXdXT1FVTElrMWh3MkVDYXZfcGVNcktxem00NVlWVVZnQ2NtaVB0SXVScWtMSzVIVXkyVGp1ZjkwZWdobDdOQ0xibVpVdUZzSjVnc1VwTTlGd0NqV2hGMU8ycDJPOVhyeG5TSmVTVmFGZS0zcFJzQ0VEWkVyU1E?oc=5\" target=\"_blank\" rel=\"nofollow noopener\">(+) Gjerdet veltet, kan kun lande i dagslys<\/a>&nbsp;&nbsp;vol.no<\/li>\n<li><a href=\"https:\/\/news.google.com\/rss\/articles\/CBMivwFBVV95cUxNMlQyMWhsOXVVVHg5RWRLUlprd3dBRl9NQzduVU5OVWZ6Qy1jZ3NLMVpWeU1FejFOLUN4WnZWdlBUejNIel96Q0FyQWNVUk9YaFZXREhJbTV5Wk1jY3dFVkI1YVRyUkEyV2llNk5YbDNfOHhBTmw3eHRTYnNQZ3h6eENHSHVTdmZvTlFITUk2WGdfMzg5Q3BEWlB1anpobk1qS2ppSmVaeDQ1NklMTkQzMkJrQ19DNzlBOEI5cG9EMA?oc=5\" target=\"_blank\" rel=\"nofollow noopener\">Flyplassen m\u00e5 holde stengt i m\u00f8rket: Frykter elg p\u00e5 rullebanen etter uv\u00e6r<\/a>&nbsp;&nbsp;NRK<\/li>\n<li><a href=\"https:\/\/news.google.com\/rss\/articles\/CBMikwFBVV95cUxQNUtScTZTMzlvczhfOTUxVU5tVW9HeGs5dzlVR0ZZeVkxelZWaDVhWTVEdTlUYUFPclFQZ2YyLWxERVZlU3VfNmhDSURsU19LeEtFU1Q1cm9BZEF3OHVmMGdHNldQS2dqb3BxMDZXUk9ma1pFV1JrZEI0Z1VTbXF4SlhLUE1BVHk1Y1VQTnIyeU5YSk0?oc=5\" target=\"_blank\" rel=\"nofollow noopener\">(+) Kan bli buss for fly til og fra And\u00f8ya til 10. januar<\/a>&nbsp;&nbsp;vol.no<\/li>\n<li><a href=\"https:\/\/news.google.com\/rss\/articles\/CBMikwFBVV95cUxNOHlBSHNXcWFvcm0zdVF3Q3RId2FGTXREWW15d2praEZZaTRMdk5hRmRaNHBrNDctbUIwWnRpWjA0R3FjR0hCUDg0dGZYN0RYSUx6Zk16RVM2UHVXSDkwRGFZYW5NVlNlRzVLbEtSUGd3ZEJRQnVheE1PMTNIY3pUMldFTUszbXBzX190c2dTYkhKUTA?oc=5\" target=\"_blank\" rel=\"nofollow noopener\">Luftfart, Nyheter | Flyplassen m\u00e5 stenge n\u00e5r det er m\u00f8rkt: \u2013 Vi jobber p\u00e5 spreng<\/a>&nbsp;&nbsp;Bladet Vester\u00e5len<\/li>\n<li><a href=\"https:\/\/news.google.com\/rss\/articles\/CBMijAFBVV95cUxPZzRNVTVXc1NkNVBXWEdBaWRuYmp6SmFzRXA1UWwyS0xWT3dGOVFrbkswTHlreWpiaXEyNEo5MTMtRzVGMUZudnFWS3NPOFZXSmdLbGZwV1ZPQ0ctdjViOUhGQ3JvMUJ6TjNnNTJRcWZCcjRpd2FPOW1Mb2tyaFdaeFVyUnM0bWtxbktycw?oc=5\" target=\"_blank\" rel=\"nofollow noopener\">(+) Vil hjelpe pasienter som ikke rekker sykehustime<\/a>&nbsp;&nbsp;vol.no<\/li>\n<\/ol>\n","protected":false},"excerpt":{"rendered":"(+) Gjerdet veltet, kan kun lande i dagslys&nbsp;&nbsp;vol.no Flyplassen m\u00e5 holde stengt i m\u00f8rket: Frykter elg p\u00e5 rullebanen&hellip;\n","protected":false},"author":2,"featured_media":124744,"comment_status":"","ping_status":"","sticky":false,"template":"","format":"standard","meta":{"footnotes":""},"categories":[10],"tags":[5002,3674,14728,14727,2408,20,21,24,25,300,15,22,23,13,30,28,29,14,1994,16,26,27,299],"class_list":{"0":"post-124743","1":"post","2":"type-post","3":"status-publish","4":"format-standard","5":"has-post-thumbnail","7":"category-norge","8":"tag-andenes","9":"tag-andoy","10":"tag-andoya-flystasjon","11":"tag-andoya-lufthavn","12":"tag-avinor","13":"tag-breaking-news","14":"tag-breakingnews","15":"tag-featured-news","16":"tag-featurednews","17":"tag-fly","18":"tag-headlines","19":"tag-latest-news","20":"tag-latestnews","21":"tag-news","22":"tag-no","23":"tag-norge","24":"tag-norway","25":"tag-nyheter","26":"tag-ordforer","27":"tag-overskrifter","28":"tag-top-stories","29":"tag-topstories","30":"tag-wideroe"},"share_on_mastodon":{"url":"https:\/\/pubeurope.com\/@no\/115808765573770847","error":""},"_links":{"self":[{"href":"https:\/\/www.europesays.com\/no\/wp-json\/wp\/v2\/posts\/124743","targetHints":{"allow":["GET"]}}],"collection":[{"href":"https:\/\/www.europesays.com\/no\/wp-json\/wp\/v2\/posts"}],"about":[{"href":"https:\/\/www.europesays.com\/no\/wp-json\/wp\/v2\/types\/post"}],"author":[{"embeddable":true,"href":"https:\/\/www.europesays.com\/no\/wp-json\/wp\/v2\/users\/2"}],"replies":[{"embeddable":true,"href":"https:\/\/www.europesays.com\/no\/wp-json\/wp\/v2\/comments?post=124743"}],"version-history":[{"count":0,"href":"https:\/\/www.europesays.com\/no\/wp-json\/wp\/v2\/posts\/124743\/revisions"}],"wp:featuredmedia":[{"embeddable":true,"href":"https:\/\/www.europesays.com\/no\/wp-json\/wp\/v2\/media\/124744"}],"wp:attachment":[{"href":"https:\/\/www.europesays.com\/no\/wp-json\/wp\/v2\/media?parent=124743"}],"wp:term":[{"taxonomy":"category","embeddable":true,"href":"https:\/\/www.europesays.com\/no\/wp-json\/wp\/v2\/categories?post=124743"},{"taxonomy":"post_tag","embeddable":true,"href":"https:\/\/www.europesays.com\/no\/wp-json\/wp\/v2\/tags?post=124743"}],"curies":[{"name":"wp","href":"https:\/\/api.w.org\/{rel}","templated":true}]}}