{"id":124747,"date":"2025-12-30T13:31:12","date_gmt":"2025-12-30T13:31:12","guid":{"rendered":"https:\/\/www.europesays.com\/no\/124747\/"},"modified":"2025-12-30T13:31:12","modified_gmt":"2025-12-30T13:31:12","slug":"celin-og-aron-bizet-donnum-arrangerer-unik-fotballskole-for-barn-i-julen","status":"publish","type":"post","link":"https:\/\/www.europesays.com\/no\/124747\/","title":{"rendered":"Celin og Aron Bizet D\u00f8nnum arrangerer unik fotballskole for barn i julen"},"content":{"rendered":"<p class=\"kicker \" style=\"\">Celin og Aron Bizet D\u00f8nnum:<\/p>\n<p>  Fotballekteparet Celin (24) og Aron Bizet D\u00f8nnum (27) har levd fra hverandre i fem \u00e5r, n\u00e5 venter de sitt f\u00f8rste barn.\u00a0<\/p>\n<p>\n    ARRANGERER: Fotballparet arrangerte fotballdag for 100 barn i Vallhall. Foto: Instagram \/ @celinbizet\n  <\/p>\n<p>Celin og Aron Bizet D\u00f8nnum har levd fra hverandre i fem \u00e5r p\u00e5 grunn av sine fotballkarrierer. Aron spiller fotball i Toulouse i Frankrike, mens Celin er i Manchester i England. <\/p>\n<p>De giftet seg ved Comosj\u00f8en i Itialia i sommer, og for noen uker siden kunngjorde de at de venter sitt f\u00f8rste barn sammen.\u00a0<\/p>\n<p>    <a itemprop=\"url\" href=\"https:\/\/www.seher.no\/kjendis\/italiensk-luksusbryllup\/83210625\" rel=\"nofollow noopener\" target=\"_blank\"><\/p>\n<p>        <img loading=\"lazy\" decoding=\"async\" src=\"https:\/\/www.europesays.com\/no\/wp-content\/uploads\/2025\/12\/83234803.webp.webp\" width=\"980\" height=\"441\" title=\"Italiensk luksusbryllup\" alt=\"\" class=\"lazyload\" style=\"--aspect-ratio-image: 2.22; \"\/><\/p>\n<p>        Italiensk luksusbryllup<\/p>\n<p>    <\/a><\/p>\n<p class=\"font-weight-bold m-font-weight-bold\" data-lab-font_weight=\"font-weight-bold\">&#8211; Jeg trodde ikke at dette \u00e5ret skulle bli s\u00e5nn. Det er helt fantastisk. Og kanskje blir den en landslagsbaby, forteller Celine i et intervju med\u00a0<a href=\"https:\/\/www.vg.no\/sport\/i\/GxG6W4\/celin-og-aron-bizet-doennum-tar-ansvar-det-manglet-da-vi-vokste-opp\" rel=\"nofollow noopener\" target=\"_blank\">VG<\/a>.<\/p>\n<p>Graviditeten ble oppdaget mens de bodde i hver sin by.\u00a0<\/p>\n<p>        <img loading=\"lazy\" decoding=\"async\" src=\"https:\/\/www.europesays.com\/no\/wp-content\/uploads\/2025\/12\/84039486.webp.webp\" width=\"667\" height=\"914\" title=\"ANNONSERTE: Paret annonserte p\u00e5 Instagram at de venter sitt f\u00f8rste barn. Foto: Skjermdump \/ Instagram \/ @celinbizet og @aron.donnum\" alt=\"\" class=\"\" style=\"--aspect-ratio-image: 0.73; \"\/><\/p>\n<p>\n        ANNONSERTE: Paret annonserte p\u00e5 Instagram at de venter sitt f\u00f8rste barn. Foto: Skjermdump \/ Instagram \/ @celinbizet og @aron.donnum\n    <\/p>\n<p>&#8211; Celin var i Manchester og jeg var i Toulouse. Det er det livet vi har hatt de siste fem \u00e5rene. S\u00e5 da ble det en positiv graviditetstest p\u00e5 FaceTime. Men vi fikk glede oss over det likevel og s\u00e5 hverandre etterp\u00e5, forklarer Aron.\u00a0<\/p>\n<p>De annonserte graviditeten for verden p\u00e5 Instagram.\u00a0<\/p>\n<p>        REALITY-FORTID: \u00abFlukten fra Bolivia\u00bb-skuespilleren r\u00f8per hvordan deltakelsen i det popul\u00e6re realityprogrammet landet henne dr\u00f8mmerollen. Reporter: Sanne Holt. Video: \u00abFlukten fra Bolivia\u00bb\/ TV 2\/ Celine N\u00e6ss Andreassen\/ R\u00f8d L\u00f8per<\/p>\n<p>Timingen passet bra for fotballparet. Neste \u00e5r er det VM i USA, Mexico og Canada for herrene, mens kvinnenes VM i Brasil ikke er f\u00f8r i 2027.\u00a0<\/p>\n<p>P\u00e5 sp\u00f8rsm\u00e5l om hva Aron ser mest frem til med neste \u00e5r, svarer han avisen:<\/p>\n<p>        <img loading=\"lazy\" decoding=\"async\" src=\"https:\/\/www.europesays.com\/no\/wp-content\/uploads\/2025\/12\/84040459.webp.webp\" width=\"667\" height=\"801\" title=\"KLINTE TIL: Tirsdag 17. juni ga Aron og Celin hverandre sitt ja. Foto: Skjermdump fra Instagram\" alt=\"\" class=\"\" style=\"--aspect-ratio-image: 0.83; \"\/><\/p>\n<p>\n        KLINTE TIL: Tirsdag 17. juni ga Aron og Celin hverandre sitt ja. Foto: Skjermdump fra Instagram\n    <\/p>\n<p class=\"font-weight-bold m-font-weight-bold\" data-lab-font_weight=\"font-weight-bold\">&#8211; Uten tvil f\u00f8dsel. Det er jo det st\u00f8rste i livet, \u00e5 kunne skape en familie. Vi er jo gift, vi er gravide og n\u00e5r vi f\u00e5r barn, har vi krysset av p\u00e5 det meste som vi vil i et liv. Og selvf\u00f8lgelig, \u00e5 dra til USA og spille VM blir ogs\u00e5 veldig, veldig kult.\u00a0<\/p>\n<p>Terminen i slutten av mai eller starten av juni, rett f\u00f8r VM starter.<\/p>\n<p>    <a itemprop=\"url\" href=\"https:\/\/www.seher.no\/kjendis\/avslorer-gladnyhet\/84039598\" rel=\"nofollow noopener\" target=\"_blank\"><\/p>\n<p>        <img loading=\"lazy\" decoding=\"async\" src=\"https:\/\/www.europesays.com\/no\/wp-content\/uploads\/2025\/12\/84039602.webp.webp\" width=\"147\" height=\"98\" title=\"Avsl\u00f8rer gladnyhet\" alt=\"\" class=\"lazyload\" style=\"--aspect-ratio-image: 1.50; \"\/><\/p>\n<p>        Avsl\u00f8rer gladnyhet<\/p>\n<p>    <\/a><\/p>\n<p>Med bostedsadresse i Toulouse og Manchester kan logistikken bli utfordrende, men paret har planer.<\/p>\n<p>&#8211; Vi skal bo sammen. Det er m\u00e5let, sier Aron.<\/p>\n<p>Selvom paret bare har noen uker sammen i julen inviterte de tredje juledag barn fra Holmlia, Klemetsrud og Vestli skole til fotballdag i Vallhall. M\u00e5let var \u00e5 gi barna et fellesskap og ogs\u00e5 muligheten til \u00e5 m\u00f8te forbilder. <\/p>\n<p>    <a itemprop=\"url\" href=\"https:\/\/www.seher.no\/kjendis\/tenkte-vi-var-ferdige\/84039278\" rel=\"nofollow noopener\" target=\"_blank\"><\/p>\n<p>        <img loading=\"lazy\" decoding=\"async\" src=\"https:\/\/www.europesays.com\/no\/wp-content\/uploads\/2025\/12\/84035636.webp.webp\" width=\"147\" height=\"98\" title=\"- Tenkte vi var ferdige\" alt=\"\" class=\"lazyload\" style=\"--aspect-ratio-image: 1.50; \"\/><\/p>\n<p>        &#8211; Tenkte vi var ferdige<\/p>\n<p>    <\/a><\/p>\n<p>Aron forklarer at han f\u00f8ler det manglet da de vokset opp.\u00a0<\/p>\n<p>Bak arrangementet sto parets bestevenn Ebba Lund, som mener det fortsatt er en lang vei \u00e5 g\u00e5 for \u00e5 gi alle barn gode idrettstilbud.\u00a0<\/p>\n","protected":false},"excerpt":{"rendered":"Celin og Aron Bizet D\u00f8nnum: Fotballekteparet Celin (24) og Aron Bizet D\u00f8nnum (27) har levd fra hverandre i&hellip;\n","protected":false},"author":2,"featured_media":124748,"comment_status":"","ping_status":"","sticky":false,"template":"","format":"standard","meta":{"footnotes":""},"categories":[59],"tags":[4949,13097,92,479,2543,30,28,29,83,82],"class_list":{"0":"post-124747","1":"post","2":"type-post","3":"status-publish","4":"format-standard","5":"has-post-thumbnail","7":"category-sport","8":"tag-aron-donnum","9":"tag-celin-bizet-donnum","10":"tag-fotball","11":"tag-kjendis","12":"tag-kjendisdesken","13":"tag-no","14":"tag-norge","15":"tag-norway","16":"tag-sport","17":"tag-sports"},"share_on_mastodon":{"url":"https:\/\/pubeurope.com\/@no\/115808769360421029","error":""},"_links":{"self":[{"href":"https:\/\/www.europesays.com\/no\/wp-json\/wp\/v2\/posts\/124747","targetHints":{"allow":["GET"]}}],"collection":[{"href":"https:\/\/www.europesays.com\/no\/wp-json\/wp\/v2\/posts"}],"about":[{"href":"https:\/\/www.europesays.com\/no\/wp-json\/wp\/v2\/types\/post"}],"author":[{"embeddable":true,"href":"https:\/\/www.europesays.com\/no\/wp-json\/wp\/v2\/users\/2"}],"replies":[{"embeddable":true,"href":"https:\/\/www.europesays.com\/no\/wp-json\/wp\/v2\/comments?post=124747"}],"version-history":[{"count":0,"href":"https:\/\/www.europesays.com\/no\/wp-json\/wp\/v2\/posts\/124747\/revisions"}],"wp:featuredmedia":[{"embeddable":true,"href":"https:\/\/www.europesays.com\/no\/wp-json\/wp\/v2\/media\/124748"}],"wp:attachment":[{"href":"https:\/\/www.europesays.com\/no\/wp-json\/wp\/v2\/media?parent=124747"}],"wp:term":[{"taxonomy":"category","embeddable":true,"href":"https:\/\/www.europesays.com\/no\/wp-json\/wp\/v2\/categories?post=124747"},{"taxonomy":"post_tag","embeddable":true,"href":"https:\/\/www.europesays.com\/no\/wp-json\/wp\/v2\/tags?post=124747"}],"curies":[{"name":"wp","href":"https:\/\/api.w.org\/{rel}","templated":true}]}}