{"id":124755,"date":"2025-12-30T13:42:09","date_gmt":"2025-12-30T13:42:09","guid":{"rendered":"https:\/\/www.europesays.com\/no\/124755\/"},"modified":"2025-12-30T13:42:09","modified_gmt":"2025-12-30T13:42:09","slug":"vaersjokk-i-tour-de-ski","status":"publish","type":"post","link":"https:\/\/www.europesays.com\/no\/124755\/","title":{"rendered":"V\u00e6rsjokk i Tour de Ski"},"content":{"rendered":"<p>  Det skal godt gj\u00f8res \u00e5 finne noen som er negative til den vanvittige helomvendingen i Nord-Italia etter noen urolige dager.<\/p>\n<p>\n    ALPE CERMIS: Den svenske stjerna Frida Karlsson avbildet i 2024 foran Alpe Cermis, der ut\u00f8verne skal g\u00e5 opp en alpinbakke p\u00e5 den siste etappen. Den etappen kunne fort ha f\u00e5tt et ekstra element &#8230; Foto: Mathias Bergeld \/ BILDBYR\u00c5N\n  <\/p>\n<p>TOBLACH (Dagbladet): De to f\u00f8rste etappene av \u00e5rets Tour de Ski har hatt perfekte forhold. Det er p\u00e5skestemning over det hele n\u00e5r sola er oppe, og det inntrykket bekreftes av l\u00e5tene som spilles p\u00e5 stadion.<\/p>\n<p>Men Tour de Ski-sirkuset har ventet p\u00e5 noen gr\u00e5 skyer. Seinest mandag var det meldt grusomt regnv\u00e6r til de to siste etappene, som arrangeres i Val di Fiemme 3. og 4. januar.<\/p>\n<p>        <img loading=\"lazy\" decoding=\"async\" src=\"https:\/\/www.europesays.com\/no\/wp-content\/uploads\/2025\/12\/84040214.webp.webp\" width=\"980\" height=\"559\" title=\"IVERS: Emil Iversen fra 10-kilometeren mandag i nydelig solskinn i Toblach. Foto: Maxim Thore \/ BILDBYR\u00c5N\" alt=\"\" class=\"\" style=\"--aspect-ratio-image: 1.75; \"\/><\/p>\n<p>\n        IVERS: Emil Iversen fra 10-kilometeren mandag i nydelig solskinn i Toblach. Foto: Maxim Thore \/ BILDBYR\u00c5N\n    <\/p>\n<p>V\u00e6rmeldingen til yr.no viste over 40 mm med regn.<\/p>\n<p>Den siste etappen er opp en alpinbakke i Alpe Cermis i Nord-Italia.\u00a0<\/p>\n<p>Det er en utrolig uheldig kombinasjon med et vanvittig regnv\u00e6r.<\/p>\n<p>    Tour de Ski, sammenlagt &#8211; 2 av 6 etapper<\/p>\n<p>1. Jessie Diggins (USA)<\/p>\n<p>2. Astrid \u00d8yre Slind (Norge) + 39 sekunder<\/p>\n<p>3. Coletta Rydzek (Tyskland) + 45 sekunder<\/p>\n<p>4. Teresa Stadlober (\u00d8sterrike) + 52 sekunder<\/p>\n<p>5. Moa Ilar (Sverige) + 53 sekunder<\/p>\n<p>6. Maja Dahlqvist (Sverige) + 1 minutt og 1 sekund<\/p>\n<p>7. Jasmi Joensuu (Finland) + 1 minutt og 10 sekunder<\/p>\n<p>      Vis mer<br \/>\n      Vis mindre<\/p>\n<p>\u00abM\u00e5 vi til innkj\u00f8p av en golfparaply n\u00e5?\u00bb meldte en norsk journalist da v\u00e6ret ble et tema p\u00e5 pressesenteret etter den 2. etappen mandag.<\/p>\n<p><a href=\"https:\/\/www.expressen.se\/sport\/langdskidor\/hotet-mot-tour-de-ski-det-ar-helt-sjukt\/\" rel=\"nofollow noopener\" target=\"_blank\">Expressen<\/a> hadde til og med sak p\u00e5 v\u00e6rkaoset i morgentimene tirsdag.\u00a0<\/p>\n<p>\u00abDet ser mildt sagt urovekkende ut\u00bb, skriver den svenske avisa.<\/p>\n<p>        ILLAM\u00c5ENDE: Den svenske langrennsstjerna Johanna Hagstr\u00f6m liker \u00e5 sl\u00e5 nordmenn, men det er en norsk stolthet hun aldri overvinner. Video: Johanna Hagstr\u00f6m, Schjesvold\/S\u00f8r\u00f8 Olsen\/Dagbladet TV-sporten<\/p>\n<p>Helomvending\t<\/p>\n<p>Da var det nok venting for Dagbladet, som henvender seg til juryen tirsdag:\u00a0<\/p>\n<p class=\"italic m-italic\" data-lab-italic=\"italic\">&#8211; Hva tenker juryen om v\u00e6rmeldingen som kommer til helga? Utrolig v\u00e6rmelding!<\/p>\n<p>&#8211;\u00a0Ser ut som det kan bli fantastiske forhold, for gode skirenn b\u00e5de sportslig og for de som skal se langrenn p\u00e5 TV! Arrang\u00f8ren har gjort en god jobb med \u00e5 produsere nok sn\u00f8 til rennene i Val di Fiemme, skriver Erik Husby i juryen i en SMS.<\/p>\n<p>    Fakta: Tour de Ski sammenlagt &#8211; 2 av 6 etapper<\/p>\n<p>1. Johannes H\u00f8sflot Kl\u00e6bo<\/p>\n<p>2. Lars Heggen +53.0<\/p>\n<p>3. Harald \u00d8stberg Amundsen +57.0<\/p>\n<p>4. Edvin Anger +59.0<\/p>\n<p>5. Mattis Stenshagen +1:01.0<\/p>\n<p>6. Benjamin Moser +1:08.0<\/p>\n<p>7. Emil Iversen +1:12.0<\/p>\n<p>      Vis mer<br \/>\n      Vis mindre<\/p>\n<p>Dagbladet ble veldig usikker p\u00e5 om vi og juryen har samme tolkning av\u00a0\u00abfantastiske forhold\u00bb, s\u00e5 vi m\u00e5tte ta en ny sjekk.<\/p>\n<p>Men neida:\u00a0<\/p>\n<p>Fra regn l\u00f8rdag og s\u00f8ndag p\u00e5 v\u00e6rmeldingen, er det plutselig meldt fantastisk v\u00e6r i Val di Fiemme! Plussgrader, sol og ingen nedb\u00f8r. For en helomvending etter flere dager med krisev\u00e6r i vente.\u00a0<\/p>\n<p>S\u00e5 krysser \u00aballe\u00bb fingerene for at den st\u00e5r seg!<\/p>\n<p>&#8211; Godt for alle \u00e5 slippe det\t<\/p>\n<p>Landslagstrener Sjur Ole Svarstad forteller til Dagbladet at han hadde f\u00e5tt med seg v\u00e6rmeldingen.<\/p>\n<p>&#8211; Det er vanskelig \u00e5 vite, men vi skal h\u00e5ndtere regn veldig bra. Vi tar det v\u00e6ret som kommer.\u00a0<\/p>\n<p class=\"italic m-italic\" data-lab-italic=\"italic\">&#8211; Er det ikke deilig \u00e5 slippe 40 mm med regn?\u00a0<\/p>\n<p class=\"font-weight-bold m-font-weight-bold\" data-lab-font_weight=\"font-weight-bold\">&#8211; Jo, klart det er godt for alle \u00e5 slippe det. Vi st\u00e5r ikke tilbake for konkurrentene v\u00e5re om det blir regn. V\u00e6ret f\u00e5r vi ikke gjort noe med, s\u00e5 vi f\u00e5r bare gyve p\u00e5.\u00a0<\/p>\n<p>        <img loading=\"lazy\" decoding=\"async\" src=\"https:\/\/www.europesays.com\/no\/wp-content\/uploads\/2025\/12\/84041056.webp.webp\" width=\"667\" height=\"381\" title=\"LANDSLAGSTRENER: Sjur Ole Svarstad. Foto: NTB\" alt=\"\" class=\"\" style=\"--aspect-ratio-image: 1.75; \"\/><\/p>\n<p>\n        LANDSLAGSTRENER: Sjur Ole Svarstad. Foto: NTB\n    <\/p>\n<p class=\"italic m-italic\" data-lab-italic=\"italic\">&#8211; Hva slags plan legger dere om det blir s\u00e5 mye regn opp en brakk alpinbakke?\u00a0<\/p>\n<p>&#8211; Det viktigste da er uansett \u00e5 f\u00e5 p\u00e5 de t\u00f8rre kl\u00e6rne etter l\u00f8pet. Oppover bakken der tror jeg ikke de kommer til \u00e5 tenke noe p\u00e5 v\u00e6ret. Det er et helvete \u00e5 g\u00e5 den bakken, s\u00e5 de vil rett og slett ha fokus p\u00e5 \u00e5 komme seg opp. <\/p>\n<p>Langrennsl\u00f8per Andreas Fjorden Ree forteller at opplevelsen hans opp monsterbakken i fjor var helt grusom.<\/p>\n<p class=\"font-weight-bold m-font-weight-bold\" data-lab-font_weight=\"font-weight-bold\">&#8211; Jeg tror ikke det kan bli noe verre uansett, og at v\u00e6ret ikke hadde spilt s\u00e5 stor rolle.<\/p>\n","protected":false},"excerpt":{"rendered":"Det skal godt gj\u00f8res \u00e5 finne noen som er negative til den vanvittige helomvendingen i Nord-Italia etter noen&hellip;\n","protected":false},"author":2,"featured_media":124756,"comment_status":"","ping_status":"","sticky":false,"template":"","format":"standard","meta":{"footnotes":""},"categories":[12],"tags":[20,21,24,25,15,398,22,23,13,30,28,29,14,16,83,26,27,12662,42,43,44,45],"class_list":{"0":"post-124755","1":"post","2":"type-post","3":"status-publish","4":"format-standard","5":"has-post-thumbnail","7":"category-verden","8":"tag-breaking-news","9":"tag-breakingnews","10":"tag-featured-news","11":"tag-featurednews","12":"tag-headlines","13":"tag-langrenn","14":"tag-latest-news","15":"tag-latestnews","16":"tag-news","17":"tag-no","18":"tag-norge","19":"tag-norway","20":"tag-nyheter","21":"tag-overskrifter","22":"tag-sport","23":"tag-top-stories","24":"tag-topstories","25":"tag-tour-de-ski","26":"tag-verden","27":"tag-world","28":"tag-world-news","29":"tag-worldnews"},"share_on_mastodon":{"url":"https:\/\/pubeurope.com\/@no\/115808812710162989","error":""},"_links":{"self":[{"href":"https:\/\/www.europesays.com\/no\/wp-json\/wp\/v2\/posts\/124755","targetHints":{"allow":["GET"]}}],"collection":[{"href":"https:\/\/www.europesays.com\/no\/wp-json\/wp\/v2\/posts"}],"about":[{"href":"https:\/\/www.europesays.com\/no\/wp-json\/wp\/v2\/types\/post"}],"author":[{"embeddable":true,"href":"https:\/\/www.europesays.com\/no\/wp-json\/wp\/v2\/users\/2"}],"replies":[{"embeddable":true,"href":"https:\/\/www.europesays.com\/no\/wp-json\/wp\/v2\/comments?post=124755"}],"version-history":[{"count":0,"href":"https:\/\/www.europesays.com\/no\/wp-json\/wp\/v2\/posts\/124755\/revisions"}],"wp:featuredmedia":[{"embeddable":true,"href":"https:\/\/www.europesays.com\/no\/wp-json\/wp\/v2\/media\/124756"}],"wp:attachment":[{"href":"https:\/\/www.europesays.com\/no\/wp-json\/wp\/v2\/media?parent=124755"}],"wp:term":[{"taxonomy":"category","embeddable":true,"href":"https:\/\/www.europesays.com\/no\/wp-json\/wp\/v2\/categories?post=124755"},{"taxonomy":"post_tag","embeddable":true,"href":"https:\/\/www.europesays.com\/no\/wp-json\/wp\/v2\/tags?post=124755"}],"curies":[{"name":"wp","href":"https:\/\/api.w.org\/{rel}","templated":true}]}}