{"id":124767,"date":"2025-12-30T13:51:07","date_gmt":"2025-12-30T13:51:07","guid":{"rendered":"https:\/\/www.europesays.com\/no\/124767\/"},"modified":"2025-12-30T13:51:07","modified_gmt":"2025-12-30T13:51:07","slug":"hund-blei-heilt-vill-etter-fyrverkerismell-og-funnen-dod-nrk-sorlandet-lokale-nyheter-tv-og-radio","status":"publish","type":"post","link":"https:\/\/www.europesays.com\/no\/124767\/","title":{"rendered":"Hund blei heilt vill etter fyrverkerismell og funnen d\u00f8d \u2013 NRK S\u00f8rlandet \u2013 Lokale nyheter, TV og radio"},"content":{"rendered":"<p>Saka oppsummert:<\/p>\n<ul>\n<li>Hunden Max (2) d\u00f8ydde muligens av hjertesvikt etter \u00e5 ha blitt skremt av ulovleg fyrverkeri.<\/li>\n<li>Eigaren Randi Helene Dyngedal Bakke fann hunden d\u00f8d i skogen etter \u00e5 ha leita desperat.<\/li>\n<li>Fyrverkeriet skjedde utanfor nytt\u00e5rsfeiring.<\/li>\n<li>Facebook-posten hennar har f\u00e5tt stor merksemd, med fleire tusen likerklikk og delingar.<\/li>\n<li>Bakke \u00f8nskjer \u00e5 advare andre hundeeigarar om farane ved fyrverkeri, spesielt ulovleg bruk.<\/li>\n<\/ul>\n<p>Oppsummeringa er laga av ei KI-teneste fr\u00e5 OpenAI. Innhaldet er kvalitetssikra av NRK sine journalistar f\u00f8r publisering.<\/p>\n<p>\u2013 Han har nok sprunge seg i hel.<\/p>\n<p>Det seier Randi Helene Dyngedal Bakke til NRK dagen etter at hunden vart funnen d\u00f8d i skogen.<\/p>\n<p>Tidlegare same kveld skulle ho og ein ven g\u00e5 ein idyllisk m\u00e5neskinstur med hunden Max (2) i friluftsomr\u00e5det p\u00e5 Bur\u00f8ya i Arendal<\/p>\n<p><img decoding=\"async\"   src=\"data:image\/gif;base64,R0lGODlhAQABAIAAAAAAAP\/\/\/yH5BAEAAAAALAAAAAABAAEAAAIBRAA7\" loading=\"eager\" alt=\"En person sitter i f\u00f8rersetet i en bil, if\u00f8rt en m\u00f8rk lue og en gr\u00f8n flette over ansiktet. Personen har langt, lyst h\u00e5r som henger ut fra fletten. Bilen ser ut til \u00e5 v\u00e6re i bevegelse, med vinduer synlige i bakgrunnen. Vedlagt kl\u00e6r er en gr\u00e5 hettegenser med fargerike detaljer. (Bildebeskrivelsen er laget av en KI-tjeneste)\" title=\"Foto: Randi Helene Dyngedal Bakke \/ Privat\"\/><\/p>\n<p class=\"\">LEI SEG: Randi Helene Dyngedal Bakke gler seg ikkje til nytt\u00e5rsfeiringa. <\/p>\n<p>Foto: Randi Helene Dyngedal Bakke \/ Privat<\/p>\n<p>Der s\u00e5g dei ein bil komme i m\u00f8rket.<\/p>\n<p>Like etterp\u00e5 small det fr\u00e5 fyrverkeri i lufta.<\/p>\n<p><strong>\u2013 Han s\u00e5g p\u00e5 meg og s\u00e5 sprang han, fortel Bakke gr\u00e5tkvelt om hunden.<\/strong><\/p>\n<p>Max var i langline, men laus akkurat d\u00e5 fyrverkeriet small<\/p>\n<p>Bakke fortel at ho var i kontakt med politiet som sa det ikkje var noko lovleg fyrverkeri i omr\u00e5det.<\/p>\n<p>NRK har ogs\u00e5 sjekka dette med brannvesenet.<\/p>\n<p>Eigaren har f\u00f8rebels ikkje meldt saka til politiet.<\/p>\n<p>Slik f\u00f8rebur hundeeigarar seg til nytt\u00e5rsaftan: <\/p>\n<p>Ba om hjelp<\/p>\n<p>I eit desperat fors\u00f8k p\u00e5 \u00e5 finne hunden tok ho til sosiale medium for \u00e5 finne Max.<\/p>\n<p><strong>\u2013 Han var min beste venn, fortel ho om golden-doodelen sin.<\/strong><\/p>\n<p>Bakke beskriv Max som ein snill og litt bortskjemt hund. Han var ofte med p\u00e5 jobben som milj\u00f8terapeut for vanskelegstilt ungdom.<\/p>\n<p>\u2013 Han var ein s\u00e5nn gledesspreiar mot alle. Han gjekk alltid i h\u00e6lane p\u00e5 meg og dilta etter. Hadde nokon ein d\u00e5rleg dag eller var lei seg, s\u00e5 var han den f\u00f8rste som skulle tr\u00f8yste.<\/p>\n<p><img decoding=\"async\"   src=\"data:image\/gif;base64,R0lGODlhAQABAIAAAAAAAP\/\/\/yH5BAEAAAAALAAAAAABAAEAAAIBRAA7\" loading=\"eager\" alt=\"En gyllen retriever st\u00e5r i vannet med deler av kroppen nede i vannet. Hunden har p\u00e5 seg en sele og stikker ut tungen mens den hopper. Vannsprut omgir den, og bakgrunnen viser en urolig vannflate. Bildet illustrerer et \u00f8yeblikk av lek og aktivitet. (Bildebeskrivelsen er laget av en KI-tjeneste)\" title=\"Foto: Randi Helene Dyngedal Bakke \/ Privat\"\/><\/p>\n<p class=\"\">LEIK: Max blir beskriven som ein leiken hund. <\/p>\n<p>Foto: Randi Helene Dyngedal Bakke \/ Privat<\/p>\n<p>Truleg blei hunden s\u00e5 redd at han sprang seg i hel, meiner Bakke.<\/p>\n<p><strong>\u2013 Eg fann han med tunga ut av munnen og han var heilt bl\u00e5. Det er eit teikn p\u00e5 hjartesvikt. seier ho.<\/strong><\/p>\n<p>N\u00e5 vil ho \u00e5tvare andre f\u00f8r nytt\u00e5rsfeiringa.<\/p>\n<p>Facebook-posten hennar har f\u00e5tt stort engasjement og har fleire tusen likerklikk og er delt over 550 gonger.<\/p>\n<p><img decoding=\"async\"   src=\"data:image\/gif;base64,R0lGODlhAQABAIAAAAAAAP\/\/\/yH5BAEAAAAALAAAAAABAAEAAAIBRAA7\" loading=\"eager\" alt=\"Hund funnet omkommet. skjermdump fra post p\u00e5 Facebook\" title=\"Foto: Skjermdump fra Facebook\"\/><\/p>\n<p class=\"\">Randi Helene Dyngedal Bakke tok til Facebook for \u00e5 sp\u00f8rje om hjelp. Posten har f\u00e5tt over 2800 likerklikk. <\/p>\n<p>Foto: Skjermdump fra Facebook<\/p>\n<p>Dei siste \u00e5ra har fleire teke til orde for \u00e5 gjere privat fyrverkeri ulovleg.<\/p>\n<p>Ein underskriftskampanje kalla \u00abNei til fyrverkeri\u00bb har i skrivande stund over 60.000 underskrifter.<\/p>\n<p>        Burde fyrverkeri bli ulovleg av hensyn til dyra? <\/p>\n<p>        Ja, dette blir for dumt<\/p>\n<p>        Nei, ein kan ikkje lage reglar fordi nokon f\u00e5 fyrer opp fyrverkeri f\u00f8r det er lov<\/p>\n<p>        Veit ikkje, dette er ei vanskeleg problemstilling<\/p>\n<p>      Vis resultat<\/p>\n<p class=\"pin-nrkno-poll__disclaimer\">\n    Denne avstemningen viser ikke hva befolkningen mener om sp\u00f8rsm\u00e5let.<br \/>\n    Resultatet viser hva de som selv har valgt \u00e5 stemme mener,<br \/>\n    og avstemningen har ikke et utvalg som gj\u00f8r den representativ for alle som bor i landet.\n  <\/p>\n<p>Gruar seg<\/p>\n<p>Bakke fortel at ho hadde teke alle forholdsreglar rundt nytt\u00e5rsfeireinga og hadde planlagt \u00e5 reise til fjells der det er lite fyrverkeri.<\/p>\n<p>\u2013 Det er vanskeleg \u00e5 gardere seg mot ulovleg fyrverkeri.<\/p>\n<p>Veterin\u00e6r Anna Nordstrand i Mattilsynet hadde lese om hunden d\u00e5 NRK tok kontakt og er tydeleg p\u00e5 at ho synest det er ei tragisk sak.<\/p>\n<p>Ho seier det er sjeldan at hundar spring seg i hel, men utelukkar det ikkje.<\/p>\n<p>\u2013 Det kan tyde p\u00e5 organsvikt, seier Nordstrand om den bl\u00e5 tunga.<\/p>\n<p>Publisert<\/p>\n<p>30.12.2025, kl. 14.07<\/p>\n<p>Oppdatert<\/p>\n<p>30.12.2025, kl. 14.26<\/p>\n","protected":false},"excerpt":{"rendered":"Saka oppsummert: Hunden Max (2) d\u00f8ydde muligens av hjertesvikt etter \u00e5 ha blitt skremt av ulovleg fyrverkeri. Eigaren&hellip;\n","protected":false},"author":2,"featured_media":124768,"comment_status":"","ping_status":"","sticky":false,"template":"","format":"standard","meta":{"footnotes":""},"categories":[5],"tags":[20,21,24,25,15,19,22,23,17,18,13,30,28,29,14,16,26,27],"class_list":{"0":"post-124767","1":"post","2":"type-post","3":"status-publish","4":"format-standard","5":"has-post-thumbnail","7":"category-overskrifter","8":"tag-breaking-news","9":"tag-breakingnews","10":"tag-featured-news","11":"tag-featurednews","12":"tag-headlines","13":"tag-hovedoppslag","14":"tag-latest-news","15":"tag-latestnews","16":"tag-main-news","17":"tag-mainnews","18":"tag-news","19":"tag-no","20":"tag-norge","21":"tag-norway","22":"tag-nyheter","23":"tag-overskrifter","24":"tag-top-stories","25":"tag-topstories"},"share_on_mastodon":{"url":"https:\/\/pubeurope.com\/@no\/115808847979450177","error":""},"_links":{"self":[{"href":"https:\/\/www.europesays.com\/no\/wp-json\/wp\/v2\/posts\/124767","targetHints":{"allow":["GET"]}}],"collection":[{"href":"https:\/\/www.europesays.com\/no\/wp-json\/wp\/v2\/posts"}],"about":[{"href":"https:\/\/www.europesays.com\/no\/wp-json\/wp\/v2\/types\/post"}],"author":[{"embeddable":true,"href":"https:\/\/www.europesays.com\/no\/wp-json\/wp\/v2\/users\/2"}],"replies":[{"embeddable":true,"href":"https:\/\/www.europesays.com\/no\/wp-json\/wp\/v2\/comments?post=124767"}],"version-history":[{"count":0,"href":"https:\/\/www.europesays.com\/no\/wp-json\/wp\/v2\/posts\/124767\/revisions"}],"wp:featuredmedia":[{"embeddable":true,"href":"https:\/\/www.europesays.com\/no\/wp-json\/wp\/v2\/media\/124768"}],"wp:attachment":[{"href":"https:\/\/www.europesays.com\/no\/wp-json\/wp\/v2\/media?parent=124767"}],"wp:term":[{"taxonomy":"category","embeddable":true,"href":"https:\/\/www.europesays.com\/no\/wp-json\/wp\/v2\/categories?post=124767"},{"taxonomy":"post_tag","embeddable":true,"href":"https:\/\/www.europesays.com\/no\/wp-json\/wp\/v2\/tags?post=124767"}],"curies":[{"name":"wp","href":"https:\/\/api.w.org\/{rel}","templated":true}]}}