{"id":124771,"date":"2025-12-30T13:56:07","date_gmt":"2025-12-30T13:56:07","guid":{"rendered":"https:\/\/www.europesays.com\/no\/124771\/"},"modified":"2025-12-30T13:56:07","modified_gmt":"2025-12-30T13:56:07","slug":"vinter-i-gaza-uten-fred","status":"publish","type":"post","link":"https:\/\/www.europesays.com\/no\/124771\/","title":{"rendered":"Vinter i Gaza uten fred"},"content":{"rendered":"<p>Som kristen s\u00e5 jeg det som en plikt \u00e5 st\u00f8tte Israels kamp mot terror. Men ettersom nyhetene kom om Israels utvidelse av sine landomr\u00e5der, og israelske bulldosere som meiet ned palestinske hundre\u00e5rgamle olivenlunder, hus og hele landsbyer, s\u00e5 skj\u00f8nte jeg at Israel ikke kjemper for fred, tvert i mot!<\/p>\n<p>FN har <a href=\"https:\/\/www.regjeringen.no\/no\/aktuelt\/klar-stotte-til-fn-resolusjon-om-nodhjelp-til-palestina\/id3142993\/\" rel=\"noopener nofollow\" target=\"_blank\">flere ganger krevd<\/a> at Israel trekker seg ut av Vestbredden, men det motsatte skjer. De siste tre \u00e5rene har Nethanyahus regjering godkjent 69 bosettinger p\u00e5 Vestbredden, og hvor mange boliger er det i en bosetting. Det bor i dag 700 000 israelere i ulovlige bosettinger p\u00e5 Vestbredden, og de er opprettet i strid med Geneve-konvensjonen. Dette er det motsatte av &laquo;Med Israel For Fred&raquo;. Hvordan kan en verden t\u00e5le at et land tar seg slik til rette?<\/p>\n<p>Til sammenligning bor det i dag ca <a href=\"https:\/\/agdertall.no\/befolkning\/\" rel=\"noopener nofollow\" target=\"_blank\">320 000 mennesker<\/a> i hele Agder. Hvis det dobbelte av Agders befolkning meiet ned land i Danmark, ville det v\u00e6rt helt utenkelig. Hvordan kan dette skje i Palestina n\u00e5r Israel har underskrevet en fredsavtale?<\/p>\n<p>Det skulle v\u00e6re v\u00e5penhvile i Gaza n\u00e5, og tusener av nye telt og lastebiler med mat skulle kj\u00f8res inn til Gaza. S\u00e5nn er det ikke. Israel sperrer grensene og bomber fortsatt Gaza hver dag, helt uhindret. I vinterkulden nekter Israel \u00e5 slippe inn telt i Gaza, hvor de har bombet i stykker <a href=\"https:\/\/www.un.org\/unispal\/document\/unosat-gaza-strip-damage-assessment-31oct25\/\" rel=\"noopener nofollow\" target=\"_blank\">80 prosent av alle bygninger<\/a>. Det er \u00e5 d\u00f8mme barn til d\u00f8den ved forfrysning. Det er de avmagrede, de syke og skadde barna som vil sovne inn f\u00f8rst. 1.5 millioner tvangsfordrevne mennesker lever under ekstreme vilk\u00e5r. <a href=\"https:\/\/www.ochaopt.org\/content\/gaza-humanitarian-response-situation-report-no-52\" rel=\"noopener nofollow\" target=\"_blank\">Flere hundre tusen familier<\/a> pr\u00f8ver \u00e5 s\u00f8ke ly i telt som bare er t\u00f8ystykker. 22.000 telt har nylig blitt helt \u00f8delagt, men Israel hindrer telt \u00e5 komme inn.<\/p>\n<p>Israel har p\u00e5 nytt bestemt at ingen journalister f\u00e5r slippe inn. FNs Francesca Albanese g\u00e5r n\u00e5 inn for at vestlige medier som \u00e5pent forsvarer folkemordet, skal etterforskes og holdes strafferettslig ansvarlige. FN sier: \u00abN\u00e5r det er bevis for at et folkemord skjer, er det \u00e5 la v\u00e6re \u00e5 gj\u00f8re noe det samme som \u00e5 medvirke til det.\u00bb Irland og Spania anerkjente Palestina samme dag som Norge, 28. mai i fjor. De har fulgt opp med en rekke tiltak mot Israel. Landene har ogs\u00e5 boikottet Eurovision Song Contest i 2026. Her kunne Norge ha gjort tiltak sammen med andre land.<\/p>\n<p>Dette er den tredje julen p\u00e5 rad at de forfrosne barna i Gaza trenger v\u00e5r nestekj\u00e6rlighet. Norge h\u00e5ver fortsatt inn milliarder p\u00e5 investeringer i selskaper som FN har definert som krigsforbrytere. Staten v\u00e5r har r\u00e5d til \u00e5 donere noen smuler av gevinsten til Gaza. Vi m\u00e5 forlange at statsministeren krever at grensene \u00e5pnes og at telt slippes inn i Gaza. De trenger campingvogner, varme kl\u00e6r, vanntette soveposer \u2013 i tusentalls. Vi har ingen tid \u00e5 miste: frost- og flomkatastrofen er et faktum allerede. FN melder at 630.000 barn og unge trenger varme vinterkl\u00e6r. 2407 barn er i akutt hungersn\u00f8d. Dette er alt annet enn &laquo;Med Israel For Fred&raquo;.<\/p>\n<p>I kirka ber vi i kirkeb\u00f8nnen at Gud m\u00e5 se den palestinske n\u00f8den. Men som kirke og som kristne m\u00e5 vi gj\u00f8re mer enn \u00e5 be, vi m\u00e5 kreve handling, reell v\u00e5penhvile, og fullt innslipp av alle lastebiler som vil kj\u00f8re inn i Gaza med mat og kl\u00e6r og telt og medisinsk utstyr. Vi kan ikke lenger t\u00e5le den voldsomme uretten som skjer!<\/p>\n<p><a href=\"https:\/\/www.fvn.no\/norgeogverden\/i\/QJlAxq\/minst-16-doede-i-iskaldt-regnvaer-i-gaza\" rel=\"nofollow noopener\" target=\"_blank\"> <img decoding=\"async\" src=\"data:image\/gif;base64,R0lGODlhEAAJAIAAAP\/\/\/wAAACH5BAEAAAAALAAAAAAQAAkAAAIKhI+py+0Po5yUFQA7\" alt=\"\"\/>   Minst 16 d\u00f8de i iskaldt regnv\u00e6r i Gaza  <\/a> <\/p>\n<p>\u00c5pen <\/p>\n<p><a href=\"https:\/\/www.fvn.no\/mening\/debattinnlegg\/i\/ExoePo\/ny-rapport-naer-10-prosent-av-oljefondet-er-investert-i-okkupasjon-og-folkemord\" rel=\"nofollow noopener\" target=\"_blank\"> <img decoding=\"async\" src=\"data:image\/gif;base64,R0lGODlhEAAJAIAAAP\/\/\/wAAACH5BAEAAAAALAAAAAAQAAkAAAIKhI+py+0Po5yUFQA7\" alt=\"\"\/>   Ny rapport: N\u00e6r 10 prosent av Oljefondet er investert i okkupasjon og folkemord  <\/a> <\/p>\n<p>\u00c5pen <\/p>\n<p><a href=\"https:\/\/www.fvn.no\/mening\/debattinnlegg\/i\/j0ddRL\/tanker-om-aarsak-og-virkning\" rel=\"nofollow noopener\" target=\"_blank\"> <img decoding=\"async\" src=\"data:image\/gif;base64,R0lGODlhEAAJAIAAAP\/\/\/wAAACH5BAEAAAAALAAAAAAQAAkAAAIKhI+py+0Po5yUFQA7\" alt=\"\"\/>   Tanker om \u00e5rsak og virkning  <\/a> <\/p>\n<p>\u00c5pen <\/p>\n","protected":false},"excerpt":{"rendered":"Som kristen s\u00e5 jeg det som en plikt \u00e5 st\u00f8tte Israels kamp mot terror. Men ettersom nyhetene kom&hellip;\n","protected":false},"author":2,"featured_media":124772,"comment_status":"","ping_status":"","sticky":false,"template":"","format":"standard","meta":{"footnotes":""},"categories":[12],"tags":[20,21,24,25,53,15,52,22,23,13,30,28,29,14,16,26,27,42,1694,43,44,45],"class_list":{"0":"post-124771","1":"post","2":"type-post","3":"status-publish","4":"format-standard","5":"has-post-thumbnail","7":"category-verden","8":"tag-breaking-news","9":"tag-breakingnews","10":"tag-featured-news","11":"tag-featurednews","12":"tag-gaza","13":"tag-headlines","14":"tag-israel","15":"tag-latest-news","16":"tag-latestnews","17":"tag-news","18":"tag-no","19":"tag-norge","20":"tag-norway","21":"tag-nyheter","22":"tag-overskrifter","23":"tag-top-stories","24":"tag-topstories","25":"tag-verden","26":"tag-vestbredden","27":"tag-world","28":"tag-world-news","29":"tag-worldnews"},"share_on_mastodon":{"url":"https:\/\/pubeurope.com\/@no\/115808867726907112","error":""},"_links":{"self":[{"href":"https:\/\/www.europesays.com\/no\/wp-json\/wp\/v2\/posts\/124771","targetHints":{"allow":["GET"]}}],"collection":[{"href":"https:\/\/www.europesays.com\/no\/wp-json\/wp\/v2\/posts"}],"about":[{"href":"https:\/\/www.europesays.com\/no\/wp-json\/wp\/v2\/types\/post"}],"author":[{"embeddable":true,"href":"https:\/\/www.europesays.com\/no\/wp-json\/wp\/v2\/users\/2"}],"replies":[{"embeddable":true,"href":"https:\/\/www.europesays.com\/no\/wp-json\/wp\/v2\/comments?post=124771"}],"version-history":[{"count":0,"href":"https:\/\/www.europesays.com\/no\/wp-json\/wp\/v2\/posts\/124771\/revisions"}],"wp:featuredmedia":[{"embeddable":true,"href":"https:\/\/www.europesays.com\/no\/wp-json\/wp\/v2\/media\/124772"}],"wp:attachment":[{"href":"https:\/\/www.europesays.com\/no\/wp-json\/wp\/v2\/media?parent=124771"}],"wp:term":[{"taxonomy":"category","embeddable":true,"href":"https:\/\/www.europesays.com\/no\/wp-json\/wp\/v2\/categories?post=124771"},{"taxonomy":"post_tag","embeddable":true,"href":"https:\/\/www.europesays.com\/no\/wp-json\/wp\/v2\/tags?post=124771"}],"curies":[{"name":"wp","href":"https:\/\/api.w.org\/{rel}","templated":true}]}}