{"id":124795,"date":"2025-12-30T14:26:19","date_gmt":"2025-12-30T14:26:19","guid":{"rendered":"https:\/\/www.europesays.com\/no\/124795\/"},"modified":"2025-12-30T14:26:19","modified_gmt":"2025-12-30T14:26:19","slug":"trafikk-fjellregionen-veiene-er-apne-men-fortsatt-krevende-kjoreforhold","status":"publish","type":"post","link":"https:\/\/www.europesays.com\/no\/124795\/","title":{"rendered":"Trafikk, Fjellregionen | Veiene er \u00e5pne, men fortsatt krevende kj\u00f8reforhold"},"content":{"rendered":"\n<p>Fv. 705 mot Tydal, fv. 27 over Venabygdsfjellet, E6 over Dovrefjell og rv. 30 over Kvikne er alle \u00e5pne for trafikk morgenen 6. juledag. Vegvesenet melder at det p\u00e5 flere av disse strekningene er sterk vind og fare for sv\u00e6rt glatte veier.<\/p>\n<p>En av v\u00e5re lesere melder om at der er godt br\u00f8ytet og gode kj\u00f8reforhold p\u00e5 fv. 30 mellom \u00c5len og R\u00f8ros.<\/p>\n<p>Gult farevarsel<\/p>\n<p>Yr.no melder fortsatt at det er fare for sn\u00f8fokk i hele Fjellregionen, og at dette vil vare fram til morgenen nytt\u00e5rsaften. De skriver at det lokalt kan bli sv\u00e6rt vanskelige kj\u00f8reforhold.<\/p>\n<p>\u2013 Sn\u00f8fokk gir stedvis redusert sikt og sn\u00f8 som pakker seg i veibanen. Veier kan bli stengt og kolonnekj\u00f8ring kan bli innf\u00f8rt p\u00e5 kort varsel. Bruk riktige dekk og kj\u00f8r etter forholdene. Beregn ekstra tid til transport og kj\u00f8ring. F\u00f8lg r\u00e5d og sjekk status fra transportakt\u00f8rer, skriver de p\u00e5 <a href=\"https:\/\/www.yr.no\/nb\/farevarsler\" rel=\"Follow nofollow noopener\" target=\"_blank\">yr.no.<\/a><\/p>\n<p>   <img decoding=\"async\" width=\"800\" height=\"600\" fetchpriority=\"low\"  loading=\"lazy\"  src=\"https:\/\/www.europesays.com\/no\/wp-content\/uploads\/2025\/12\/kvikne.jpg\" alt=\"\" class=\"brick-c-cFOWSL\" style=\"--brick-image-ratio: 800 \/ 600;\"\/><\/p>\n<p>      Rv. 3, Kvikne<br \/>\n      Foto: Statens vegvesen\n    <\/p>\n<p>   <img decoding=\"async\" width=\"704\" height=\"576\" fetchpriority=\"low\"  loading=\"lazy\"  src=\"https:\/\/www.europesays.com\/no\/wp-content\/uploads\/2025\/12\/rugeldalen.jpg\" alt=\"\" class=\"brick-c-cFOWSL\" style=\"--brick-image-ratio: 704 \/ 576;\"\/><\/p>\n<p>      Fv. 30, Rugeldalen<br \/>\n      Foto: Statens vegvesen\n    <\/p>\n<p>   <img decoding=\"async\" width=\"800\" height=\"450\" fetchpriority=\"low\"  loading=\"lazy\"  src=\"https:\/\/www.europesays.com\/no\/wp-content\/uploads\/2025\/12\/fokstugu.jpg\" alt=\"\" class=\"brick-c-cFOWSL\" style=\"--brick-image-ratio: 800 \/ 450;\"\/><\/p>\n<p>      E6, Fokstugu<br \/>\n      Foto: Statens vegvesen\n    <\/p>\n","protected":false},"excerpt":{"rendered":"Fv. 705 mot Tydal, fv. 27 over Venabygdsfjellet, E6 over Dovrefjell og rv. 30 over Kvikne er alle&hellip;\n","protected":false},"author":2,"featured_media":124796,"comment_status":"","ping_status":"","sticky":false,"template":"","format":"standard","meta":{"footnotes":""},"categories":[10],"tags":[36,20,21,834,24,25,1780,14735,14734,15,22,23,13,30,28,29,14,16,14733,1510,26,27,224],"class_list":{"0":"post-124795","1":"post","2":"type-post","3":"status-publish","4":"format-standard","5":"has-post-thumbnail","7":"category-norge","8":"tag-art","9":"tag-breaking-news","10":"tag-breakingnews","11":"tag-e6","12":"tag-featured-news","13":"tag-featurednews","14":"tag-fjellregionen","15":"tag-fv-30","16":"tag-fv-705","17":"tag-headlines","18":"tag-latest-news","19":"tag-latestnews","20":"tag-news","21":"tag-no","22":"tag-norge","23":"tag-norway","24":"tag-nyheter","25":"tag-overskrifter","26":"tag-rv-3","27":"tag-story","28":"tag-top-stories","29":"tag-topstories","30":"tag-trafikk"},"share_on_mastodon":{"url":"https:\/\/pubeurope.com\/@no\/115808985657840055","error":""},"_links":{"self":[{"href":"https:\/\/www.europesays.com\/no\/wp-json\/wp\/v2\/posts\/124795","targetHints":{"allow":["GET"]}}],"collection":[{"href":"https:\/\/www.europesays.com\/no\/wp-json\/wp\/v2\/posts"}],"about":[{"href":"https:\/\/www.europesays.com\/no\/wp-json\/wp\/v2\/types\/post"}],"author":[{"embeddable":true,"href":"https:\/\/www.europesays.com\/no\/wp-json\/wp\/v2\/users\/2"}],"replies":[{"embeddable":true,"href":"https:\/\/www.europesays.com\/no\/wp-json\/wp\/v2\/comments?post=124795"}],"version-history":[{"count":0,"href":"https:\/\/www.europesays.com\/no\/wp-json\/wp\/v2\/posts\/124795\/revisions"}],"wp:featuredmedia":[{"embeddable":true,"href":"https:\/\/www.europesays.com\/no\/wp-json\/wp\/v2\/media\/124796"}],"wp:attachment":[{"href":"https:\/\/www.europesays.com\/no\/wp-json\/wp\/v2\/media?parent=124795"}],"wp:term":[{"taxonomy":"category","embeddable":true,"href":"https:\/\/www.europesays.com\/no\/wp-json\/wp\/v2\/categories?post=124795"},{"taxonomy":"post_tag","embeddable":true,"href":"https:\/\/www.europesays.com\/no\/wp-json\/wp\/v2\/tags?post=124795"}],"curies":[{"name":"wp","href":"https:\/\/api.w.org\/{rel}","templated":true}]}}