{"id":124799,"date":"2025-12-30T14:36:09","date_gmt":"2025-12-30T14:36:09","guid":{"rendered":"https:\/\/www.europesays.com\/no\/124799\/"},"modified":"2025-12-30T14:36:09","modified_gmt":"2025-12-30T14:36:09","slug":"drapssiktet-mann-pagrepet-i-oslo","status":"publish","type":"post","link":"https:\/\/www.europesays.com\/no\/124799\/","title":{"rendered":"Drapssiktet mann p\u00e5grepet i Oslo"},"content":{"rendered":"<p>Mannen som er siktet for drapet p\u00e5 i Kirken\u00e6r i romjula, er p\u00e5grepet, opplyser Innlandet politidistrikt i en pressemelding.<\/p>\n<p>\u2013 Med verdifull bistand fra Oslo politidistrikt er siktede lokalisert og p\u00e5grepet i Oslo i ettermiddag. Mannen ble p\u00e5grepet i en leilighet, skriver de.<\/p>\n<p>Det er en mann i 60-\u00e5rene som ganske raskt ble siktet for drap og etterlyst nasjonalt og internasjonalt, f\u00f8r han tirsdag alts\u00e5 ble p\u00e5grepet.<\/p>\n<p>Politiinspekt\u00f8r Henning Klauseie sier til TV 2 at siktede vil forbli i Oslo for en kriminalteknisk unders\u00f8kelse f\u00f8r han ble fraktet til arresten i Hamar.<\/p>\n<p>Det er ikke avklart hvordan den siktede mannen stiller seg til siktelsen.\u00a0Han har forel\u00f8pig ikke f\u00e5tt oppnevnt forsvarer. <\/p>\n<p>Oslo politidistrikt bekrefter til TV 2 at de har p\u00e5grepet mannen i omr\u00e5det Majorstua i Oslo. Den foregikk uten dramatikk.<\/p>\n<p>        <img class=\"image__img lazyload\" itemprop=\"image\" title=\"Foto: Torbj\u00f8rn Brovold \/ TV 2\" alt=\"I OSLO: Politiet har p\u00e5grepet en mann p\u00e5 Majorstua i Oslo. Foto: Torbj\u00f8rn Brovold \/ TV 2\" width=\"675\" height=\"513\" bad-src=\"https:\/\/www.europesays.com\/no\/wp-content\/uploads\/2025\/12\/18421170.webp.jpeg\" fetchpriority=\"auto\" \/><\/p>\n<p>      I OSLO: Politiet har p\u00e5grepet en mann p\u00e5 Majorstua i Oslo.<br \/>\n         Foto: Torbj\u00f8rn Brovold \/ TV 2<\/p>\n<p>May Torill drept<\/p>\n<p>Det var May Torill Eriksen (48) som ble funnet\u00a0d\u00f8d i Kirken\u00e6r etter en bekymringsmelding l\u00f8rdag kveld.\u00a0De p\u00e5r\u00f8rende er orientert om at navnet frigis.\u00a0<\/p>\n<p>Bj\u00f8rn Erik Pettersen er bistandsadvokat for de etterlatte.<\/p>\n<p>\u2013 De p\u00e5r\u00f8rende vil avvente politiets videre etterforskning av saken, i h\u00e5p om at den vil gi svar p\u00e5 de sp\u00f8rsm\u00e5l som de sitter igjen med. De ber om ro, og respekt for deres sorg over avd\u00f8des bortgang, skrev han i en melding til TV 2 mandag.<\/p>\n<p>Politiet har tidligere sagt at det var funn p\u00e5 \u00e5stedet som styrket teorien om drap.\u00a0\u00a0<\/p>\n<p>Tirsdag ettermiddag mottok politiet den forel\u00f8pige obduksjonsrapporten av avd\u00f8de, men Klauseie vil ikke g\u00e5 ut med innholdet av hensyn til til den p\u00e5g\u00e5ende etterforskningen.<\/p>\n<p>Var samboere<\/p>\n<p>Den d\u00f8de kvinnen og siktede har if\u00f8lge politiet v\u00e6rt samboere.<\/p>\n<p>Politiet har opplyst til Dagbladet at mannen for noen \u00e5r siden var siktet i en voldssak mot den samme kvinnen.<\/p>\n<p>\u2013 Det er registrert en sak mellom dem i 2021, som ble etterforsket som kroppskrenkelse med ham som siktet. Den ble henlagt p\u00e5 bevisets stilling, sier politiadvokaten.<\/p>\n<p>Politiet har avh\u00f8rt et titalls vitner, og det er avtalt tidspunkter for avh\u00f8r av flere i l\u00f8pet av tirsdagen.<\/p>\n<p>\u2013 D\u00f8dstidspunktet\/-\u00e5rsak er noe vi arbeider med \u00e5 avklare. Det er ikke forel\u00f8pig noen endelig klarhet i dette. Tidspunktet m\u00e5 avklares n\u00e6rmere gjennom alle de samlede etterforskningsskritt som foretas, skrev politiet tidligere tirsdag.<\/p>\n<p>\u2013\u00a0Det er mottatt noen tips i saken, men uten at det er noe avgj\u00f8rende i de tips som forel\u00f8pig er mottatt. Blant mange etterforskningsskritt som det arbeides med, er innhenting av videooverv\u00e5king som er plassert p\u00e5 relevante steder. Etterforskerne innhenter og gjennomg\u00e5r materialet fortl\u00f8pende.<\/p>\n","protected":false},"excerpt":{"rendered":"Mannen som er siktet for drapet p\u00e5 i Kirken\u00e6r i romjula, er p\u00e5grepet, opplyser Innlandet politidistrikt i en&hellip;\n","protected":false},"author":2,"featured_media":124800,"comment_status":"","ping_status":"","sticky":false,"template":"","format":"standard","meta":{"footnotes":""},"categories":[10],"tags":[20,21,24,25,15,22,23,13,30,28,29,14,16,26,27],"class_list":{"0":"post-124799","1":"post","2":"type-post","3":"status-publish","4":"format-standard","5":"has-post-thumbnail","7":"category-norge","8":"tag-breaking-news","9":"tag-breakingnews","10":"tag-featured-news","11":"tag-featurednews","12":"tag-headlines","13":"tag-latest-news","14":"tag-latestnews","15":"tag-news","16":"tag-no","17":"tag-norge","18":"tag-norway","19":"tag-nyheter","20":"tag-overskrifter","21":"tag-top-stories","22":"tag-topstories"},"share_on_mastodon":{"url":"https:\/\/pubeurope.com\/@no\/115809024988632286","error":""},"_links":{"self":[{"href":"https:\/\/www.europesays.com\/no\/wp-json\/wp\/v2\/posts\/124799","targetHints":{"allow":["GET"]}}],"collection":[{"href":"https:\/\/www.europesays.com\/no\/wp-json\/wp\/v2\/posts"}],"about":[{"href":"https:\/\/www.europesays.com\/no\/wp-json\/wp\/v2\/types\/post"}],"author":[{"embeddable":true,"href":"https:\/\/www.europesays.com\/no\/wp-json\/wp\/v2\/users\/2"}],"replies":[{"embeddable":true,"href":"https:\/\/www.europesays.com\/no\/wp-json\/wp\/v2\/comments?post=124799"}],"version-history":[{"count":0,"href":"https:\/\/www.europesays.com\/no\/wp-json\/wp\/v2\/posts\/124799\/revisions"}],"wp:featuredmedia":[{"embeddable":true,"href":"https:\/\/www.europesays.com\/no\/wp-json\/wp\/v2\/media\/124800"}],"wp:attachment":[{"href":"https:\/\/www.europesays.com\/no\/wp-json\/wp\/v2\/media?parent=124799"}],"wp:term":[{"taxonomy":"category","embeddable":true,"href":"https:\/\/www.europesays.com\/no\/wp-json\/wp\/v2\/categories?post=124799"},{"taxonomy":"post_tag","embeddable":true,"href":"https:\/\/www.europesays.com\/no\/wp-json\/wp\/v2\/tags?post=124799"}],"curies":[{"name":"wp","href":"https:\/\/api.w.org\/{rel}","templated":true}]}}