{"id":124818,"date":"2025-12-30T14:51:07","date_gmt":"2025-12-30T14:51:07","guid":{"rendered":"https:\/\/www.europesays.com\/no\/124818\/"},"modified":"2025-12-30T14:51:07","modified_gmt":"2025-12-30T14:51:07","slug":"kommer-ikke-for-om-flere-maneder","status":"publish","type":"post","link":"https:\/\/www.europesays.com\/no\/124818\/","title":{"rendered":"\u2013 Kommer ikke f\u00f8r om flere m\u00e5neder"},"content":{"rendered":"\n<p class=\"_paragraph_o9xde_4 _paragraph_xtcu6_10 layout-component text-serif-m layout-normal text-serif-m layout-padded\">Den 27 \u00e5r gamle skiskytteren ble funnet d\u00f8d p\u00e5 et hotellrom i Nord-Italia, 23. desember. <\/p>\n<p class=\"_paragraph_o9xde_4 _paragraph_xtcu6_10 layout-component text-serif-m layout-normal text-serif-m layout-padded\">I helgen ble det gjennomf\u00f8rt en obduksjonobduksjonEn grundig medisinsk unders\u00f8kelse av en d\u00f8d kropp. Dette gj\u00f8res for \u00e5 fastsl\u00e5 d\u00f8ds\u00e5rsak.  for \u00e5 finne ut av d\u00f8ds\u00e5rsaken til skiskytteren, men det skal ikke ha fremkommet noen konklusjon av d\u00f8ds\u00e5rsak enn\u00e5. <\/p>\n<p class=\"_paragraph_o9xde_4 _paragraph_xtcu6_10 layout-component text-serif-m layout-normal text-serif-m layout-padded\">De rettsmedisinske unders\u00f8kelsene vil ikke gi noen svar f\u00f8r i mars neste \u00e5r. <\/p>\n<p class=\"_paragraph_o9xde_4 _paragraph_xtcu6_10 layout-component text-serif-m layout-normal text-serif-m layout-padded\">\u2013 <strong class=\"_strong_o9xde_25\">Vi hadde h\u00e5pet at familien skulle f\u00e5tt noen svar n\u00e5, men de kommer ikke f\u00f8r om flere m\u00e5neder, sier familiens bistandsadvokat, Bernt Heiberg i Elden Advokatfirma, i en pressemelding.<\/strong><\/p>\n<p class=\"_paragraph_o9xde_4 _paragraph_xtcu6_10 layout-component text-serif-m layout-normal text-serif-m layout-padded\">Italiensk politi etterforsker saken som et mistenkelig d\u00f8dsfall, skriver advokatfirmaet. <\/p>\n<p class=\"_paragraph_o9xde_4 _paragraph_xtcu6_10 layout-component text-serif-m layout-normal text-serif-m layout-padded\">\u2013 Det inneb\u00e6rer ikke at man mistenker at det har skjedd noe straffbart, kun at man ikke kjenner til hva som for\u00e5rsaket d\u00f8dsfallet, st\u00e5r det i pressemeldingen fra bistandsadvokat Heiberg.<\/p>\n<p class=\"_paragraph_o9xde_4 _paragraph_xtcu6_10 layout-component text-serif-m layout-normal text-serif-m layout-padded\">P\u00e5talemyndigheten i Italia har gitt rettsmedisinerne en frist til 7. mars for \u00e5 ferdigstille sine unders\u00f8kelser og avgi en rapport. <\/p>\n<p class=\"_paragraph_o9xde_4 _paragraph_xtcu6_10 layout-component text-serif-m layout-normal text-serif-m layout-padded\">Bakkens kropp vil bli i l\u00f8pet av de n\u00e6rmeste dagene fraktet tilbake til Norge. Det er for at familien kan f\u00e5 planlegge gravferden. Det er ikke avklart n\u00e5r eller hvor begravelsen vil finne sted. <\/p>\n<p><img alt=\"Det var p\u00e5 dette hotellet i Dolomittene at nordmannen ble funnet d\u00f8d.   Foto: Bendik Hansen \/ VG\" class=\"_image_qp4xg_65 layout-component layout-normal\" data-fullscreen- data-track-element-type=\"Article image fullscreen\" data-track-name=\"ImageFullscreen\" decoding=\"async\" loading=\"lazy\" height=\"4284\" itemprop=\"image\"  src=\"https:\/\/www.europesays.com\/no\/wp-content\/uploads\/2025\/12\/d7ca47f8-88eb-4462-81c1-2ba90833d2b6.png\"  style=\"object-position:0% 0%\" width=\"5712\"\/>Det var p\u00e5 dette hotellet i Dolomittene at nordmannen ble funnet d\u00f8d.   Foto: Bendik Hansen \/ VG<\/p>\n<p class=\"_paragraph_o9xde_4 _paragraph_xtcu6_10 layout-component text-serif-m layout-normal text-serif-m layout-padded\">Det var p\u00e5 morgenen lillejulaften at skiskytteren d\u00f8de p\u00e5 1800 meters h\u00f8yde i Lavaze. Da Bakken<a href=\"https:\/\/www.vg.no\/sport\/i\/k0J8M9\/skiskytterforbundet-bakken-funnet-med-hoeydemaske?utm_source=sdrn%3Avg%3Aarticle%3AExWBp5&amp;utm_medium=Link&amp;utm_content=link%3Ak0J8M9\" data-track-element-type=\"Link\" data-track-id=\"link:k0J8M9\" class=\"_link_o9xde_39\" rel=\"nofollow noopener\" target=\"_blank\"> ble funnet <\/a>p\u00e5 hotellrommet sitt, hadde han p\u00e5 seg en s\u00e5kalt h\u00f8ydemaske.<\/p>\n<p class=\"_paragraph_o9xde_4 _paragraph_xtcu6_10 layout-component text-serif-m layout-normal text-serif-m layout-padded\">Den var stilt inn p\u00e5 omtrent <a href=\"http:\/\/www.vg.no\/sport\/i\/ExWBp5\/opplysninger-til-vg-bakkens-hoeydemaske-stilt-inn-paa-7000-m-o-h#:~:text=VG%20er%20i%20dag%20kjent,inn%2C%20inneholdt%20sv%C3%A6rt%20lite%20oksygen.&amp;text=%C3%85%20trene%20i%20h%C3%B8yden%20gj%C3%B8res,opplever%20%C3%A5%20ha%20lite%20oksygen.\" data-track-element-type=\"Link\" data-track-id=\"link:ExWBp5\" class=\"_link_o9xde_39\" rel=\"nofollow noopener\" target=\"_blank\">7000 h\u00f8ydemeter da 27-\u00e5ringen ble funnet<\/a>, if\u00f8lge VGs opplysninger. Dette betyr at luften som Bakken pustet inn inneholdt sv\u00e6rt lite oksygen. <\/p>\n<p class=\"_paragraph_o9xde_4 _paragraph_xtcu6_10 layout-component text-serif-m layout-normal text-serif-m layout-padded\">En slik maske brukes for \u00e5 simulere effekten av \u00e5 trene i tynn luft, noe som gj\u00f8res for \u00e5 \u00f8ke produksjonen av r\u00f8de blodceller, fordi kroppen opplever \u00e5 ha lite oksygen. Flere r\u00f8de blodceller gir igjen bedre utholdenhet.<\/p>\n<p class=\"_paragraph_o9xde_4 _paragraph_xtcu6_10 layout-component text-serif-m layout-normal text-serif-m layout-padded\">Masken ble umiddelbart beslaglagt av italiensk politi, og skulle unders\u00f8kes de kommende dagene. <\/p>\n<p class=\"_paragraph_o9xde_4 _paragraph_xtcu6_10 layout-component text-serif-m layout-normal text-serif-m layout-padded\">\u2013 Det er ingenting s\u00e5 langt i etterforskningen som gir grunnlag for hverken \u00e5 fastsl\u00e5 eller avkrefte at d\u00f8dsfallet har noen sammenheng med bruk av s\u00e5kalte utstyr for simulert h\u00f8ydetrening, st\u00e5r det i pressemeldingen.<\/p>\n<p class=\"_paragraph_o9xde_4 _paragraph_xtcu6_10 layout-component text-serif-m layout-normal text-serif-m layout-padded\">Det skrives ogs\u00e5 at det er gjort en rekke tekniske beslag i saken som politiet vil gjennomg\u00e5 i tiden som kommer. De vil ogs\u00e5, rutinemessig innhente helseopplysninger fra norsk helsevesen, st\u00e5r det.<\/p>\n<p class=\"_paragraph_o9xde_4 _paragraph_xtcu6_10 layout-component text-serif-m layout-normal text-serif-m layout-padded\">\u2013 Vi vil p\u00e5 det sterkeste oppfordre b\u00e5de idretten og pressen til \u00e5 avst\u00e5 fra spekulasjoner om hva som kan ha for\u00e5rsaket Bakkens d\u00f8dsfall av hensyn til respekt for hans etterlatte. Idrettens behov for \u00e5 vurdere bruken av simulert h\u00f8ydeutstyr m\u00e5 skje uten \u00e5 kobles til Bakkens d\u00f8dsfall, sier advokat Heiberg.<\/p>\n<p class=\"_paragraph_o9xde_4 _paragraph_xtcu6_10 layout-component text-serif-m layout-normal text-serif-m layout-padded\">Den omfattende medieomtalen av Bakkens d\u00f8dsfall er en merbelastning i en allerede sv\u00e6rt krevende situasjon for de p\u00e5r\u00f8rende.<\/p>\n<p class=\"_paragraph_o9xde_4 _paragraph_xtcu6_10 layout-component text-serif-m layout-normal text-serif-m layout-padded\">\u2013 Selv om pressen i sin omtale presiserer at d\u00f8ds\u00e5rsaken ikke er fastsl\u00e5tt, kobler man gjennomg\u00e5ende det tragiske d\u00f8dsfallet til en ung ut\u00f8ver med bruken av helt lovlig utstyr for h\u00f8ydesimulering uten at det finnes ett fnugg av belegg for \u00e5 fastsl\u00e5 en sammenheng. <\/p>\n<p class=\"_paragraph_o9xde_4 _paragraph_xtcu6_10 layout-component text-serif-m layout-normal text-serif-m layout-padded\">\u2013 Enkelte medier har g\u00e5tt s\u00e5 langt at de ogs\u00e5 har koblet d\u00f8dsfallet til hans tidligere sykdomshistorikk. Det er graverende og s\u00e5rende for de p\u00e5r\u00f8rende, sier advokat Bernt Heiberg i Elden Advokatfirma.<\/p>\n<p><img alt=\"Foto: MATHIAS BERGELD \/ Bildbyr\u00e5n\" class=\"_image_qp4xg_65 layout-component layout-normal\" data-fullscreen- data-track-element-type=\"Article image fullscreen\" data-track-name=\"ImageFullscreen\" decoding=\"async\" loading=\"lazy\" height=\"4000\" itemprop=\"image\"  src=\"https:\/\/www.europesays.com\/no\/wp-content\/uploads\/2025\/12\/a30d42a5-db4c-4ec8-b01a-9160a74ff2ee.jpeg\"  style=\"object-position:0% 0%\" width=\"6000\"\/>Foto: MATHIAS BERGELD \/ Bildbyr\u00e5n<\/p>\n<p class=\"_paragraph_o9xde_4 _paragraph_xtcu6_10 layout-component text-serif-m layout-normal text-serif-m layout-padded\">I perioden 2014 til 2017 var Bakken elev ved NTG Lillehammer.<\/p>\n<p class=\"_paragraph_o9xde_4 _paragraph_xtcu6_10 layout-component text-serif-m layout-normal text-serif-m layout-padded\">27-\u00e5ringen ble lenge sett p\u00e5 som et stort talent, f\u00f8r han for alvor slo gjennom mot slutten av 2021\/22-sesongen.<\/p>\n<p class=\"_paragraph_o9xde_4 _paragraph_xtcu6_10 layout-component text-serif-m layout-normal text-serif-m layout-padded\">Han vant den avsluttende fellesstarten i Holmenkollen og ble bel\u00f8nnet med landslagsplass etter sitt store gjennombrudd.<\/p>\n<p class=\"_paragraph_o9xde_4 _paragraph_xtcu6_10 layout-component text-serif-m layout-normal text-serif-m layout-padded\">Bakken har ogs\u00e5 deltatt i vinter-OL for ungdom i 2016, der han tok flere medaljer i skiskyting \u2013 to gull og en s\u00f8lv.<\/p>\n<p class=\"_paragraph_o9xde_4 _paragraph_xtcu6_10 layout-component text-serif-m layout-normal text-serif-m layout-padded\">Helsemessig har idrettsprofilen tidligere v\u00e6rt \u00e5pen om helseproblemer som f\u00f8lge av vaksinering under coronapandemien.<\/p>\n<p class=\"_paragraph_o9xde_4 _paragraph_xtcu6_10 layout-component text-serif-m layout-normal text-serif-m layout-padded\">I en periode var han forhindret fra \u00e5 drive toppidrett, f\u00f8r pr\u00f8ver h\u00f8sten 2023 viste at kroppen var p\u00e5 vei tilbake. Etter halvannet \u00e5r var han tilbake i trening.<\/p>\n<p class=\"_paragraph_o9xde_4 _paragraph_xtcu6_10 layout-component text-serif-m layout-normal text-serif-m layout-padded\">\u2013 Det g\u00e5r veldig mye bedre. F\u00f8rst og fremst er jeg kvitt alt av smerter og ubehag i hverdagen. Nummer to, f\u00f8lelsen og formen er bra nok til at jeg har begynt med litt trening. Det er en opptur, det ogs\u00e5, sa Bakken i et<a href=\"https:\/\/www.vg.no\/sport\/i\/y6de0J\/sivert-guttorm-bakken-tilbake-i-trening-etter-halvannet-aar\" data-track-element-type=\"Link\" data-track-id=\"link:y6de0J\" class=\"_link_o9xde_39\" rel=\"nofollow noopener\" target=\"_blank\"> VG-intervju <\/a>h\u00f8sten 2023.<\/p>\n","protected":false},"excerpt":{"rendered":"Den 27 \u00e5r gamle skiskytteren ble funnet d\u00f8d p\u00e5 et hotellrom i Nord-Italia, 23. desember. I helgen ble&hellip;\n","protected":false},"author":2,"featured_media":124819,"comment_status":"","ping_status":"","sticky":false,"template":"","format":"standard","meta":{"footnotes":""},"categories":[5],"tags":[20,21,24,25,15,19,22,23,17,18,13,30,28,29,14,16,13042,769,26,27],"class_list":{"0":"post-124818","1":"post","2":"type-post","3":"status-publish","4":"format-standard","5":"has-post-thumbnail","7":"category-overskrifter","8":"tag-breaking-news","9":"tag-breakingnews","10":"tag-featured-news","11":"tag-featurednews","12":"tag-headlines","13":"tag-hovedoppslag","14":"tag-latest-news","15":"tag-latestnews","16":"tag-main-news","17":"tag-mainnews","18":"tag-news","19":"tag-no","20":"tag-norge","21":"tag-norway","22":"tag-nyheter","23":"tag-overskrifter","24":"tag-sivert-guttorm-bakken","25":"tag-skiskyting","26":"tag-top-stories","27":"tag-topstories"},"share_on_mastodon":{"url":"https:\/\/pubeurope.com\/@no\/115809083969062228","error":""},"_links":{"self":[{"href":"https:\/\/www.europesays.com\/no\/wp-json\/wp\/v2\/posts\/124818","targetHints":{"allow":["GET"]}}],"collection":[{"href":"https:\/\/www.europesays.com\/no\/wp-json\/wp\/v2\/posts"}],"about":[{"href":"https:\/\/www.europesays.com\/no\/wp-json\/wp\/v2\/types\/post"}],"author":[{"embeddable":true,"href":"https:\/\/www.europesays.com\/no\/wp-json\/wp\/v2\/users\/2"}],"replies":[{"embeddable":true,"href":"https:\/\/www.europesays.com\/no\/wp-json\/wp\/v2\/comments?post=124818"}],"version-history":[{"count":0,"href":"https:\/\/www.europesays.com\/no\/wp-json\/wp\/v2\/posts\/124818\/revisions"}],"wp:featuredmedia":[{"embeddable":true,"href":"https:\/\/www.europesays.com\/no\/wp-json\/wp\/v2\/media\/124819"}],"wp:attachment":[{"href":"https:\/\/www.europesays.com\/no\/wp-json\/wp\/v2\/media?parent=124818"}],"wp:term":[{"taxonomy":"category","embeddable":true,"href":"https:\/\/www.europesays.com\/no\/wp-json\/wp\/v2\/categories?post=124818"},{"taxonomy":"post_tag","embeddable":true,"href":"https:\/\/www.europesays.com\/no\/wp-json\/wp\/v2\/tags?post=124818"}],"curies":[{"name":"wp","href":"https:\/\/api.w.org\/{rel}","templated":true}]}}