{"id":124823,"date":"2025-12-30T14:58:09","date_gmt":"2025-12-30T14:58:09","guid":{"rendered":"https:\/\/www.europesays.com\/no\/124823\/"},"modified":"2025-12-30T14:58:09","modified_gmt":"2025-12-30T14:58:09","slug":"totalt-veromslag-kaldare-enn-i-fryseboksen","status":"publish","type":"post","link":"https:\/\/www.europesays.com\/no\/124823\/","title":{"rendered":"Totalt v\u00earomslag: \u2013 Kaldare enn i fryseboksen"},"content":{"rendered":"\n<p data-testid=\"textWithMarkup-text\" data-v-81d7dc2b=\"\" data-v-62d58f52=\"\">\u2013 Det blir ein kald start p\u00e5 2026, og skikkeleg kaldt allereie desse dagane fram mot helga. Nokre plassar blir det kaldare enn i fryseboksen, seier vakthavande meteorolog Unni Nilssen til NTB.<\/p>\n<p data-testid=\"textWithMarkup-text\" data-v-81d7dc2b=\"\" data-v-62d58f52=\"\">Normalt held dei fleste frysarar ein temperatur p\u00e5 minus 18 grader.<\/p>\n<p data-testid=\"textWithMarkup-text\" data-v-81d7dc2b=\"\" data-v-62d58f52=\"\">Ho nemner Finnmarksvidda som eit av omr\u00e5da som kan f\u00e5 temperaturar under minus 30 grader. <\/p>\n<p data-testid=\"textWithMarkup-text\" data-v-81d7dc2b=\"\" data-v-62d58f52=\"\">N\u00e5r det gjeld sn\u00f8, sp\u00e5r ho ikkje at det vil lave ned.<\/p>\n<p data-testid=\"textWithMarkup-text\" data-v-81d7dc2b=\"\" data-v-62d58f52=\"\">\u2013 Det blir som vi seier \u00ablitt sn\u00f8\u00bb. D\u00e5 kan det sn\u00f8 litt utan at det blir dei store mengdene ut av det. Dersom det kjem noko, s\u00e5 er det no dei f\u00f8rste par dagane, f\u00f8r helga. Men om vi tenkjer fr\u00e5 helga av, s\u00e5 er det mindre mengder, kanskje litt sn\u00f8dryss her og der, seier Nilssen, som tilr\u00e5r folk \u00e5 sjekke yr.no for lokale varslar for dette.<\/p>\n<p>Utfordrande overgang<\/p>\n<p data-testid=\"textWithMarkup-text\" data-v-81d7dc2b=\"\" data-v-62d58f52=\"\">Med \u00e5rets plassering av nytt\u00e5rsdagane p\u00e5 tampen av arbeidsveka, kan det bli aktuelt for fleire \u00e5 ta seg ei langhelg. Nilssen meiner dei som skal k\u00f8yre p\u00e5 vegane dei neste dagane, b\u00f8r vere litt p\u00e5 vakt.<\/p>\n<p data-testid=\"textWithMarkup-text\" data-v-81d7dc2b=\"\" data-v-62d58f52=\"\">\u2013 No i det siste har det, iallfall i S\u00f8r-Noreg, vore stort sett p\u00e5 plussida p\u00e5 termometeret. Men no vil det dei neste dagane, fram til fredag, g\u00e5 over til minus. Akkurat i den overgangsfasen vil det kunne vere utfordrande k\u00f8yreforhold. Der det ogs\u00e5 kjem litt sn\u00f8 i nokon monn, vil det kunne vere ekstra utfordrande, seier Nilssen.<\/p>\n<p data-testid=\"textWithMarkup-text\" data-v-81d7dc2b=\"\" data-v-62d58f52=\"\">Dei sm\u00e5 mengdene med sn\u00f8 kan gjere det litt ekstra glatt.<\/p>\n<p data-testid=\"textWithMarkup-text\" data-v-81d7dc2b=\"\" data-v-62d58f52=\"\">\u2013 Men ikkje s\u00e5 ille som dersom det hadde vore rundt null grader, og det hadde p\u00f8st ned med nedb\u00f8r, p\u00e5peikar meteorologen.<\/p>\n<p>Hald p\u00e5 varmen<\/p>\n<p data-testid=\"textWithMarkup-text\" data-v-81d7dc2b=\"\" data-v-62d58f52=\"\">N\u00e5r det f\u00f8rst har vorte mykje kaldare i helga, blir det mindre fare for missa kontroll p\u00e5 glatta.<\/p>\n<p data-testid=\"textWithMarkup-text\" data-v-81d7dc2b=\"\" data-v-62d58f52=\"\">\u2013 S\u00e5 akkurat s\u00e5nn k\u00f8yremessig meiner eg at temperaturar l\u00e5gare enn minus 10 gjer at det ikkje blir s\u00e5 glatt p\u00e5 vegane. Men det er klart at nokre plassar, om du er n\u00e6r kysten til d\u00f8mes, er det framleis mogleg det blir glatt, s\u00e5 det er greitt \u00e5 passe p\u00e5.<\/p>\n<p data-testid=\"textWithMarkup-text\" data-v-81d7dc2b=\"\" data-v-62d58f52=\"\">Viktigast av alt meiner Nilssen det er \u00e5 vere klar over at det ikkje bar blir kaldt, men skikkeleg, skikkeleg kaldt.<\/p>\n<p data-testid=\"textWithMarkup-text\" data-v-81d7dc2b=\"\" data-v-62d58f52=\"\">\u2013 Det er viktig \u00e5 sko seg og kle seg, og ikkje minst \u00e5 ha h\u00f8ve til \u00e5 f\u00e5 huset varmt nok, n\u00e5r det blir s\u00e5 kaldt, seier ho.<\/p>\n<p data-testid=\"textWithMarkup-text\" data-v-81d7dc2b=\"\" data-v-62d58f52=\"\">(\u00a9NPK)<\/p>\n","protected":false},"excerpt":{"rendered":"\u2013 Det blir ein kald start p\u00e5 2026, og skikkeleg kaldt allereie desse dagane fram mot helga. Nokre&hellip;\n","protected":false},"author":2,"featured_media":124824,"comment_status":"","ping_status":"","sticky":false,"template":"","format":"standard","meta":{"footnotes":""},"categories":[10],"tags":[20,21,24,25,15,22,23,13,30,28,29,14,16,26,27],"class_list":{"0":"post-124823","1":"post","2":"type-post","3":"status-publish","4":"format-standard","5":"has-post-thumbnail","7":"category-norge","8":"tag-breaking-news","9":"tag-breakingnews","10":"tag-featured-news","11":"tag-featurednews","12":"tag-headlines","13":"tag-latest-news","14":"tag-latestnews","15":"tag-news","16":"tag-no","17":"tag-norge","18":"tag-norway","19":"tag-nyheter","20":"tag-overskrifter","21":"tag-top-stories","22":"tag-topstories"},"share_on_mastodon":{"url":"https:\/\/pubeurope.com\/@no\/115809111532717480","error":""},"_links":{"self":[{"href":"https:\/\/www.europesays.com\/no\/wp-json\/wp\/v2\/posts\/124823","targetHints":{"allow":["GET"]}}],"collection":[{"href":"https:\/\/www.europesays.com\/no\/wp-json\/wp\/v2\/posts"}],"about":[{"href":"https:\/\/www.europesays.com\/no\/wp-json\/wp\/v2\/types\/post"}],"author":[{"embeddable":true,"href":"https:\/\/www.europesays.com\/no\/wp-json\/wp\/v2\/users\/2"}],"replies":[{"embeddable":true,"href":"https:\/\/www.europesays.com\/no\/wp-json\/wp\/v2\/comments?post=124823"}],"version-history":[{"count":0,"href":"https:\/\/www.europesays.com\/no\/wp-json\/wp\/v2\/posts\/124823\/revisions"}],"wp:featuredmedia":[{"embeddable":true,"href":"https:\/\/www.europesays.com\/no\/wp-json\/wp\/v2\/media\/124824"}],"wp:attachment":[{"href":"https:\/\/www.europesays.com\/no\/wp-json\/wp\/v2\/media?parent=124823"}],"wp:term":[{"taxonomy":"category","embeddable":true,"href":"https:\/\/www.europesays.com\/no\/wp-json\/wp\/v2\/categories?post=124823"},{"taxonomy":"post_tag","embeddable":true,"href":"https:\/\/www.europesays.com\/no\/wp-json\/wp\/v2\/tags?post=124823"}],"curies":[{"name":"wp","href":"https:\/\/api.w.org\/{rel}","templated":true}]}}