{"id":12483,"date":"2025-08-19T17:40:09","date_gmt":"2025-08-19T17:40:09","guid":{"rendered":"https:\/\/www.europesays.com\/no\/12483\/"},"modified":"2025-08-19T17:40:09","modified_gmt":"2025-08-19T17:40:09","slug":"sv-leder-kirsti-bergsto-stiller-ultimatum-til-ap-om-oljefondet","status":"publish","type":"post","link":"https:\/\/www.europesays.com\/no\/12483\/","title":{"rendered":"SV-leder Kirsti Bergst\u00f8 stiller ultimatum til Ap om oljefondet"},"content":{"rendered":"\n<ul class=\"_list_1bvmi_3 _list_1flq1_85 _unordered_1bvmi_99 text-sans-m\">\n<li class=\"_item_1bvmi_30\">SV-leder Kirsti Bergst\u00f8 stiller ultimatum til Ap: Ingen forhandlinger i h\u00f8st uten at Oljefondet trekkes ut av investeringer som st\u00f8tter Israels krigsforbrytelser, okkupasjon og det hun kaller \u00abfolkemord\u00bb.<\/li>\n<li class=\"_item_1bvmi_30\">Hun sier uttrekk fra 23 israelske selskaper ikke holder, og krever uttrekk fra alle som medvirker \u2013 ogs\u00e5 v\u00e5penleverand\u00f8rer til IDF.<\/li>\n<\/ul>\n<p>Vis mer <\/p>\n<p class=\"_paragraph_1bvmi_4 _paragraph_xtcu6_10 layout-component text-serif-m layout-normal text-serif-m layout-padded\">I kveldens partilederdebatt vil SV-lederen g\u00e5 knallhardt ut:<\/p>\n<p class=\"_paragraph_1bvmi_4 _paragraph_xtcu6_10 layout-component text-serif-m layout-normal text-serif-m layout-padded\">\u2013 En forutsetning for at SV skal forhandle om en eventuell regjeringsplattform regjeringsplattform Hvis det blir r\u00f8dgr\u00f8nn regjering vil det bli forhandlinger om hvem som eventuelt skal bli med Ap inn i regjering. Da m\u00e5 de bli enige om en politisk plattform de skal styre etter.eller statsbudsjett med Arbeiderpartiet i h\u00f8st er at OljefondetOljefondet Oljefondet, ogs\u00e5 kjent som Statens pensjonsfond utland, er Norges statlige investeringsfond som investerer inntektene fra olje- og gassvirksomhet i utlandet. trekker alle investeringer som st\u00f8tter opp om <a href=\"https:\/\/www.vg.no\/tag\/israel?utm_source=vg-article&amp;utm_medium=auto-tagger&amp;utm_campaign=632OL8\" class=\"_link_1bvmi_39\" rel=\"nofollow noopener\" target=\"_blank\">Israels<\/a> krigsforbrytelserkrigsforbrytelserKrigsforbrytelser er alvorlige brudd p\u00e5 internasjonal humanit\u00e6r rett, som for eksempel drap p\u00e5 sivile eller mishandling av krigsfanger under en v\u00e6pnet konflikt., okkupasjon og folkemordfolkemordFolkemord er\u00a0utryddelse av mennesker fordi de tilh\u00f8rer en bestemt gruppe, og er en forbrytelse definert av FN.\u00a0, sier Bergst\u00f8  til VG.<\/p>\n<p class=\"_paragraph_1bvmi_4 _paragraph_xtcu6_10 layout-component text-serif-m layout-normal text-serif-m layout-padded\">Hun viser til FNFNFN st\u00e5r for De forente nasjoner, en internasjonal organisasjon som arbeider for fred, sikkerhet og samarbeid mellom land.s <a href=\"https:\/\/www.vg.no\/nyheter\/i\/Ey8rXA\/fn-rapportoer-et-av-de-verste-folkemordene-i-moderne-historie\" data-track-element-type=\"Link\" data-track-id=\"link:Ey8rXA\" class=\"_link_1bvmi_39\" rel=\"nofollow noopener\" target=\"_blank\">klare uttalelser om folkemord <\/a>og sier at det er tid for handling \u2013 og at SV mener alvor:<\/p>\n<p class=\"_paragraph_1bvmi_4 _paragraph_xtcu6_10 layout-component text-serif-m layout-normal text-serif-m layout-padded\">\u2013 SV skal v\u00e6re garantisten for at Norge ikke er medskyldig i et folkemord.<\/p>\n<p class=\"_paragraph_1bvmi_4 _paragraph_xtcu6_10 layout-component text-serif-m layout-normal text-serif-m layout-padded\">\u2013 Hvis regjeringen ikke s\u00f8rger for at oljefondet innfrir SVs krav, sier du at St\u00f8re kan glemme \u00e5 forhandle en mulig regjeringsplattform med SV?<\/p>\n<p class=\"_paragraph_1bvmi_4 _paragraph_xtcu6_10 layout-component text-serif-m layout-normal text-serif-m layout-padded\">\u2013 Vi er klar for \u00e5 s\u00f8ke regjeringsmakt for \u00e5 f\u00e5 mest mulig innflytelse. Men det er en spesiell situasjon som utspiller seg n\u00e5. Det foreg\u00e5r et <a href=\"https:\/\/fn.no\/tema\/konflikt-og-fred\/folkemord\" class=\"_link_1bvmi_39\" rel=\"nofollow noopener\" target=\"_blank\">folkemord<\/a>. Da m\u00e5 vi gj\u00f8re det vi kan for \u00e5 forhindre at vi p\u00e5 noen som helst m\u00e5te bidrar til det:<\/p>\n<p class=\"_paragraph_1bvmi_4 _paragraph_xtcu6_10 layout-component text-serif-m layout-normal text-serif-m layout-padded\">\u2013 Det er grunnen til at vi er s\u00e5 tydelige n\u00e5.<\/p>\n<p class=\"_paragraph_1bvmi_4 _paragraph_xtcu6_10 layout-component text-serif-m layout-normal text-serif-m layout-padded\">Finansminister Jens Stoltenberg svarer p\u00e5 ultimatumet lenger nede. Han gir ikke ved d\u00f8rene.<\/p>\n<p><img alt=\"Foto: Helge Mikalsen \/ VG\" class=\"_image_qp4xg_65 layout-component layout-normal\" data-fullscreen- data-track-element-type=\"Article image fullscreen\" data-track-name=\"ImageFullscreen\" decoding=\"async\" loading=\"lazy\" height=\"5043\" itemprop=\"image\"  src=\"https:\/\/www.europesays.com\/no\/wp-content\/uploads\/2025\/08\/2c81c10f-28ec-474b-aeb9-6cda1e75d51e\"  style=\"object-position:0% 0%\" width=\"7326\"\/>Foto: Helge Mikalsen \/ VG<\/p>\n<p class=\"_paragraph_1bvmi_4 _paragraph_xtcu6_10 layout-component text-serif-m layout-normal text-serif-m layout-padded\">\u2013 Det er ikke ofte dere stiller slike ultimatumultimatumNoe SV skal ha gjennomslag for f\u00e5r \u00e5 st\u00f8tte en Ap-regjering og forhandle med Ap om statsbudsjettet i h\u00f8st, hvis det blir r\u00f8dgr\u00f8nt flertall. R\u00f8dgr\u00f8nt flertall betyr trolig Ap, Sp, SV og R\u00f8dt. , men her mener dere at det er p\u00e5 sin plass?<\/p>\n<p class=\"_paragraph_1bvmi_4 _paragraph_xtcu6_10 layout-component text-serif-m layout-normal text-serif-m layout-padded\">\u2013 Ja, her setter vi makt bak kravet. Vi kan ikke leve med at norske sparepenger er investert i bidrag til et folkemord. Regjeringen har valgt ikke \u00e5 lytte til SV, ikke lytte til FN eller sivilsamfunnet sivilsamfunnet Betegnelse p\u00e5 organisasjoner som er engasjert i temaet som hun her trekker opp.n\u00e5r vi har advart om at det var fare for at oljefondet var i selskap som bidro til Israels okkupasjons\u00f8konomi:<\/p>\n<p class=\"_paragraph_1bvmi_4 _paragraph_xtcu6_10 layout-component text-serif-m layout-normal text-serif-m layout-padded\">\u2013 F\u00f8rst n\u00e5 har de begynt \u00e5 ta grep, men vi mener det ikke holder. <\/p>\n<p><img alt=\"Foto: Helge Mikalsen \/ VG\" class=\"_image_qp4xg_65 layout-component layout-normal\" data-fullscreen- data-track-element-type=\"Article image fullscreen\" data-track-name=\"ImageFullscreen\" decoding=\"async\" loading=\"lazy\" height=\"5421\" itemprop=\"image\"  src=\"https:\/\/www.europesays.com\/no\/wp-content\/uploads\/2025\/08\/333e6b85-4e9e-4793-be63-cb6b74c41567\"  style=\"object-position:0% 0%\" width=\"7521\"\/>Foto: Helge Mikalsen \/ VG<\/p>\n<p class=\"_paragraph_1bvmi_4 _paragraph_xtcu6_10 layout-component text-serif-m layout-normal text-serif-m layout-padded\">SV har stilt opp og funnet l\u00f8sning med St\u00f8re-regjeringen i alle fire statsbudsjettforhandlingene f\u00f8r jul i 2021, 2022, 2023 og 2024.<\/p>\n<p class=\"_paragraph_1bvmi_4 _paragraph_xtcu6_10 layout-component text-serif-m layout-normal text-serif-m layout-padded\">\u2013 N\u00e5 sier du at det ikke er aktuelt i h\u00f8st, hvis regjeringen ikke handler slik dere krever?<\/p>\n<p class=\"_paragraph_1bvmi_4 _paragraph_xtcu6_10 layout-component text-serif-m layout-normal text-serif-m layout-padded\">\u2013 Ja, det er et tydelig krav. N\u00e5 m\u00e5 regjeringen ta ansvar og s\u00f8rge for at alle oljefond-investeringer som st\u00f8tter opp under krigsforbrytelser, okkupasjon og folkemord, trekkes ut. Det er en forutsetning for \u00e5 st\u00f8tte opp under regjeringen. Skal vi ha tillit til noen, s\u00e5 m\u00e5 vi i det minste ha tillit til at den ikke investerer i folkemord.<\/p>\n<p class=\"_paragraph_1bvmi_4 _paragraph_xtcu6_10 layout-component text-serif-m layout-normal text-serif-m layout-padded\">\u2013 Er det da ikke en fare for at dere presser Ap til \u00e5 forhandle med borgerlige partier for \u00e5 sikre at det blir et flertall for et statsbudsjett for 2026?<\/p>\n<p class=\"_paragraph_1bvmi_4 _paragraph_xtcu6_10 layout-component text-serif-m layout-normal text-serif-m layout-padded\">\u2013 Hvis det er viktigere for Arbeiderpartiet \u00e5 ha oljefondet i selskap som bidrar til folkemord, da er det et valg de tar.<\/p>\n<p class=\"_paragraph_1bvmi_4 _paragraph_xtcu6_10 layout-component text-serif-m layout-normal text-serif-m layout-padded\">Bergst\u00f8 er enig i at de sjelden fremmer slike ultimatumer relatert til en sak, med s\u00e5 store konsekvenser for regjeringssamarbeid og budsjettsamarbeid.<\/p>\n<p class=\"_paragraph_1bvmi_4 _paragraph_xtcu6_10 layout-component text-serif-m layout-normal text-serif-m layout-padded\">\u2013 Det ser ut som at dere har valgt en ny og t\u00f8ffere linje overfor Ap?<\/p>\n<p class=\"_paragraph_1bvmi_4 _paragraph_xtcu6_10 layout-component text-serif-m layout-normal text-serif-m layout-padded\">\u2013 Det er helt n\u00f8dvendig. Vi deltar p\u00e5 markeringer av krystallnattenkrystallnattenKrystallnatten, ogs\u00e5 kjent som Novemberpogromen, var en serie voldelige angrep mot j\u00f8der i Tyskland og \u00d8sterrike natt til 9. og 10. november 1938. \u2013 vi st\u00e5r opp imot ytre h\u00f8yre p\u00e5 markeringer hvor vi viser motstand til krig og det ekstreme som j\u00f8der ble utsatt for:<\/p>\n<p class=\"_paragraph_1bvmi_4 _paragraph_xtcu6_10 layout-component text-serif-m layout-normal text-serif-m layout-padded\"><strong class=\"_strong_1bvmi_25\">\u2013 Vi har i ti\u00e5r etter ti\u00e5r stilt oss opp og sagt \u00abaldri mer\u00bb. N\u00e5 st\u00e5r vi p\u00e5 et sted i historien der vi er n\u00f8dt til \u00e5 velge side. Hvilken side av historien vi skal st\u00e5 p\u00e5. Det er det vi gj\u00f8r n\u00e5.<\/strong><\/p>\n<p class=\"_paragraph_1bvmi_4 _paragraph_xtcu6_10 layout-component text-serif-m layout-normal text-serif-m layout-padded\">Hun legger til:<\/p>\n<p class=\"_paragraph_1bvmi_4 _paragraph_xtcu6_10 layout-component text-serif-m layout-normal text-serif-m layout-padded\">\u2013 Vi m\u00e5 kunne st\u00e5 og se oss selv i speilet \u2013 og fortelle til v\u00e5re barn og barnebarn at vi gjorde noe: Vi sa aldri mer, da et nytt folkemord fant sted. Det minste vi kan gj\u00f8re er \u00e5 stanse at vi ikke tjener penger p\u00e5 det.<\/p>\n<p><img alt=\"Det var sommersol, men litt vindfullt i Bergen tirsdag.  Foto: Helge Mikalsen \/ VG\" class=\"_image_qp4xg_65 layout-component layout-normal\" data-fullscreen- data-track-element-type=\"Article image fullscreen\" data-track-name=\"ImageFullscreen\" decoding=\"async\" loading=\"lazy\" height=\"5504\" itemprop=\"image\"  src=\"https:\/\/www.europesays.com\/no\/wp-content\/uploads\/2025\/08\/ea3c4223-1173-40fe-a53f-16bffb36f34a\"  style=\"object-position:0% 0%\" width=\"8256\"\/>Det var sommersol, men litt vindfullt i Bergen tirsdag.  Foto: Helge Mikalsen \/ VG<\/p>\n<p class=\"_paragraph_1bvmi_4 _paragraph_xtcu6_10 layout-component text-serif-m layout-normal text-serif-m layout-padded\">Hun mener regjeringens forsvar ikke er godt nok.<\/p>\n<p class=\"_paragraph_1bvmi_4 _paragraph_xtcu6_10 layout-component text-serif-m layout-normal text-serif-m layout-padded\">\u2013 Regjeringen advarer om at det kan bli sett p\u00e5 som boikott av Israel. Men da glemmer man at det ikke er n\u00f8ytralt \u00e5 investere i okkupasjon, folkerettsbrudd og folkemord.<\/p>\n<p class=\"_paragraph_1bvmi_4 _paragraph_xtcu6_10 layout-component text-serif-m layout-normal text-serif-m layout-padded\">\u2013 Hva betyr SVs ultimatum konkret, med hensyn til israelske selskaper?<\/p>\n<p class=\"_paragraph_1bvmi_4 _paragraph_xtcu6_10 layout-component text-serif-m layout-normal text-serif-m layout-padded\">\u2013 Det betyr at Oljefondet m\u00e5 trekkes ut av de selskapene FN har svartelistet for \u00e5 medvirke til Israels okkupasjon av palestinske omr\u00e5der og FNs liste over selskaper som lager v\u00e5pen levert til<a href=\"https:\/\/www.idf.il\/en\/\" class=\"_link_1bvmi_39\" rel=\"nofollow noopener\" target=\"_blank\"> IDF<\/a>.<\/p>\n<p><img alt=\"Foto: Helge Mikalsen \/ VG\" class=\"_image_qp4xg_65 layout-component layout-normal\" data-fullscreen- data-track-element-type=\"Article image fullscreen\" data-track-name=\"ImageFullscreen\" decoding=\"async\" loading=\"lazy\" height=\"5032\" itemprop=\"image\"  src=\"https:\/\/www.europesays.com\/no\/wp-content\/uploads\/2025\/08\/6f2a45fa-12df-4429-ad26-b9a90876ad30\"  style=\"object-position:0% 0%\" width=\"6232\"\/>Foto: Helge Mikalsen \/ VG<\/p>\n<p class=\"_paragraph_1bvmi_4 _paragraph_xtcu6_10 layout-component text-serif-m layout-normal text-serif-m layout-padded\">Oljefondet har n\u00e5 kvittet seg med 23 israelske selskaper.<\/p>\n<p class=\"_paragraph_1bvmi_4 _paragraph_xtcu6_10 layout-component text-serif-m layout-normal text-serif-m layout-padded\">\u2013 Hvorfor er ikke det nok?<\/p>\n<p class=\"_paragraph_1bvmi_4 _paragraph_xtcu6_10 layout-component text-serif-m layout-normal text-serif-m layout-padded\">\u2013 Det er bra at Norges Bank trekker Oljefondet ut av 23 israelske selskaper og at arbeidet med den israelske portef\u00f8ljen fortsetter. Men det holder ikke \u00e5 bare se p\u00e5 de israelske selskapene, her m\u00e5 vi lytte til FN og stoppe investeringene i alle selskaper som medvirker til Israels okkupasjon og krigsforbrytelser.<\/p>\n<p>Sammenlikner med Ukraina<\/p>\n<p class=\"_paragraph_1bvmi_4 _paragraph_xtcu6_10 layout-component text-serif-m layout-normal text-serif-m layout-padded\">SV-lederen sier at regjeringen har gjort det f\u00f8r; at det er p\u00e5 tide \u00e5 vise like stor handlekraft overfor Israel som overfor Russland da de gikk inn i Ukraina.<\/p>\n<p class=\"_paragraph_1bvmi_4 _paragraph_xtcu6_10 layout-component text-serif-m layout-normal text-serif-m layout-padded\">\u2013 Regjeringen sier at Norge ikke b\u00f8r sanksjonere alene. Men da Russland angrep Ukraina tok det bare noen f\u00e5 dager f\u00f8r Finansdepartementet instruerte om uttrekk fra Russland. Det ble ikke bare vist til felles europeisk svar p\u00e5 Russland angrep, det ble vist til at det var en ekstraordin\u00e6r situasjon.<\/p>\n<p class=\"_paragraph_1bvmi_4 _paragraph_xtcu6_10 layout-component text-serif-m layout-normal text-serif-m layout-padded\">\u2013 Det er det ogs\u00e5 n\u00e5, fortsetter hun:<\/p>\n<p class=\"_paragraph_1bvmi_4 _paragraph_xtcu6_10 layout-component text-serif-m layout-normal text-serif-m layout-padded\">\u2013 Om ikke folkemord er en ekstraordin\u00e6r situasjon, hva er da en ekstraordin\u00e6r situasjon, sp\u00f8r hun.<\/p>\n<p>Stoltenberg avviser kontant<\/p>\n<p class=\"_paragraph_1bvmi_4 _paragraph_xtcu6_10 layout-component text-serif-m layout-normal text-serif-m layout-padded\">Jens Stoltenberg vil ikke im\u00f8tekomme SVs krav.<\/p>\n<p class=\"_paragraph_1bvmi_4 _paragraph_xtcu6_10 layout-component text-serif-m layout-normal text-serif-m layout-padded\">\u2013 Pensjonsfondet skal ikke v\u00e6re investert i selskaper som medvirker til den ulovlige okkupasjonen av Vestbredden og den folkerettsstridige krigf\u00f8ringen i Gaza. Hvis Etikkr\u00e5detEtikkr\u00e5detOljefondets etikkr\u00e5d. avdekker at fondet er investert i selskaper i strid med de etiske retningslinjene, skal fondet trekke seg ut:<\/p>\n<p><img alt=\"Stoltenberg avbildet sammen med oljefond-sjef Nicolai Tangen under Arendalsuka.  Foto: G\u00f8ran Bohlin \/ VG\" class=\"_image_qp4xg_65 layout-component layout-normal\" data-fullscreen- data-track-element-type=\"Article image fullscreen\" data-track-name=\"ImageFullscreen\" decoding=\"async\" loading=\"lazy\" height=\"5504\" itemprop=\"image\"  src=\"https:\/\/www.europesays.com\/no\/wp-content\/uploads\/2025\/08\/31bb2ec5-3387-41be-84e9-b99f05b8ef17\"  style=\"object-position:0% 0%\" width=\"7283\"\/>Stoltenberg avbildet sammen med oljefond-sjef Nicolai Tangen under Arendalsuka.  Foto: G\u00f8ran Bohlin \/ VG<\/p>\n<p class=\"_paragraph_1bvmi_4 _paragraph_xtcu6_10 layout-component text-serif-m layout-normal text-serif-m layout-padded\">\u2013  Det at et selskap er israelsk, eller at det har en tilknytning til de okkuperte omr\u00e5dene for eksempel ved at selskapets produkter selges p\u00e5 Vestbredden, er ikke i seg selv grunnlag for utelukkelse. For oss er det ett sp\u00f8rsm\u00e5l som er vesentlig, nemlig om selskapet medvirker til Israels folkerettsbrudd.<\/p>\n<p class=\"_paragraph_1bvmi_4 _paragraph_xtcu6_10 layout-component text-serif-m layout-normal text-serif-m layout-padded\">Han svarer slik om ultimatumet:<\/p>\n<p class=\"_paragraph_1bvmi_4 _paragraph_xtcu6_10 layout-component text-serif-m layout-normal text-serif-m layout-padded\">\u2013 Hva SV stiller ultimatum om f\u00f8r valget, f\u00e5r bli opp til dem. Arbeiderpartiets politikk er klar i dette sp\u00f8rsm\u00e5let.<\/p>\n","protected":false},"excerpt":{"rendered":"SV-leder Kirsti Bergst\u00f8 stiller ultimatum til Ap: Ingen forhandlinger i h\u00f8st uten at Oljefondet trekkes ut av investeringer&hellip;\n","protected":false},"author":2,"featured_media":12484,"comment_status":"","ping_status":"","sticky":false,"template":"","format":"standard","meta":{"footnotes":""},"categories":[12],"tags":[20,21,24,25,15,52,2471,22,23,13,30,28,281,29,14,16,199,26,27,42,205,43,44,45],"class_list":{"0":"post-12483","1":"post","2":"type-post","3":"status-publish","4":"format-standard","5":"has-post-thumbnail","7":"category-verden","8":"tag-breaking-news","9":"tag-breakingnews","10":"tag-featured-news","11":"tag-featurednews","12":"tag-headlines","13":"tag-israel","14":"tag-kirsti-bergsto","15":"tag-latest-news","16":"tag-latestnews","17":"tag-news","18":"tag-no","19":"tag-norge","20":"tag-norsk-politikk","21":"tag-norway","22":"tag-nyheter","23":"tag-overskrifter","24":"tag-stortingsvalg","25":"tag-top-stories","26":"tag-topstories","27":"tag-verden","28":"tag-vgsamfunn","29":"tag-world","30":"tag-world-news","31":"tag-worldnews"},"share_on_mastodon":{"url":"","error":""},"_links":{"self":[{"href":"https:\/\/www.europesays.com\/no\/wp-json\/wp\/v2\/posts\/12483","targetHints":{"allow":["GET"]}}],"collection":[{"href":"https:\/\/www.europesays.com\/no\/wp-json\/wp\/v2\/posts"}],"about":[{"href":"https:\/\/www.europesays.com\/no\/wp-json\/wp\/v2\/types\/post"}],"author":[{"embeddable":true,"href":"https:\/\/www.europesays.com\/no\/wp-json\/wp\/v2\/users\/2"}],"replies":[{"embeddable":true,"href":"https:\/\/www.europesays.com\/no\/wp-json\/wp\/v2\/comments?post=12483"}],"version-history":[{"count":0,"href":"https:\/\/www.europesays.com\/no\/wp-json\/wp\/v2\/posts\/12483\/revisions"}],"wp:featuredmedia":[{"embeddable":true,"href":"https:\/\/www.europesays.com\/no\/wp-json\/wp\/v2\/media\/12484"}],"wp:attachment":[{"href":"https:\/\/www.europesays.com\/no\/wp-json\/wp\/v2\/media?parent=12483"}],"wp:term":[{"taxonomy":"category","embeddable":true,"href":"https:\/\/www.europesays.com\/no\/wp-json\/wp\/v2\/categories?post=12483"},{"taxonomy":"post_tag","embeddable":true,"href":"https:\/\/www.europesays.com\/no\/wp-json\/wp\/v2\/tags?post=12483"}],"curies":[{"name":"wp","href":"https:\/\/api.w.org\/{rel}","templated":true}]}}