{"id":124830,"date":"2025-12-30T15:04:59","date_gmt":"2025-12-30T15:04:59","guid":{"rendered":"https:\/\/www.europesays.com\/no\/124830\/"},"modified":"2025-12-30T15:04:59","modified_gmt":"2025-12-30T15:04:59","slug":"innovasjonsevne-er-kampkraft","status":"publish","type":"post","link":"https:\/\/www.europesays.com\/no\/124830\/","title":{"rendered":"Innovasjonsevne er kampkraft"},"content":{"rendered":"<p class=\"font-Trim bg-custom-7 color_mobile_bg-custom-7\" data-lab-fontface=\"Trim\" data-lab-text_background_color=\"bg-custom-7\">Dette er et debattinnlegg. Innlegget gir uttrykk for skribentens meninger. <br \/>Send inn kronikker og debattinnlegg til Forsvarets forum <a target=\"_blank\" href=\"https:\/\/forsvaretsforum.no\/delta-i-debatten\" aria-label=\"\" rel=\"nofollow noopener\">her<\/a>.<\/p>\n<p>De menneskelige kostnadene av Ukraina-krigen er brutale. Utmattelseskrigen<br \/>\nmedf\u00f8rer tapstall som det er vanskelig \u00e5 ta innover seg her hjemme.<\/p>\n<p>Krigen er ogs\u00e5 en kamp om \u00f8konomi. Det asymmetriske<br \/>\nforholdet mellom dyre forsvarsv\u00e5pen og billige angrepsv\u00e5pen har v\u00e6rt mye omtalt, ofte eksemplifisert ved bruken av kostbare luftvernmissiler som benyttes mot<br \/>\nbillige angrepsdroner, eller hvordan droner til noen f\u00e5 tusenlapper kan sette<br \/>\nstridsvogner ut av spill.\u00a0<\/p>\n<p>Videre har Ukraina klart \u00e5 gj\u00f8re den russiske Svartehavsfl\u00e5ten<br \/>\ntiln\u00e6rmet irrelevant ved hjelp av blant annet autonome systemer\u00a0og sj\u00f8droner som har<br \/>\ntvunget fart\u00f8yene til kai.\u00a0<\/p>\n<p>En fellesnevner er at tradisjonelle v\u00e5pen er<br \/>\nkostbare, mens nye og innovative l\u00f8sningene er langt billigere. Mengde og<br \/>\nlavkost blir derfor stadig viktigere.<\/p>\n<p>Kostnadskurven<\/p>\n<p>Teknologisk forsprang har v\u00e6rt en viktig faktor i Vestens<br \/>\navskrekking under den kalde krigen. Men avanserte plattformer er kostbare.\u00a0<\/p>\n<p>Strategen Peter Singer underbygger <a href=\"https:\/\/www.defenseone.com\/ideas\/2025\/12\/awful-arithmetic-our-wars\/409852\/\" rel=\"nofollow noopener\" target=\"_blank\">i artikkelen \u00abThe awful arithmetic of our<br \/>\nwars\u00bb<\/a> i Defense One 1. desember hvor viktig det er \u00e5 tenke p\u00e5 kost-nytte<br \/>\nforholdet i krigf\u00f8ring: <\/p>\n<p class=\"italic m-italic\" data-lab-italic=\"italic\">\u00ab\u2026 hvis vi ikke behersker den nye slagmarkens matematikk, vil vi ikke ha r\u00e5d til \u00e5 vinne et eneste slag.\u00bb<\/p>\n<p>Singer viser til flere operasjoner der kostnadsforholdet<br \/>\ner sv\u00e6rt asymmetrisk. Det er behov for \u00e5 bryte kostnadskurven b\u00e5de med hensyn<br \/>\ntil fremtidige anskaffelser og i operasjoner.<\/p>\n<p>Dette er ikke bare en amerikansk utfordring.\u00a0<\/p>\n<p>Forsvarssjefen <a href=\"https:\/\/www.forsvaretsforum.no\/kronikk-langtidsplanen-okonomi\/losningen-er-ikke-mer-penger\/463143\" rel=\"nofollow noopener\" target=\"_blank\">skrev i Forsvarets forum 20. oktober<\/a> at l\u00f8sningen ikke er mer<br \/>\npenger og at: <\/p>\n<p class=\"italic m-italic\" data-lab-italic=\"italic\">\u00abHvis\u00a0Forsvaret<br \/>\nfortsetter som f\u00f8r, med fokus p\u00e5 plattformer fremfor effekt, vil<br \/>\nikke\u00a0bevilgningene strekke til. Fremover har vi midlene som skal til for \u00e5<br \/>\nsikre tilstrekkelig\u00a0forsvarsevne.\u00a0Forutsetningen er at vi i<br \/>\nforsvarssektoren evner \u00e5 tenke nytt og handle\u00a0deretter, og at det er<br \/>\npolitisk st\u00f8tte til endringer.\u00bb<\/p>\n<p>Selv med Stortingets historiske satsing p\u00e5 Forsvaret i<br \/>\nlangtidsplanen er ikke bevilgningene store nok til \u00e5 finansiere den strukturen<br \/>\nsom er vedtatt.\u00a0<\/p>\n<p>Vi m\u00e5 tenke nytt. <\/p>\n<p>Utvid horisonten: Tenk nytt og dristig <\/p>\n<p>Etter den kalde krigen har vi kontinuerlig bygget ned<br \/>\nForsvaret. Samtidig har vi brukt tiden p\u00e5 utredninger, tiltaksplaner,<br \/>\nomstillinger og tverr-etatlige prosesser.\u00a0<\/p>\n<p>Det har selvf\u00f8lgelig ogs\u00e5 v\u00e6rt<br \/>\ngjennomf\u00f8rt noen store investeringer, selv om langtidsplanene kontinuerlig har<br \/>\nv\u00e6rt underfinansiert.\u00a0<\/p>\n<p>P\u00e5 enkelte omr\u00e5der er vi ogs\u00e5 sv\u00e6rt langt fremme<br \/>\nteknologisk, men som organisasjon<br \/>\ni en tid med h\u00f8y utviklingstakt har vi sakket akterut i forhold til sivil<br \/>\nsektor. Kanskje mest tydelig n\u00e5r det gjelder digitalisering og det \u00e5 ta i bruk<br \/>\nflerbruksteknologi.\u00a0<\/p>\n<p>Opplevelsen er at vi fortsatt bruker mye tid p\u00e5<br \/>\nskriving og lite tid p\u00e5 handling. Vi fortsetter med det vi har 30 \u00e5rs erfaring<br \/>\nmed \u2013 og etter hvert har blitt sv\u00e6rt gode p\u00e5: \u00c5 produsere utredninger og planer. Konsekvensen<br \/>\ner at det g\u00e5r ut over den endrings- og oppbyggingstakten som Stortinget<br \/>\nforventer gjennom den vedtatte Langtidsplanen.<\/p>\n<p>        <a itemprop=\"url\" class=\"\" href=\"https:\/\/www.forsvaretsforum.no\/kronikk-langtidsplanen-okonomi\/losningen-er-ikke-mer-penger\/463143\" data-k5a-url=\"https:\/\/www.forsvaretsforum.no\/a\/463143\" rel=\"nofollow noopener\" target=\"_blank\"><\/p>\n<p>\nKronikk\n<\/p>\n<p>            L\u00f8sningen er ikke mer penger<\/p>\n<p>        <\/a><\/p>\n<p>Utfordret det tradisjonelle<\/p>\n<p>Andrew W. Marshall ledet Pentagons Office of Net<br \/>\nAssessment \u2013 Pentagons interne tenketank \u2013 i perioden 1973 til 2015. Marshall<br \/>\nutfordret tradisjonell tenkning. I 1993 skrev han noe som er like relevant i<br \/>\ndag, i\u00a0<a href=\"https:\/\/labrador.forsvaretsforum.no\/edit\/article\/id\/474241#_ftn3\" rel=\"nofollow noopener\" target=\"_blank\">\u00abSome Thoughts on Military Revolutions \u2013 Second Version\u00bb<\/a>, side 2:<\/p>\n<p class=\"italic m-italic\" data-lab-italic=\"italic\">\u00ab&#8230;den viktigste konkurransen er ikke den teknologiske konkurransen, selv om man selvsagt \u00f8nsker \u00e5 ha overlegen teknologi dersom man kan. Det viktigste m\u00e5let er \u00e5 v\u00e6re f\u00f8rst og best i den intellektuelle oppgaven med \u00e5 identifisere de mest hensiktsmessige innovasjonene i operative konsepter, og \u00e5 gjennomf\u00f8re organisatoriske endringer som fullt ut utnytter teknologiene som allerede er tilgjengelige, samt dem som vil bli tilgjengelige i l\u00f8pet av det neste ti\u00e5ret eller s\u00e5.\u00bb<\/p>\n<p class=\"no_italic m-no_italic\" data-lab-italic=\"\">Vi m\u00e5 fortsatt forske p\u00e5 fremtidige disruptive<br \/>\nteknologier, men Marshall konkluderer at v\u00e5r evne til \u00e5 utnytte tilgjengelig<br \/>\nteknologi \u2013 og gj\u00f8re de n\u00f8dvendige prosessuelle og organisatoriske tilpasninger<br \/>\n\u2013 er viktigere enn ensidig teknologifokus.<\/p>\n<p>Definere sluttresultatet<\/p>\n<p>Dagens trusselbilde er et kompleks preget av eksponentiell<br \/>\nteknologisk utvikling og digitalisering. Tradisjonelt har vi ofte latt organisasjon<br \/>\nog prosess diktere valget av teknologi.\u00a0<\/p>\n<p>Det tvinger nyvinninger inn i gamle,<br \/>\netablerte strukturer og dermed mister teknologien sin reelle effekt. I den<br \/>\ndigitale tidsalder m\u00e5 denne rekkef\u00f8lgen snus.\u00a0<\/p>\n<p>Vi m\u00e5 starte med \u00e5 definere det<br \/>\n\u00f8nskede sluttresultatet \u2013 hva vi skal levere \u2013 og la potensialet i teknologien v\u00e6re<br \/>\nutgangspunktet for problemsett som strategi og planverk fastsl\u00e5r vi skal l\u00f8se.\u00a0<\/p>\n<p>N\u00e5r<br \/>\nman har identifisert hvilken teknologi som muliggj\u00f8r en dramatisk forbedring<br \/>\neller en helt ny effekt, kan man utforme og optimalisere de n\u00f8dvendige prosessene<br \/>\nfor \u00e5 utnytte teknologien fullt ut.\u00a0<\/p>\n<p>Neste steg blir \u00e5 designe en smidig og<br \/>\neffektiv organisasjon som st\u00f8tter b\u00e5de de nye prosessene og teknologien. F\u00f8rst<br \/>\nslik kan vi sikre at man oppn\u00e5r full effekt og tar ut potensialet av<br \/>\nteknologi-investeringene. Dette krever innovasjonsevne.\u00a0<\/p>\n<p>Innovasjonsevne er kampkraft <\/p>\n<p>Innovasjonsevne er ingen magi, men organisasjonskultur og<br \/>\nendringsvilje korrelerer. P\u00e5 80-tallet presenterte Robert E. Quinn og John<br \/>\nRohrbaugh Competing Values Framework <a href=\"https:\/\/labrador.forsvaretsforum.no\/edit\/article\/id\/474241#_ftn4\" rel=\"nofollow noopener\" target=\"_blank\">(CVF)<\/a>\u00a0som et verkt\u00f8y for \u00e5 forst\u00e5<br \/>\norganisatorisk effektivitet.<\/p>\n<p>CVF<br \/>\nbygger p\u00e5 to underliggende dimensjoner: fleksibilitet versus stabilitet og<br \/>\nkontroll, samt intern versus ekstern orientering.\u00a0<\/p>\n<p>Kombinasjonen av disse<br \/>\ndimensjonene danner fire idealtypiske organisasjonsformer: clan, adhocracy,<br \/>\nmarket og hierarchy.\u00a0<\/p>\n<p>Senere videreutviklet Cameron og Quinn CVF til et<br \/>\ndiagnoseverkt\u00f8y for organisasjonskultur\u00a0<a href=\"#_ftn5\">(kilde)<\/a>.\u00a0Her<br \/>\nknyttes s\u00e6rlig adhocracy-kulturen til innovasjon, kreativitet og<br \/>\nendringsorientering, mens hierarkisk kultur forbindes med kontroll,<br \/>\nforutsigbarhet og stabilitet.\u00a0<\/p>\n<p>Fremtredende faktorer som kjennetegner en<br \/>\nhierarkisk organisasjonskultur, er diametralt motsatt av en innovasjonskultur.<\/p>\n<p>Innovasjons- og endringsvilje korrelerer alts\u00e5 med den fremtredende<br \/>\norganisasjonskulturen. CVF gir dermed et teoretisk grunnlag for \u00e5 forst\u00e5<br \/>\nhvordan kulturelle verdier kan p\u00e5virke organisasjoners endringsvilje og<br \/>\ninnovasjonsevne.\u00a0<\/p>\n<p>Vilje til endring<\/p>\n<p>Det finnes selvsagt milj\u00f8er i Forsvarssektoren med stor<br \/>\nendringsvilje og kreativitet. Likevel, den fremtredende kulturen er preget av<br \/>\nstyring og kontroll. En byr\u00e5kratisk praksis som hemmer innovasjon. Hva m\u00e5<br \/>\ngj\u00f8res?<\/p>\n<p>Jeg vil p\u00e5st\u00e5 at innovasjonsevne er summen av de tre<br \/>\nfaktorene: <\/p>\n<ul>\n<li class=\"lab-bodytext-line\">VILJE til \u00e5 gj\u00f8re <\/li>\n<li class=\"lab-bodytext-line\">MAKT eller<br \/>\nmyndighet til \u00e5 gj\u00f8re det,<\/li>\n<li class=\"lab-bodytext-line\">Motet til \u00e5 HANDLE<\/li>\n<\/ul>\n<p>Uten at alle tre faktorene er til stede, vil man st\u00e5 p\u00e5<br \/>\nstedet hvil.<\/p>\n<p>Viljen til styrking av Forsvaret er godt forankret i<br \/>\nStortinget gjennom langtidsplanen og tydelige uttalelser fra b\u00e5de politisk<br \/>\nledelse og forsvarsledelse. Organisasjonens vilje til endring vil jeg p\u00e5st\u00e5 varierer.\u00a0<\/p>\n<p>Ofte uttales endringsvilje, men i det \u00f8yeblikket historiske preferanser, eller<br \/>\negen etat eller avdelings myndighetsomr\u00e5de, eksistens eller organisering<br \/>\nutfordres, fortrenges ofte vilje av institusjonell egeninteresse. Gjennom<br \/>\nbyr\u00e5kratiske virkemidler som maktfordeling, styring og kontroll, blir enhver<br \/>\nendring et byr\u00e5kratisk hinderl\u00f8p.\u00a0<\/p>\n<p>Det har vi ikke tid til i dagens<br \/>\nsikkerhetspolitiske situasjon.\u00a0<\/p>\n<p>Ordlyd i langtidsplanen<\/p>\n<p>I Langtidsplanen <a href=\"https:\/\/www.regjeringen.no\/no\/dokumenter\/prop.-87-s-20232024\/id3032217\/\" rel=\"nofollow noopener\" target=\"_blank\">(Prp. 87S (2023\/2024)<br \/>\npkt 10.2.2)<\/a>\u00a0skriver ogs\u00e5 regjeringen:<\/p>\n<p class=\"italic m-italic\" data-lab-italic=\"italic\">\u00abLedere p\u00e5 alle niv\u00e5er<br \/>\nhar et s\u00e6rskilt ansvar for \u00e5 anerkjenne id\u00e9er og bidra til innovasjoner som<br \/>\nutvikler forsvarsevnen. Som en del av regjeringens arbeid med \u00e5 fjerne<br \/>\nhindringer for innovasjon, vil ogs\u00e5 forsvarssektorens regelverk gjennomg\u00e5s.\u00bb\u00a0<\/p>\n<p>Langtidsplanen ble vedtatt i Stortinget 11. juni 2024. Det<br \/>\ner halvannet \u00e5r siden, og snart to \u00e5r siden regjeringen fremmet forslaget til<br \/>\nStortinget. Vi med makt &#8211; b\u00e5de formell og uformell &#8211; p\u00e5 alle niv\u00e5 \u2013 m\u00e5 raskest<br \/>\nmulig enes om effekter og evner som skal oppn\u00e5s.\u00a0<\/p>\n<p>Jeg savner en gjennomg\u00e5ende \u00absense<br \/>\nof urgency\u00bb i organisasjonen. Hastighet forutsetter at flere byr\u00e5kratiske<br \/>\nhindre fjernes.\u00a0<\/p>\n<p>En innovativ organisasjon t\u00f8r ogs\u00e5 \u00e5 feile, ta l\u00e6ring og s\u00e5 \u00e5<br \/>\njustere. Vi kan ikke tillate oss \u00e5 la byr\u00e5krati og nostalgi knuse<br \/>\nforsvarsevnen. Vi m\u00e5 endre tankesett og vi m\u00e5 handle n\u00e5!<\/p>\n","protected":false},"excerpt":{"rendered":"Dette er et debattinnlegg. Innlegget gir uttrykk for skribentens meninger. Send inn kronikker og debattinnlegg til Forsvarets forum&hellip;\n","protected":false},"author":2,"featured_media":124831,"comment_status":"","ping_status":"","sticky":false,"template":"","format":"standard","meta":{"footnotes":""},"categories":[12],"tags":[20,21,24,25,15,22,23,13,30,28,29,14,16,26,27,42,43,44,45],"class_list":{"0":"post-124830","1":"post","2":"type-post","3":"status-publish","4":"format-standard","5":"has-post-thumbnail","7":"category-verden","8":"tag-breaking-news","9":"tag-breakingnews","10":"tag-featured-news","11":"tag-featurednews","12":"tag-headlines","13":"tag-latest-news","14":"tag-latestnews","15":"tag-news","16":"tag-no","17":"tag-norge","18":"tag-norway","19":"tag-nyheter","20":"tag-overskrifter","21":"tag-top-stories","22":"tag-topstories","23":"tag-verden","24":"tag-world","25":"tag-world-news","26":"tag-worldnews"},"share_on_mastodon":{"url":"https:\/\/pubeurope.com\/@no\/115809138972593784","error":""},"_links":{"self":[{"href":"https:\/\/www.europesays.com\/no\/wp-json\/wp\/v2\/posts\/124830","targetHints":{"allow":["GET"]}}],"collection":[{"href":"https:\/\/www.europesays.com\/no\/wp-json\/wp\/v2\/posts"}],"about":[{"href":"https:\/\/www.europesays.com\/no\/wp-json\/wp\/v2\/types\/post"}],"author":[{"embeddable":true,"href":"https:\/\/www.europesays.com\/no\/wp-json\/wp\/v2\/users\/2"}],"replies":[{"embeddable":true,"href":"https:\/\/www.europesays.com\/no\/wp-json\/wp\/v2\/comments?post=124830"}],"version-history":[{"count":0,"href":"https:\/\/www.europesays.com\/no\/wp-json\/wp\/v2\/posts\/124830\/revisions"}],"wp:featuredmedia":[{"embeddable":true,"href":"https:\/\/www.europesays.com\/no\/wp-json\/wp\/v2\/media\/124831"}],"wp:attachment":[{"href":"https:\/\/www.europesays.com\/no\/wp-json\/wp\/v2\/media?parent=124830"}],"wp:term":[{"taxonomy":"category","embeddable":true,"href":"https:\/\/www.europesays.com\/no\/wp-json\/wp\/v2\/categories?post=124830"},{"taxonomy":"post_tag","embeddable":true,"href":"https:\/\/www.europesays.com\/no\/wp-json\/wp\/v2\/tags?post=124830"}],"curies":[{"name":"wp","href":"https:\/\/api.w.org\/{rel}","templated":true}]}}