{"id":124832,"date":"2025-12-30T15:06:20","date_gmt":"2025-12-30T15:06:20","guid":{"rendered":"https:\/\/www.europesays.com\/no\/124832\/"},"modified":"2025-12-30T15:06:20","modified_gmt":"2025-12-30T15:06:20","slug":"follobanen-korrupsjon-to-siktet-for-korrupsjon-knyttet-til-follobanen-prosjektet-erkjenner-skyld","status":"publish","type":"post","link":"https:\/\/www.europesays.com\/no\/124832\/","title":{"rendered":"Follobanen, Korrupsjon | To siktet for korrupsjon knyttet til Follobanen-prosjektet \u2013 erkjenner skyld"},"content":{"rendered":"\n<p>To personer er siktet for grov korrupsjon og grov \u00f8konomisk utroskap etter at de fikk utf\u00f8rt utomhusarbeider p\u00e5 sine private eiendommer p\u00e5 Bane Nors regning.<\/p>\n<p> De to var ledere \u2013 \u00e9n fra Bane Nor, og \u00e9n fra en entrepren\u00f8r \u2013 og Bane Nors Follobaneprosjektet ble fakturert for arbeidene, melder <a href=\"https:\/\/anlegg.bygg.no\/follobane-svindelen-siktet-for-grov-korrupsjon-og-grov-utroskap\/2873950\" rel=\"nofollow noopener\" target=\"_blank\">Byggindustrien<\/a>.<\/p>\n<p>Saken ska g\u00e5 for Follo og Nordre \u00d8stfold tingrett 20. januar neste \u00e5r som tilst\u00e5elsessak.<\/p>\n<p>Totalt dreier det seg om ulovlig fakturering p\u00e5 over 2,6 millioner kroner. Det er mindre enn det opprinnelige anslaget p\u00e5 n\u00e6r 4 millioner kroner.<\/p>\n<p>Politiet ser alvorlig p\u00e5 saken, men det er ikke kjent hvilken straffep\u00e5stand p\u00e5talemyndigheten har lagt ned.<\/p>\n<p>\u2013 Gitt omfanget mener p\u00e5talemyndigheten at resultatet m\u00e5 bli en lengre ubetinget fengselsstraff, sier politiadvokat Isak Dammann i \u00d8st politidistrikt til bransjebladet.<\/p>\n<p>Forsvareren til den tidligere Bane Nor-ansatte, advokat Bernt Heiberg, sier at hans klient har erkjent straffskyld og er klar til \u00e5 ta konsekvensene.<\/p>\n<p>Den entrepren\u00f8ransattes forsvarer, advokat Jan Erik Teigum, har tidligere sagt til Byggeindustrien at hans klient vil gj\u00f8re opp for seg, men at de ikke er helt enige med p\u00e5talen om straffeutm\u00e5ling.<\/p>\n<p>(\u00a9NTB)<\/p>\n","protected":false},"excerpt":{"rendered":"To personer er siktet for grov korrupsjon og grov \u00f8konomisk utroskap etter at de fikk utf\u00f8rt utomhusarbeider p\u00e5&hellip;\n","protected":false},"author":2,"featured_media":124833,"comment_status":"","ping_status":"","sticky":false,"template":"","format":"standard","meta":{"footnotes":""},"categories":[10],"tags":[20,21,24,25,15,22,23,13,30,28,29,14,16,26,27],"class_list":{"0":"post-124832","1":"post","2":"type-post","3":"status-publish","4":"format-standard","5":"has-post-thumbnail","7":"category-norge","8":"tag-breaking-news","9":"tag-breakingnews","10":"tag-featured-news","11":"tag-featurednews","12":"tag-headlines","13":"tag-latest-news","14":"tag-latestnews","15":"tag-news","16":"tag-no","17":"tag-norge","18":"tag-norway","19":"tag-nyheter","20":"tag-overskrifter","21":"tag-top-stories","22":"tag-topstories"},"share_on_mastodon":{"url":"https:\/\/pubeurope.com\/@no\/115809143118505491","error":""},"_links":{"self":[{"href":"https:\/\/www.europesays.com\/no\/wp-json\/wp\/v2\/posts\/124832","targetHints":{"allow":["GET"]}}],"collection":[{"href":"https:\/\/www.europesays.com\/no\/wp-json\/wp\/v2\/posts"}],"about":[{"href":"https:\/\/www.europesays.com\/no\/wp-json\/wp\/v2\/types\/post"}],"author":[{"embeddable":true,"href":"https:\/\/www.europesays.com\/no\/wp-json\/wp\/v2\/users\/2"}],"replies":[{"embeddable":true,"href":"https:\/\/www.europesays.com\/no\/wp-json\/wp\/v2\/comments?post=124832"}],"version-history":[{"count":0,"href":"https:\/\/www.europesays.com\/no\/wp-json\/wp\/v2\/posts\/124832\/revisions"}],"wp:featuredmedia":[{"embeddable":true,"href":"https:\/\/www.europesays.com\/no\/wp-json\/wp\/v2\/media\/124833"}],"wp:attachment":[{"href":"https:\/\/www.europesays.com\/no\/wp-json\/wp\/v2\/media?parent=124832"}],"wp:term":[{"taxonomy":"category","embeddable":true,"href":"https:\/\/www.europesays.com\/no\/wp-json\/wp\/v2\/categories?post=124832"},{"taxonomy":"post_tag","embeddable":true,"href":"https:\/\/www.europesays.com\/no\/wp-json\/wp\/v2\/tags?post=124832"}],"curies":[{"name":"wp","href":"https:\/\/api.w.org\/{rel}","templated":true}]}}