{"id":124838,"date":"2025-12-30T15:12:10","date_gmt":"2025-12-30T15:12:10","guid":{"rendered":"https:\/\/www.europesays.com\/no\/124838\/"},"modified":"2025-12-30T15:12:10","modified_gmt":"2025-12-30T15:12:10","slug":"tyver-stjal-verdier-for-354-millioner","status":"publish","type":"post","link":"https:\/\/www.europesays.com\/no\/124838\/","title":{"rendered":"Tyver stjal verdier for 354 millioner"},"content":{"rendered":"\n<p class=\"_lead_o9xde_2 _lead_xtcu6_50 layout-component text-serif-m layout-normal text-serif-l layout-component layout-wide layout-padded _wide_17hqh_1 layout-padded\">Innbruddstyver stjal verdier for rundt 30 millioner euro (rundt 354 millioner kroner) da de t\u00f8mte rundt 3200 bankbokser i den tyske byen Gelsenkirchen.<\/p>\n<p><img alt=\"TYVER: Her ser man bilde fra hvor tyvene br\u00f8t seg inn.  Foto: HANDOUT \/ AFP \/ NTB\" class=\"_image_qp4xg_65 layout-component layout-wide\" data-fullscreen- data-track-element-type=\"Article image fullscreen\" data-track-name=\"ImageFullscreen\" fetchpriority=\"high\" decoding=\"sync\" loading=\"eager\" height=\"2311\" itemprop=\"image\"  src=\"https:\/\/www.europesays.com\/no\/wp-content\/uploads\/2025\/12\/749e196a-5cf8-4c8e-88b3-cb23ecc5d540.png\"  style=\"object-position:0% 0%\" width=\"2250\"\/>TYVER: Her ser man bilde fra hvor tyvene br\u00f8t seg inn.  Foto: HANDOUT \/ AFP \/ NTB<\/p>\n<ul aria-hidden=\"true\" class=\"_images_ntbth_112\">\n<li><a class=\"_link_ntbth_117\" href=\"https:\/\/www.vg.no\/forfatter\/elise-kvien\" style=\"z-index:2\" title=\"Elise Kvien\" rel=\"nofollow noopener\" target=\"_blank\"><img alt=\"Bilde av Elise Kvien\" class=\"_image_ntbth_93\" fetchpriority=\"low\" loading=\"lazy\" decoding=\"async\" itemprop=\"image\"  src=\"https:\/\/www.europesays.com\/no\/wp-content\/uploads\/2025\/12\/1767107528_359_e9d71b6f-2a15-4dd1-85be-ea8fb873046c.jpeg\"  width=\"480\"\/><\/a><\/li>\n<li><a class=\"_link_ntbth_117\" href=\"https:\/\/www.vg.no\/forfatter\/ntb\" style=\"z-index:1\" title=\"NTB\" rel=\"nofollow noopener\" target=\"_blank\"><img alt=\"Bilde av NTB\" class=\"_image_ntbth_93\" fetchpriority=\"low\" loading=\"lazy\" decoding=\"async\" itemprop=\"image\"  src=\"https:\/\/www.europesays.com\/no\/wp-content\/uploads\/2025\/12\/1767107528_93_c33980b0-5d07-4027-84a1-813f90a7c8d6.png\"  width=\"480\"\/><\/a><\/li>\n<\/ul>\n<p> Oppdatert tirsdag 30. desember kl. 15:55     <\/p>\n<p class=\"_paragraph_o9xde_4 _paragraph_xtcu6_10 layout-component text-serif-m layout-normal text-serif-m layout-padded\">Tyvene br\u00f8t seg inn i hvelvet til banken Sparkasse i den vesttyske byen. <\/p>\n<p class=\"_paragraph_o9xde_4 _paragraph_xtcu6_10 layout-component text-serif-m layout-normal text-serif-m layout-padded\">Det ble oppdaget tidlig mandag morgen da en brannalarm ble utl\u00f8st, if\u00f8lge det lokale politiet.<\/p>\n<p class=\"_paragraph_o9xde_4 _paragraph_xtcu6_10 layout-component text-serif-m layout-normal text-serif-m layout-padded\">If\u00f8lge etterforskere skal tyvene ha startet med \u00e5 komme seg gjennom parkeringsgarasjen. Ruter skal videre ha g\u00e5tt gjennom flere d\u00f8rer til er arkivrom, hvor tyvene skal ha \u00f8delagt veggen for \u00e5 komme seg inn i hvelvet. Det melder nyhetsbyr\u00e5et DPA. <\/p>\n<ul class=\"_gallery_1qa3s_23\" tabindex=\"0\">\n<li class=\"_item_1qa3s_37\" data-index=\"0\"><img decoding=\"async\" class=\"_image_foru8_23 _articleGallery_foru8_39\" data-fullscreen- width=\"6988\" height=\"4866\" itemprop=\"image\" loading=\"lazy\"  src=\"https:\/\/www.europesays.com\/no\/wp-content\/uploads\/2025\/12\/e64d0214-4e4c-4610-bd80-7087f9b1007e.png\"  style=\"object-position:50% 50%;aspect-ratio:var(--gallery-aspect-ratio, 16 \/ 9)\"\/>Foto: Christoph Reichwein\/dpa<\/li>\n<li class=\"_item_1qa3s_37\" data-index=\"1\"><img decoding=\"async\" class=\"_image_foru8_23 _articleGallery_foru8_39\" data-fullscreen- width=\"5972\" height=\"3983\" itemprop=\"image\" loading=\"lazy\"  src=\"https:\/\/www.europesays.com\/no\/wp-content\/uploads\/2025\/12\/c9bdd00e-61f9-43d8-bc02-9217c881878c.jpeg\"  style=\"object-position:50% 50%;aspect-ratio:var(--gallery-aspect-ratio, 16 \/ 9)\"\/>Foto: Christoph Reichwein\/dpa<\/li>\n<\/ul>\n<p>Foto: Christoph Reichwein\/dpa<\/p>\n<p class=\"_paragraph_o9xde_4 _paragraph_xtcu6_10 layout-component text-serif-m layout-normal text-serif-m layout-padded\">Over 2500 kunder ble rammet. Det skal ha v\u00e6rt b\u00e5de penger, smykker og gull i bankboksene.<\/p>\n<p class=\"_paragraph_o9xde_4 _paragraph_xtcu6_10 layout-component text-serif-m layout-normal text-serif-m layout-padded\"><strong class=\"_strong_o9xde_25\">Det kan dermed v\u00e6re et av de st\u00f8rste bankranene i moderne tysk historie.<\/strong><\/p>\n<p class=\"_paragraph_o9xde_4 _paragraph_xtcu6_10 layout-component text-serif-m layout-normal text-serif-m layout-padded\">Tirsdag samlet rundt 200 bekymrede kunder seg utenfor bankfilialen for \u00e5 f\u00e5 informasjon om verdiene sine, og noen av dem fors\u00f8kte \u00e5 trenge seg inn i banken. Det f\u00f8rte til at politiet erkl\u00e6rte filialen for stengt.<\/p>\n<p class=\"_paragraph_o9xde_4 _paragraph_xtcu6_10 layout-component text-serif-m layout-normal text-serif-m layout-padded\">P\u00e5 nettsiden til banken skriver de at de samarbeider med forsikringsselskap for \u00e5 finne ut hvordan de kan handtere saken p\u00e5 best mulig kundevennlig m\u00e5te. <\/p>\n<p class=\"_paragraph_o9xde_4 _paragraph_xtcu6_10 layout-component text-serif-m layout-normal text-serif-m layout-padded\">Politiet etterforsker saken med store styrker, men har forel\u00f8pig ikke funnet gode spor, if\u00f8lge nyhetsbyr\u00e5et. <\/p>\n","protected":false},"excerpt":{"rendered":"Innbruddstyver stjal verdier for rundt 30 millioner euro (rundt 354 millioner kroner) da de t\u00f8mte rundt 3200 bankbokser&hellip;\n","protected":false},"author":2,"featured_media":124839,"comment_status":"","ping_status":"","sticky":false,"template":"","format":"standard","meta":{"footnotes":""},"categories":[12],"tags":[421,20,21,13359,24,25,15,22,23,13,30,28,29,14,16,26,27,175,1063,42,43,44,45],"class_list":{"0":"post-124838","1":"post","2":"type-post","3":"status-publish","4":"format-standard","5":"has-post-thumbnail","7":"category-verden","8":"tag-bank","9":"tag-breaking-news","10":"tag-breakingnews","11":"tag-euro","12":"tag-featured-news","13":"tag-featurednews","14":"tag-headlines","15":"tag-latest-news","16":"tag-latestnews","17":"tag-news","18":"tag-no","19":"tag-norge","20":"tag-norway","21":"tag-nyheter","22":"tag-overskrifter","23":"tag-top-stories","24":"tag-topstories","25":"tag-tyskland","26":"tag-tyveri","27":"tag-verden","28":"tag-world","29":"tag-world-news","30":"tag-worldnews"},"share_on_mastodon":{"url":"https:\/\/pubeurope.com\/@no\/115809166592252670","error":""},"_links":{"self":[{"href":"https:\/\/www.europesays.com\/no\/wp-json\/wp\/v2\/posts\/124838","targetHints":{"allow":["GET"]}}],"collection":[{"href":"https:\/\/www.europesays.com\/no\/wp-json\/wp\/v2\/posts"}],"about":[{"href":"https:\/\/www.europesays.com\/no\/wp-json\/wp\/v2\/types\/post"}],"author":[{"embeddable":true,"href":"https:\/\/www.europesays.com\/no\/wp-json\/wp\/v2\/users\/2"}],"replies":[{"embeddable":true,"href":"https:\/\/www.europesays.com\/no\/wp-json\/wp\/v2\/comments?post=124838"}],"version-history":[{"count":0,"href":"https:\/\/www.europesays.com\/no\/wp-json\/wp\/v2\/posts\/124838\/revisions"}],"wp:featuredmedia":[{"embeddable":true,"href":"https:\/\/www.europesays.com\/no\/wp-json\/wp\/v2\/media\/124839"}],"wp:attachment":[{"href":"https:\/\/www.europesays.com\/no\/wp-json\/wp\/v2\/media?parent=124838"}],"wp:term":[{"taxonomy":"category","embeddable":true,"href":"https:\/\/www.europesays.com\/no\/wp-json\/wp\/v2\/categories?post=124838"},{"taxonomy":"post_tag","embeddable":true,"href":"https:\/\/www.europesays.com\/no\/wp-json\/wp\/v2\/tags?post=124838"}],"curies":[{"name":"wp","href":"https:\/\/api.w.org\/{rel}","templated":true}]}}