{"id":124842,"date":"2025-12-30T15:14:08","date_gmt":"2025-12-30T15:14:08","guid":{"rendered":"https:\/\/www.europesays.com\/no\/124842\/"},"modified":"2025-12-30T15:14:08","modified_gmt":"2025-12-30T15:14:08","slug":"usa-allierte-pa-kollisjonskurs-nrk-urix-utenriksnyheter-og-dokumentarer","status":"publish","type":"post","link":"https:\/\/www.europesays.com\/no\/124842\/","title":{"rendered":"\u2013 USA-allierte p\u00e5 kollisjonskurs \u2013 NRK Urix \u2013 Utenriksnyheter og -dokumentarer"},"content":{"rendered":"<p>En ny rift har oppst\u00e5tt i Midt\u00f8sten.<\/p>\n<p>Tvers gjennom Jemen. Og tvers gjennom forholdet til Saudi-Arabia og De forente arabiske emirater \u2013 to viktige amerikanske allierte.<\/p>\n<p>\u2013 Saudi-Arabia uttrykker sin skuffelse over handlingene utf\u00f8rt av broderlige Forente arabiske emirater, skrev saudisk UD i en uttalelse p\u00e5 <a href=\"https:\/\/x.com\/KSAmofaEN\/status\/2005890829668307416?ref_src=twsrc%5Egoogle%7Ctwcamp%5Eserp%7Ctwgr%5Etweet\" ec-id=\"https:\/\/x.com\/KSAmofaEN\/status\/2005890829668307416\" ec-name=\"X\" rel=\"nofollow\">X<\/a> tirsdag morgen.<\/p>\n<p><strong>Den kom etter at Saudi-Arabia p\u00e5 natten hadde bombet havnebyen Mukalla i S\u00f8r-Jemen.<\/strong><\/p>\n<p>Saudi-Arabia sa at de angrep en leveranse av v\u00e5pen fra Emiratene. De skulle til separatistgruppen STC. Opplysningene er ikke bekreftet av uavhengige kilder, men bilder viser utbrente kj\u00f8ret\u00f8yer.<\/p>\n<p><img decoding=\"async\"   src=\"data:image\/gif;base64,R0lGODlhAQABAIAAAAAAAP\/\/\/yH5BAEAAAAALAAAAAABAAEAAAIBRAA7\" loading=\"eager\" alt=\"Bildet viser et innhegnet omr\u00e5de med flere kj\u00f8ret\u00f8y, hvorav noen er \u00f8delagte og brent.\" title=\"Foto: STRINGER \/ AFP \/ NTB\"\/><\/p>\n<p class=\"\">Utbrente kj\u00f8ret\u00f8yer p\u00e5 havna i Mukalla tirsdag morgen.<\/p>\n<p>Foto: STRINGER \/ AFP \/ NTB<\/p>\n<p>Men nye rifter kan for enkelte ogs\u00e5 bety nye muligheter. Spesielt for Iran og deres allierte, houthi-oppr\u00f8rerne som styrer i Vest-Jemen.<\/p>\n<p>Det forteller Magnus Fitz, r\u00e5dgiver i den jemenittiske tankesmia Sana&#8217;a Center for Strategic Studies.<\/p>\n<p><strong>\u2013 Iran ser nok p\u00e5 dette og tenker at her er det muligheter for \u00e5 komme godt ut av situasjonen. Det gj\u00f8r nok houthiene ogs\u00e5, sier Fitz til NRK.<\/strong><\/p>\n<p>    <img decoding=\"async\" class=\"dh-video-videoLoop__fallbackImage\" src=\"https:\/\/www.europesays.com\/no\/wp-content\/uploads\/2025\/12\/d19df510-b632-4011-9df5-10b63280119a_360.jpg\" alt=\"\"\/><video preload=\"none\" muted=\"\" poster=\"https:\/\/www.europesays.com\/no\/wp-content\/uploads\/2025\/12\/d19df510-b632-4011-9df5-10b63280119a_360.jpg\" style=\"--poster:url(https:\/\/www.europesays.com\/no\/wp-content\/uploads\/2025\/12\/d19df510-b632-4011-9df5-10b63280119a_360.jpg);\"><\/video><img decoding=\"async\" class=\"dh-video-videoLoop__fallbackImage\" src=\"https:\/\/www.europesays.com\/no\/wp-content\/uploads\/2025\/12\/d19df510-b632-4011-9df5-10b63280119a_720.jpg\" alt=\"\"\/><video preload=\"none\" muted=\"\" poster=\"https:\/\/www.europesays.com\/no\/wp-content\/uploads\/2025\/12\/d19df510-b632-4011-9df5-10b63280119a_720.jpg\" style=\"--poster:url(https:\/\/www.europesays.com\/no\/wp-content\/uploads\/2025\/12\/d19df510-b632-4011-9df5-10b63280119a_720.jpg);\"><\/video><img decoding=\"async\" class=\"dh-video-videoLoop__fallbackImage\" src=\"https:\/\/www.europesays.com\/no\/wp-content\/uploads\/2025\/12\/d19df510-b632-4011-9df5-10b63280119a_1080.jpg\" alt=\"\"\/><video preload=\"none\" muted=\"\" poster=\"https:\/\/www.europesays.com\/no\/wp-content\/uploads\/2025\/12\/d19df510-b632-4011-9df5-10b63280119a_1080.jpg\" style=\"--poster:url(https:\/\/www.europesays.com\/no\/wp-content\/uploads\/2025\/12\/d19df510-b632-4011-9df5-10b63280119a_1080.jpg);\"><\/video><\/p>\n<p>Propagandavideo fra Saudi-Arabia viser havna i Jemen som ble bombet.<\/p>\n<p>Saudisk statlig TV<\/p>\n<p>Full splittelse<\/p>\n<p>\u2013 Enhver trussel mot nasjonal sikkerhet er en r\u00f8d linje, fortsetter kunngj\u00f8ringen fra saudisk UD.<\/p>\n<p>\u2013 Kongeriket vil ikke n\u00f8le med \u00e5 ta alle n\u00f8dvendige skritt og grep for \u00e5 m\u00f8te og stanse en slik trussel.<\/p>\n<p>Litt enkelt kan man si at Jemen har lenge har v\u00e6rt delt i to:<\/p>\n<ol>\n<li>Den internasjonalt anerkjente regjeringen (IRG), st\u00f8ttet av Saudi-Arabia og Emiratene, har styrt i \u00f8st<\/li>\n<li>De Iran-st\u00f8ttede houthi-oppr\u00f8rerne har styrt i vest<\/li>\n<\/ol>\n<p>N\u00e5 har separatistene i STC, st\u00f8ttet av Emiratene, brutt med IRG og tatt kontroll over halve landet, inkludert langs grensen mot Saudi-Arabia.<\/p>\n<p>STC kontrollerer store omr\u00e5der s\u00f8r og \u00f8st i Jemen. Kilde: Al Jazeera.<\/p>\n<p>Det liker saudierne d\u00e5rlig. De er klare p\u00e5 hvem som har skylden:<\/p>\n<p>\u2013 Emiratene har presset STC-styrker til \u00e5 gjennomf\u00f8re milit\u00e6roperasjoner i omr\u00e5dene ved grensa mot Saudi-Arabia, st\u00e5r det i kunngj\u00f8ringen.<\/p>\n<p><img decoding=\"async\"   src=\"data:image\/gif;base64,R0lGODlhAQABAIAAAAAAAP\/\/\/yH5BAEAAAAALAAAAAABAAEAAAIBRAA7\" loading=\"eager\" alt=\"En bev\u00e6pnet mann st\u00e5r p\u00e5 en kj\u00f8ret\u00f8y, if\u00f8rt milit\u00e6re kl\u00e6r og holder et automatv\u00e5pen. Han holder en flagg med symboler i r\u00f8dt, svart og bl\u00e5tt, som representerer en gruppe eller bevegelse. I bakgrunnen ses flere bygninger, og et annet flagg vaier i vinden. Bildet kan indikere en situasjon med politisk eller milit\u00e6r betydning. (Bildebeskrivelsen er laget av en KI-tjeneste)\" title=\"Foto: NABIL HASAN \/ AFP \/ NTB\"\/><\/p>\n<p class=\"\">En kriger i en STC-dominert sikkerhetsstyrke med separatistflagget i Aden i 2019.<\/p>\n<p>Foto: NABIL HASAN \/ AFP \/ NTB<\/p>\n<p>Samtidig meldte Reuters at IRC har gjort tre store grep:<\/p>\n<ol>\n<li>Avbrutt en forsvarspakt med Emiratene<\/li>\n<li>Beordret innbyggerne i Mukalla, havnebyen som ble bombet, om \u00e5 evakuere<\/li>\n<li>Innf\u00f8rt flyforbudssone og blokade av havner og grenseoverganger i 72 timer<\/li>\n<\/ol>\n<p>Lederen for IRCs presidentr\u00e5d, Rashad al-Alimi, krever ogs\u00e5 at Emiratene trekker seg ut Jemen.<\/p>\n<ul class=\"dhpg__gallery__list\">\n<li class=\"dhpg__gallery__listItem\"><img alt=\"En person st\u00e5r ved en mikrofon under en tale i en offisiell sammenheng. Vedkommende har p\u00e5 seg en m\u00f8rk dress og slips. Bakgrunnen best\u00e5r av m\u00f8rkegr\u00f8nt materiale som gir inntrykk av et formelt milj\u00f8. Talen skjer trolig i en konferansesal eller en forsamling. (Bildebeskrivelsen er laget av en KI-tjeneste)\"  width=\"2400\" height=\"2400\" loading=\"lazy\"\/>IRC\n<ul>\n<li>Jemens internasjonalt anerkjente regjering<\/li>\n<li>Styrer i omr\u00e5der sentralt i Jemen<\/li>\n<li>St\u00f8ttes av Saudi-Arabia og anerkjent av verdenssamfunnet<\/li>\n<li>Ledet av\u00a0Rashad al-Alimi, leder for presidentr\u00e5det<\/li>\n<\/ul>\n<\/li>\n<li class=\"dhpg__gallery__listItem\"><img alt=\"En folkemengde samles, if\u00f8rt varierte kl\u00e6r og flere holder flagg med ulike farger. Midt i mengden er en mann i uniform som hever h\u00e5nden i en hilsen. \"  width=\"2400\" height=\"2400\" loading=\"lazy\"\/>STC\n<ul>\n<li>Jemens s\u00f8rlige overgangsr\u00e5d<\/li>\n<li>St\u00f8ttet av Emiratene og styrer i omr\u00e5der i s\u00f8r og \u00f8st<\/li>\n<li>Ledet av\u00a0Aidaros Alzubidi<\/li>\n<li>\u00d8nsker S\u00f8r-Jemen som en selvstendig stat<\/li>\n<\/ul>\n<\/li>\n<li class=\"dhpg__gallery__listItem\"><img alt=\"En stor folkemengde er samlet p\u00e5 et torv, kledd i gr\u00f8nt. \"  width=\"2400\" height=\"2400\" loading=\"lazy\"\/>Houthiene\n<ul>\n<li>Oppr\u00f8rsgruppe som styrer i Vest-Jemen<\/li>\n<li>Styrt av\u00a0Abdul-Malik al-Houthi<\/li>\n<li>Alliert med Iran og fiende av Israel og USA<\/li>\n<\/ul>\n<\/li>\n<\/ul>\n<p><strong>Forel\u00f8pig tyder ting p\u00e5 at STC nekter \u00e5 f\u00f8ye seg. I en uttalelse understreker gruppen at Emiratene skal forbli en viktig partner.<\/strong><\/p>\n<p>Emiratene har p\u00e5 sin side forel\u00f8pig ikke kommentert situasjonen.<\/p>\n<p>Viktige havner<\/p>\n<p>Men hvorfor st\u00f8tter Saudi-Arabia og Emiratene to ulike grupper i Jemen?<\/p>\n<p>For Saudi-Arabia handler det som sikkerhet, mens for Emiratene handler det om innflytelse, forklarer Magnus Fitz, r\u00e5dgiver i den jemenittiske tankesmia Sana&#8217;a Center for Strategic Studies.<\/p>\n<p><strong>\u2013 Tanken om et forent Jemen er veldig viktig for Saudi-Arabia, sier Fitz til NRK.<\/strong><\/p>\n<ul class=\"dhpg__gallery__list\">\n<li class=\"dhpg__gallery__listItem\"><img alt=\"Magnus Fitz i tankesmia Sana'a Center For Strategic Studies\"  width=\"2400\" height=\"2400\" loading=\"lazy\"\/>Magnus Fitz\n<p>Analytiker i den uavhengige tankesmia\u00a0Sana&#8217;a Center For Strategic Studies<\/p>\n<\/li>\n<\/ul>\n<p>Han forteller at de har tolerert en fastl\u00e5st konflikt der Jemen er delt mellom houthiene i vest og IRG i \u00f8st.<\/p>\n<p>Men de \u00f8nsker ikke mer uro som f\u00f8lge av at flere grupper kjemper om makt og omr\u00e5der.<\/p>\n<p>\u2013 Mens Emiratene er et lite land som \u00f8nsker \u00e5 ha innflytelse i viktige havnebyer og sj\u00f8farts\u00e5rer. Og S\u00f8r-Jemen er veldig viktig, sier Fitz.<\/p>\n<p><img decoding=\"async\"   src=\"data:image\/gif;base64,R0lGODlhAQABAIAAAAAAAP\/\/\/yH5BAEAAAAALAAAAAABAAEAAAIBRAA7\" loading=\"eager\" alt=\"Bildet viser en livlig gate i en by med mange biler parkert langs veien. Flere personer er samlet i n\u00e6rheten av bilen, hvor de ser ut til \u00e5 delta i en aktivitet eller et arrangement. Bakgrunnen inkluderer bygninger og fjell, og havet er synlig i det fjerne, noe som gir kontekst til byen. Det er tydelig at bildet er tatt fra h\u00f8yden, noe som gir en oversiktlig utsikt over omr\u00e5det. (Bildebeskrivelsen er laget av en KI-tjeneste)\" title=\"Foto: Fawaz Salman \/ Reuters \/ NTB\"\/><\/p>\n<p class=\"\">En demonstrasjon til st\u00f8tte for STC i den viktige havnebyen Aden s\u00f8r i Jemen.<\/p>\n<p>Foto: Fawaz Salman \/ Reuters \/ NTB<\/p>\n<p>Han p\u00e5peker at det blant annet inkluderer den viktige havnebyen Aden, som ligger i STCs kjerneomr\u00e5der.<\/p>\n<p><strong>Sp\u00f8rsm\u00e5let blir dermed hvor mye de to Golfstatene er villige til \u00e5 kjempe for \u00e5 oppn\u00e5 m\u00e5lene sine.<\/strong><\/p>\n<p>Kan gripe sjansen<\/p>\n<p>\u2013 USAs allierte er p\u00e5 kollisjonskurs, skriver analytiker April Longley Alley i en analyse for tankesmia <a href=\"https:\/\/www.washingtoninstitute.org\/policy-analysis\/yemens-seismic-shift-has-consequences-beyond-its-borders\" ec-id=\"https:\/\/www.washingtoninstitute.org\/policy-analysis\/yemens-seismic-shift-has-consequences-beyond-its-borders\" ec-name=\"The Washington Institute\" rel=\"nofollow noopener\" target=\"_blank\">The Washington Institute<\/a>.<\/p>\n<p>\u2013 STCs offensiv har \u00e5pnet opp en Pandoras eske av mulige utfall, de fleste som peker mot ny konflikt, fortsetter hun.<\/p>\n<p>Magnus Fitz p\u00e5peker at det gjenst\u00e5r \u00e5 se hvordan konflikten utvikler seg. Men han tror ikke det er tilfeldig at saudisk UD henviser til \u00abbroderlige Emiratene\u00bb og ber landet om \u00e5 f\u00f8ye seg.<\/p>\n<p>\u2013 De presenterer en vei for \u00e5 deeskalere til Emiratene og STC, sier Fitz.<\/p>\n<p><strong>Hvordan Emiratene n\u00e5 velger \u00e5 reagere, kan derfor bli avgj\u00f8rende.<\/strong><\/p>\n<p>Og det er s\u00e6rlig to som kan tjene p\u00e5 \u00f8kt konflikt mellom separatistene og de internasjonalt anerkjente myndighetene i Jemen: Houthiene og deres st\u00f8ttespiller Iran.<\/p>\n<p><img decoding=\"async\"   src=\"data:image\/gif;base64,R0lGODlhAQABAIAAAAAAAP\/\/\/yH5BAEAAAAALAAAAAABAAEAAAIBRAA7\" loading=\"eager\" alt=\"En gruppe demonstranter samles i en gate, med et brennende amerikansk flagg i sentrum. Noen personer bruker v\u00e5pen, mens andre holder opp hendene i protest. I bakgrunnen er det en stor plakat med tekst og bilder. R\u00f8yk fra brannen fyller luften, og det er en tydelig atmosf\u00e6re av uro under demonstrasjonen. (Bildebeskrivelsen er laget av en KI-tjeneste)\" title=\"Foto: Khaled Abdullah \/ Reuters \/ NTB\"\/><\/p>\n<p class=\"\">Demonstranter, hovedsakelig houthier, brenner det israelske og amerikanske flagget i Sana i juni.<\/p>\n<p>Foto: Khaled Abdullah \/ Reuters \/ NTB<\/p>\n<p>Dette kan v\u00e6re ekstra viktig n\u00e5r Irans andre allierte i Midt\u00f8sten, Hamas i Gaza og Hizbollah i Libanon, er svekket.<\/p>\n<p>\u2013 Houthiene har blitt Irans viktigste allierte i \u00abmotstandsaksen\u00bb, sier Fitz.<\/p>\n<p>Han mener at \u00f8kt konflikt mellom STC og IRG vil dra penger, oppmerksomhet og styrker vekk fra konflikten med houthiene.<\/p>\n<p><strong>\u2013 Det vil gi houthiene et stort rom til \u00e5 ekspandere, sier han.<\/strong><\/p>\n<p>Interessert i utenriks? H\u00f8r utenriksredaksjonens podkast:<\/p>\n<p>Publisert<\/p>\n<p>30.12.2025, kl. 15.42<\/p>\n","protected":false},"excerpt":{"rendered":"En ny rift har oppst\u00e5tt i Midt\u00f8sten. Tvers gjennom Jemen. Og tvers gjennom forholdet til Saudi-Arabia og De&hellip;\n","protected":false},"author":2,"featured_media":124843,"comment_status":"","ping_status":"","sticky":false,"template":"","format":"standard","meta":{"footnotes":""},"categories":[5],"tags":[20,21,24,25,15,19,22,23,17,18,13,30,28,29,14,16,26,27],"class_list":{"0":"post-124842","1":"post","2":"type-post","3":"status-publish","4":"format-standard","5":"has-post-thumbnail","7":"category-overskrifter","8":"tag-breaking-news","9":"tag-breakingnews","10":"tag-featured-news","11":"tag-featurednews","12":"tag-headlines","13":"tag-hovedoppslag","14":"tag-latest-news","15":"tag-latestnews","16":"tag-main-news","17":"tag-mainnews","18":"tag-news","19":"tag-no","20":"tag-norge","21":"tag-norway","22":"tag-nyheter","23":"tag-overskrifter","24":"tag-top-stories","25":"tag-topstories"},"share_on_mastodon":{"url":"https:\/\/pubeurope.com\/@no\/115809174442358355","error":""},"_links":{"self":[{"href":"https:\/\/www.europesays.com\/no\/wp-json\/wp\/v2\/posts\/124842","targetHints":{"allow":["GET"]}}],"collection":[{"href":"https:\/\/www.europesays.com\/no\/wp-json\/wp\/v2\/posts"}],"about":[{"href":"https:\/\/www.europesays.com\/no\/wp-json\/wp\/v2\/types\/post"}],"author":[{"embeddable":true,"href":"https:\/\/www.europesays.com\/no\/wp-json\/wp\/v2\/users\/2"}],"replies":[{"embeddable":true,"href":"https:\/\/www.europesays.com\/no\/wp-json\/wp\/v2\/comments?post=124842"}],"version-history":[{"count":0,"href":"https:\/\/www.europesays.com\/no\/wp-json\/wp\/v2\/posts\/124842\/revisions"}],"wp:featuredmedia":[{"embeddable":true,"href":"https:\/\/www.europesays.com\/no\/wp-json\/wp\/v2\/media\/124843"}],"wp:attachment":[{"href":"https:\/\/www.europesays.com\/no\/wp-json\/wp\/v2\/media?parent=124842"}],"wp:term":[{"taxonomy":"category","embeddable":true,"href":"https:\/\/www.europesays.com\/no\/wp-json\/wp\/v2\/categories?post=124842"},{"taxonomy":"post_tag","embeddable":true,"href":"https:\/\/www.europesays.com\/no\/wp-json\/wp\/v2\/tags?post=124842"}],"curies":[{"name":"wp","href":"https:\/\/api.w.org\/{rel}","templated":true}]}}