{"id":124846,"date":"2025-12-30T15:16:17","date_gmt":"2025-12-30T15:16:17","guid":{"rendered":"https:\/\/www.europesays.com\/no\/124846\/"},"modified":"2025-12-30T15:16:17","modified_gmt":"2025-12-30T15:16:17","slug":"knut-og-kjartan-lanserer-nytt-juleservise-inspirert-av-barndommens-minner","status":"publish","type":"post","link":"https:\/\/www.europesays.com\/no\/124846\/","title":{"rendered":"Knut og Kjartan lanserer nytt juleservise inspirert av barndommens minner"},"content":{"rendered":"<p class=\"kicker \" style=\"\">Knut &amp; Kjartan ble imponert av \u00abThe Voice\u00bb-vinneren<\/p>\n<p>  De varme minnene fra barndommens julefeiringer inspirerte ekteparet til \u00e5 sette sitt eget preg p\u00e5 julebordet.<\/p>\n<p>\n    RINGEN ER SLUTTERT: Andrea Bredesen Holm heiet p\u00e5 Knut Ivar Pelerud og Kjartan Haugen i \u00abSommerhytta\u00bb, og de heiet p\u00e5 henne i \u00abThe Voice\u00bb. N\u00e5 heier de p\u00e5 hverandre!\n  <\/p>\n<p>Etter at de ble glade vinnere av \u00abSommerhytta\u00bb p\u00e5 TV 2 i 2019, har Knut Ivar Pelerud (57) og Kjartan Haugen (52) \u2013 alias <a href=\"https:\/\/www.seher.no\/kjendis\/livredd-for-a-miste-olivia\/82988303\" rel=\"nofollow noopener\" target=\"_blank\">Knut &amp; Kjartan<\/a> \u2013 bygd en karriere som designere.\u00a0<\/p>\n<p>    <a itemprop=\"url\" href=\"https:\/\/www.seher.no\/kjendis\/na-er-det-slutt\/83931607\" rel=\"nofollow noopener\" target=\"_blank\"><\/p>\n<p>        <img loading=\"lazy\" decoding=\"async\" src=\"https:\/\/www.europesays.com\/no\/wp-content\/uploads\/2025\/12\/83931598.webp.webp\" width=\"147\" height=\"98\" title=\"N\u00e5 er det slutt\" alt=\"\" class=\"lazyload\" style=\"--aspect-ratio-image: 1.50; \"\/><\/p>\n<p>        N\u00e5 er det slutt<\/p>\n<p>    <\/a><\/p>\n<p>Da Magnor Glassverk lanserte h\u00f8stens nyheter tidligere i \u00e5r, kunne ekteparet stolt presentere sitt nye juleservise!<\/p>\n<p>        <img loading=\"lazy\" decoding=\"async\" src=\"https:\/\/www.europesays.com\/no\/wp-content\/uploads\/2025\/12\/83921818.webp.webp\" width=\"686\" height=\"625\" title=\"SATTE STEMNING: Andrea sang Lucia-sangen under Magnor-lanseringen.\" alt=\"\" class=\"\" style=\"--aspect-ratio-image: 1.10; \"\/><\/p>\n<p>\n        SATTE STEMNING: Andrea sang Lucia-sangen under Magnor-lanseringen.\n    <\/p>\n<p class=\"font-weight-bold m-font-weight-bold\" data-lab-font_weight=\"font-weight-bold\">&#8211; Magnor kontaktet oss etter at vi vant \u00abSommerhytta\u00bb, for de hadde sett at vi hadde \u00f8ye for design. De ga oss frie t\u00f8yler og sa: \u00abVis oss hva dere kan!\u00bb Det resulterte i tre ulike serier, og det siste tilskuddet er v\u00e5rt nye juleservise, sier ekteparet stolt til Se og H\u00f8r.<\/p>\n<p>Serviset er inspirert av varme minner fra barndommens julefeiringer, og har f\u00e5tt navnet \u00abLucia\u00bb etter helgenen som feires 13. desember.<\/p>\n<p>        <img loading=\"lazy\" decoding=\"async\" src=\"https:\/\/www.europesays.com\/no\/wp-content\/uploads\/2025\/12\/83921821.webp.webp\" width=\"686\" height=\"927\" title=\"ROSA SL\u00d8YFE: Knut &amp; Kjartan har ogs\u00e5 designet \u00e5rets Rosa Sl\u00f8yfe-produkter for Kreftforeningen. \u2013 Det er viktig for oss at inntektene g\u00e5r til en aksjon som fronter brystkreft for kvinner. Tenk om de kan finne en kur f\u00f8r datteren v\u00e5r p\u00e5 seks \u00e5r blir voksen!\" alt=\"\" class=\"\" style=\"--aspect-ratio-image: 0.74; \"\/><\/p>\n<p>\n        ROSA SL\u00d8YFE: Knut &amp; Kjartan har ogs\u00e5 designet \u00e5rets Rosa Sl\u00f8yfe-produkter for Kreftforeningen. \u2013 Det er viktig for oss at inntektene g\u00e5r til en aksjon som fronter brystkreft for kvinner. Tenk om de kan finne en kur f\u00f8r datteren v\u00e5r p\u00e5 seks \u00e5r blir voksen!\n    <\/p>\n<p>\u00d8nsket litt magi\t<\/p>\n<p>For \u00e5 skape litt ekstra stemning rundt lanseringen, hadde gutta invitert \u00e5rets \u00abThe Voice\u00bb-vinner Andrea Bredesen Holm (19) til \u00e5 fremf\u00f8re Lucia-sangen.<\/p>\n<p class=\"font-weight-bold m-font-weight-bold\" data-lab-font_weight=\"font-weight-bold\">&#8211; Vi satt klistret og s\u00e5 p\u00e5 \u00abThe Voice\u00bb, og ble r\u00f8rt til t\u00e5rer hver gang Andrea sang. Vi \u00f8nsket en som kunne skape litt magi, og derfor ble hun et naturlig valg for oss, sier designerparet.<\/p>\n<p>        NY SESONG: \u00abAlle elsker David\u00bb gj\u00f8r endringer i sin syvende sesong. Video: TV 2\/ Danny Son Ngoc To \/ Thea Hope\/ R\u00f8d L\u00f8per<\/p>\n<p>Andrea kan avsl\u00f8re at dette er f\u00f8rste gang hun opptrer som Lucia.<\/p>\n<p>\u2013 Det er fordi jeg var brunette da jeg var liten! ler hun.<\/p>\n<p>Sangfuglen innr\u00f8mmer at det var stas \u00e5 bli invitert av Knut og Kjartan.<\/p>\n<p>    <a itemprop=\"url\" href=\"https:\/\/www.seher.no\/kjendis\/vekker-oppsikt-med-nytt-bilde\/83923870\" rel=\"nofollow noopener\" target=\"_blank\"><\/p>\n<p>        <img loading=\"lazy\" decoding=\"async\" src=\"https:\/\/www.europesays.com\/no\/wp-content\/uploads\/2025\/12\/83923974.webp.webp\" width=\"147\" height=\"98\" title=\"Vekker oppsikt med nytt bilde\" alt=\"\" class=\"lazyload\" style=\"--aspect-ratio-image: 1.50; \"\/><\/p>\n<p>        Vekker oppsikt med nytt bilde<\/p>\n<p>    <\/a><\/p>\n<p>\u2013 Jeg visste jo godt hvem de var fra f\u00f8r, for jeg fulgte ivrig med p\u00e5 \u00abSommerhytta\u00bb i 2019. Da var jeg bare 13 \u00e5r gammel, og jeg heiet p\u00e5 dem, sier hun til Se og H\u00f8r.<\/p>\n<p>\u2013 S\u00e5 n\u00e5 heier vi p\u00e5 hverandre og sirkelen er sluttet! kommer det kjapt fra Knut og Kjartan.<\/p>\n<p>        ENDRING: Flere av kongehusets \u00f8vrige medlemmer er ikke \u00e5 finne i skattelistene, men det vil de v\u00e6re til neste \u00e5r. Video: Silja Furset\/ Thea Hope\/ R\u00f8d L\u00f8per<\/p>\n<p>Eventylig samarbeid\t<\/p>\n<p>Interi\u00f8reksperten Halvor Bakke (55) har v\u00e6rt designer for Magnor Glassverk i 14 \u00e5r \u2013 et samarbeid han omtaler som et eventyr.<\/p>\n<p>        <img loading=\"lazy\" decoding=\"async\" src=\"https:\/\/www.europesays.com\/no\/wp-content\/uploads\/2025\/12\/83921831.webp.webp\" width=\"686\" height=\"460\" title=\"INSPIRERT AV NOSTALGI: Knut &amp; Kjartans nye juleservise \u00abLucia\u00bb er inspirert av minner fra barndommens jul.\" alt=\"\" class=\"\" style=\"--aspect-ratio-image: 1.49; \"\/><\/p>\n<p>\n        INSPIRERT AV NOSTALGI: Knut &amp; Kjartans nye juleservise \u00abLucia\u00bb er inspirert av minner fra barndommens jul.\n    <\/p>\n<p>\u2013 Jeg elsker \u00e5 jobbe med dem, og \u00e5 f\u00e5 lage nye ting. Det er stas \u00e5 f\u00e5 lov til \u00e5 v\u00e6re en del av en bedrift som har holdt p\u00e5 i snart 130 \u00e5r, sier Halvor.<\/p>\n<p>        <img loading=\"lazy\" decoding=\"async\" src=\"https:\/\/www.europesays.com\/no\/wp-content\/uploads\/2025\/12\/83921847.webp.webp\" width=\"686\" height=\"995\" title=\"VETERAN: Halvor Bakke med lykten \u00abHarlekin\u00bb, en av hans nye kreasjoner for Magnor Glassverk.\" alt=\"\" class=\"\" style=\"--aspect-ratio-image: 0.69; \"\/><\/p>\n<p>\n        VETERAN: Halvor Bakke med lykten \u00abHarlekin\u00bb, en av hans nye kreasjoner for Magnor Glassverk.\n    <\/p>\n<p>Denne gangen presenterte han nye lykter, vaser, krus og fat, lamper \u2013 og dekorkuler, som designeren er ekstra forn\u00f8yd med.<\/p>\n<p>\u2013 Dekorkulene kan man henge i vinduet eller p\u00e5 juletreet, eller bare legge dem p\u00e5 et fat. Selv om de passer til jul, er de egentlig hel\u00e5rskuler, sier han med et smil.<\/p>\n","protected":false},"excerpt":{"rendered":"Knut &amp; Kjartan ble imponert av \u00abThe Voice\u00bb-vinneren De varme minnene fra barndommens julefeiringer inspirerte ekteparet til \u00e5&hellip;\n","protected":false},"author":2,"featured_media":124847,"comment_status":"","ping_status":"","sticky":false,"template":"","format":"standard","meta":{"footnotes":""},"categories":[58],"tags":[4104,71,14741,479,14740,30,28,29,10862,72],"class_list":{"0":"post-124846","1":"post","2":"type-post","3":"status-publish","4":"format-standard","5":"has-post-thumbnail","7":"category-underholdning","8":"tag-eksklusivt","9":"tag-entertainment","10":"tag-kjartan-haugen","11":"tag-kjendis","12":"tag-knut-ivar-pelerud","13":"tag-no","14":"tag-norge","15":"tag-norway","16":"tag-sommerhytta","17":"tag-underholdning"},"share_on_mastodon":{"url":"https:\/\/pubeurope.com\/@no\/115809182315227012","error":""},"_links":{"self":[{"href":"https:\/\/www.europesays.com\/no\/wp-json\/wp\/v2\/posts\/124846","targetHints":{"allow":["GET"]}}],"collection":[{"href":"https:\/\/www.europesays.com\/no\/wp-json\/wp\/v2\/posts"}],"about":[{"href":"https:\/\/www.europesays.com\/no\/wp-json\/wp\/v2\/types\/post"}],"author":[{"embeddable":true,"href":"https:\/\/www.europesays.com\/no\/wp-json\/wp\/v2\/users\/2"}],"replies":[{"embeddable":true,"href":"https:\/\/www.europesays.com\/no\/wp-json\/wp\/v2\/comments?post=124846"}],"version-history":[{"count":0,"href":"https:\/\/www.europesays.com\/no\/wp-json\/wp\/v2\/posts\/124846\/revisions"}],"wp:featuredmedia":[{"embeddable":true,"href":"https:\/\/www.europesays.com\/no\/wp-json\/wp\/v2\/media\/124847"}],"wp:attachment":[{"href":"https:\/\/www.europesays.com\/no\/wp-json\/wp\/v2\/media?parent=124846"}],"wp:term":[{"taxonomy":"category","embeddable":true,"href":"https:\/\/www.europesays.com\/no\/wp-json\/wp\/v2\/categories?post=124846"},{"taxonomy":"post_tag","embeddable":true,"href":"https:\/\/www.europesays.com\/no\/wp-json\/wp\/v2\/tags?post=124846"}],"curies":[{"name":"wp","href":"https:\/\/api.w.org\/{rel}","templated":true}]}}