{"id":124857,"date":"2025-12-30T15:26:08","date_gmt":"2025-12-30T15:26:08","guid":{"rendered":"https:\/\/www.europesays.com\/no\/124857\/"},"modified":"2025-12-30T15:26:08","modified_gmt":"2025-12-30T15:26:08","slug":"etter-stor-studie-setter-astronomer-sporsmalstegn-ved-grunnleggende-teori-om-var-egen-galakse","status":"publish","type":"post","link":"https:\/\/www.europesays.com\/no\/124857\/","title":{"rendered":"Etter stor studie setter astronomer sp\u00f8rsm\u00e5lstegn ved grunnleggende teori om v\u00e5r egen galakse"},"content":{"rendered":"<p>Det har lenge v\u00e6rt en g\u00e5te for astronomene.<\/p>\n<p>N\u00e5r de studerer stjerner i n\u00e6rheten av solen, finner de alltid \u2013 basert p\u00e5 kjemisk sammensetning \u2013 to hovedtyper.<\/p>\n<p>Stjernene er ganske like n\u00e5r det gjelder innholdet av metallene jern og magnesium, men de danner ulike sekvenser i et kjemisk diagram, og det er fortsatt uklart hvorfor forskjellene oppst\u00e5r.<\/p>\n<p>Men n\u00e5 har forskere fra Institute of Cosmos Sciences ved universitetet i Barcelona f\u00e5tt en pekepinn p\u00e5 hva som driver mangfoldet i stjernenes kjemiske struktur \u2013 og det kan endre historien til v\u00e5r egen galakse, Melkeveien.<\/p>\n","protected":false},"excerpt":{"rendered":"Det har lenge v\u00e6rt en g\u00e5te for astronomene. N\u00e5r de studerer stjerner i n\u00e6rheten av solen, finner de&hellip;\n","protected":false},"author":2,"featured_media":124858,"comment_status":"","ping_status":"","sticky":false,"template":"","format":"standard","meta":{"footnotes":""},"categories":[57],"tags":[30,28,29,65,63,64,66,70,69,67,68],"class_list":{"0":"post-124857","1":"post","2":"type-post","3":"status-publish","4":"format-standard","5":"has-post-thumbnail","7":"category-vitenskap-og-teknologi","8":"tag-no","9":"tag-norge","10":"tag-norway","11":"tag-science","12":"tag-science-and-technology","13":"tag-scienceandtechnology","14":"tag-technology","15":"tag-teknologi","16":"tag-vitenskap","17":"tag-vitenskap-og-teknologi","18":"tag-vitenskapteknologi"},"share_on_mastodon":{"url":"https:\/\/pubeurope.com\/@no\/115809221529498172","error":""},"_links":{"self":[{"href":"https:\/\/www.europesays.com\/no\/wp-json\/wp\/v2\/posts\/124857","targetHints":{"allow":["GET"]}}],"collection":[{"href":"https:\/\/www.europesays.com\/no\/wp-json\/wp\/v2\/posts"}],"about":[{"href":"https:\/\/www.europesays.com\/no\/wp-json\/wp\/v2\/types\/post"}],"author":[{"embeddable":true,"href":"https:\/\/www.europesays.com\/no\/wp-json\/wp\/v2\/users\/2"}],"replies":[{"embeddable":true,"href":"https:\/\/www.europesays.com\/no\/wp-json\/wp\/v2\/comments?post=124857"}],"version-history":[{"count":0,"href":"https:\/\/www.europesays.com\/no\/wp-json\/wp\/v2\/posts\/124857\/revisions"}],"wp:featuredmedia":[{"embeddable":true,"href":"https:\/\/www.europesays.com\/no\/wp-json\/wp\/v2\/media\/124858"}],"wp:attachment":[{"href":"https:\/\/www.europesays.com\/no\/wp-json\/wp\/v2\/media?parent=124857"}],"wp:term":[{"taxonomy":"category","embeddable":true,"href":"https:\/\/www.europesays.com\/no\/wp-json\/wp\/v2\/categories?post=124857"},{"taxonomy":"post_tag","embeddable":true,"href":"https:\/\/www.europesays.com\/no\/wp-json\/wp\/v2\/tags?post=124857"}],"curies":[{"name":"wp","href":"https:\/\/api.w.org\/{rel}","templated":true}]}}