{"id":124861,"date":"2025-12-30T15:31:13","date_gmt":"2025-12-30T15:31:13","guid":{"rendered":"https:\/\/www.europesays.com\/no\/124861\/"},"modified":"2025-12-30T15:31:13","modified_gmt":"2025-12-30T15:31:13","slug":"er-avhengig-av-spleiselag-for-a-fa-til-felles-fyrverkeri-i-kristiansund-betaler-kommunen","status":"publish","type":"post","link":"https:\/\/www.europesays.com\/no\/124861\/","title":{"rendered":"Er avhengig av spleise\u00adlag for \u00e5 f\u00e5 til felles fyr\u00adverkeri \u2013 i Kristian\u00adsund betaler kommunen"},"content":{"rendered":"<p>Saka samanfatta:<\/p>\n<ul>\n<li>B\u00e5de i \u00c5lesund og Molde er det private akt\u00f8rar som st\u00e5r for oppskytinga, men dei slit med \u00e5 f\u00e5 inn nok pengar.<\/li>\n<li>I Kristiansund sponsar kommunen fyrverkeriet av tryggleiksomsyn og for \u00e5 m\u00f8te innbyggjarane sine forventningar.<\/li>\n<li>Ferjemannskapet bidreg til \u00e5 frakte fyrverkeri for \u00e5 sikre feiring i lokalsamfunnet.<\/li>\n<li>Uten \u00f8konomisk st\u00f8tte kan fleire arrangement st\u00e5 i fare for \u00e5 bli avlyst.<\/li>\n<\/ul>\n<p>Oppsummeringa er laga av ei KI-teneste fr\u00e5 OpenAI. Innhaldet er kvalitetssikra av NRK sine journalistar f\u00f8r publisering.<\/p>\n<p>Skal vi ha felles fyrverkeri eller ei? Det er det store sp\u00f8rsm\u00e5let fleire stiller seg f\u00f8r det nye \u00e5ret tek til.<\/p>\n<p>I Oslo har dei allereie avlys<a href=\"https:\/\/www.nrk.no\/stor-oslo\/felles-fyrverkeri-i-oslo-avlyst-_-spleisen-nadde-ikke-malet-1.17706134\" ec-id=\"pp:article:1.17706134\" ec-name=\"t felles rakettoppskyting fordi dei har f\u00e5tt inn for lite pengar.\" rel=\"nofollow noopener\" target=\"_blank\">t felles rakettoppskyting fordi dei har f\u00e5tt inn for lite pengar.<\/a><\/p>\n<p>Medan dei i Kristiansund kommune har bestemt seg for \u00e5 bruke offentlege midlar til fyrverkeri p\u00e5 nytt\u00e5rsaftan.<\/p>\n<p>Slit med \u00e5 f\u00e5 inn nok pengar<\/p>\n<p><img decoding=\"async\"   src=\"data:image\/gif;base64,R0lGODlhAQABAIAAAAAAAP\/\/\/yH5BAEAAAAALAAAAAABAAEAAAIBRAA7\" loading=\"eager\" alt=\"Et fyrverkeri lyser opp nattehimmelen over en sn\u00f8dekt by med fargerike bygninger. De sneklade takene reflekterer lys fra b\u00e5de fyrverkeriet og gatebelysningen. Byens moderne og tradisjonelle bygninger er synlige, og det er tydelig at det er kveld. Omgivelsene gir en stemningsfull kontekst til feiringen som finner sted. (Bildebeskrivelsen er laget av en KI-tjeneste)\" title=\"Foto: Frederik Winness Ringnes \/ NRK\"\/><\/p>\n<p class=\"\">Slik s\u00e5g nytt\u00e5rsaftan i \u00c5lesund ut i fjor. D\u00e5 var det ingen felles fyrverkeri.<\/p>\n<p>Foto: Frederik Winness Ringnes \/ NRK<\/p>\n<p>B\u00e5de i \u00c5lesund og i Molde er det private akt\u00f8rar som st\u00e5r bak felles oppskyting. Men det er ikkje like lett \u00e5 f\u00e5 inn nok pengar.<\/p>\n<p>Lars Orheim Haga, har tatt initiativet til felles fyrverkeri i \u00c5lesund. Han meier felles oppskyting er vegen \u00e5 g\u00e5, for \u00e5 hindre store ulykker.<\/p>\n<p><strong>\u2013 Om ein skal f\u00e5 ned talet p\u00e5 ulykker og hjelpe fortvilte hundeeigarar, s\u00e5 trur eg det er vegen \u00e5 g\u00e5. Og at det heller skal skje i eit felles arrangement.<\/strong><\/p>\n<p>Det har vore usikkert, men Haga kan bekrefte at det blir fyrverkeri i \u00e5r.<\/p>\n<p>Han har oppretta ein spleis for \u00e5 f\u00e5 inn pengar til fyrverkeriet, men om han ikkje f\u00e5r inn nok i \u00e5r, s\u00e5 sp\u00f8ker det for felles oppskyting neste \u00e5r.<\/p>\n<p><strong>\u2013 Da kan vi ikkje fortsette. Vil byen ha det, s\u00e5 er vi avhengig av eit stort spleiselag, seier Haga.<\/strong><\/p>\n<p><img decoding=\"async\"   src=\"data:image\/gif;base64,R0lGODlhAQABAIAAAAAAAP\/\/\/yH5BAEAAAAALAAAAAABAAEAAAIBRAA7\" loading=\"eager\" alt=\"En person i gul refleksjakke og svart lue ruller en vogn med flere store svarte r\u00f8r. Omgivelsene best\u00e5r av et verksted med trepaller og oppbevaringshyller. Bakgrunnen viser flere r\u00f8r og verkt\u00f8y, typisk for et industrielt milj\u00f8. Belysningen er kunstig, og rommet har en hullete takstruktur. (Bildebeskrivelsen er laget av en KI-tjeneste)\" title=\"Foto: Roar Jonny Str\u00f8m \/ NRK\"\/><\/p>\n<p class=\"\">Claus Krohn st\u00e5r bak eit felles fyrverkeri i Molde. I \u00e5r er det femte gongen han arrangerer det.<\/p>\n<p>Foto: Roar Jonny Str\u00f8m \/ NRK<\/p>\n<p>Det same problemet har dei i Molde. Der er det Claus Krohn som st\u00e5r eit felles fyrverkeri, men ogs\u00e5 dei slit med \u00e5 f\u00e5 inn nok pengar.<\/p>\n<p>\u2013 Det er slik kvart \u00e5r. Det er litt tr\u00e5dt. Men det brukar \u00e5 losne dei siste dagane, seier Claus Krohn, som er dagleg leiar i Krohn pyroteknikk.<\/p>\n<p>Ogs\u00e5 han peiker p\u00e5 det same som Haga, at det er betre for sikkerheita til folk flest at fyrverkeriet blir fyrt opp av profesjonelle folk.<\/p>\n<p><strong>\u2013 N\u00e5r folk skal fyre opp sj\u00f8lv, s\u00e5 skjer det ting. Det er ikkje profesjonelle folk, og det blir skader.<\/strong><\/p>\n<p>    \u2190<\/p>\n<ul data-scroll-container=\"\" role=\"list\">\n<li><img alt=\"En person som g\u00e5r tur med en hund (Bildebeskrivelsen er laget av en KI-tjeneste)\"  width=\"3840\" height=\"2158\" loading=\"lazy\"\/>\n<p>\n        Solveig Nyhus Aksnes \/ NRK\n      <\/p>\n<p>Jorun vil gjerne ha felles fyrverkeri<\/p>\n<p>\u2013 Eg er veldig tilhengar av felles fyrverkeri. Eg synest det er flott. Eg synest ikkje det er s\u00e5 flott med litt slikt sm\u00e5rusk som folk skyt opp fr\u00e5 hagen og gata. Eg er veldig for felles fyrverkeri, seier Jorun Helseth Borlaug.<\/p>\n<p>Hunden hennar som er tre \u00e5r gamal, synest det er stas med fyrverkeri. Og spring fr\u00e5 vindu til vindu p\u00e5 nytt\u00e5rsaftan, fortel ho.<\/p>\n<\/li>\n<li><img alt=\"en mann med hatt som st\u00e5r p\u00e5 en gate med bygninger og biler (Bildebeskrivelsen er laget av en KI-tjeneste)\"  width=\"3840\" height=\"2160\" loading=\"lazy\"\/>\n<p>\n        Solveig Nyhus Aksnes \/ NRK\n      <\/p>\n<p>Ayad er positiv til felles fyrverkeri<\/p>\n<p>\u2013 Eg synest det b\u00f8r vere offentleg. Eg synest det b\u00f8r vere under kontroll, s\u00e6rleg dei som er farleg for andre, seier Ayad Al-Rashedy<\/p>\n<\/li>\n<li><img alt=\"en person med hatt (Bildebeskrivelsen er laget av en KI-tjeneste)\"  width=\"3840\" height=\"2159\" loading=\"lazy\"\/>\n<p>\n        Roar Jonny Str\u00f8m \/ NRK\n      <\/p>\n<p>Ja til felles, men vil ogs\u00e5 skyte opp eige<\/p>\n<p>\u2013 Eg st\u00f8ttar felles fyrverkeri, seier Per Arne Orvik. <\/p>\n<p>Men han vil ogs\u00e5 fyre opp eige, og har allereie handla inn til nytt\u00e5rsaftan.<\/p>\n<\/li>\n<\/ul>\n<p>\u2192<\/p>\n<p>Kommunen betalar<\/p>\n<p>I Kristiansund er det kommunen sj\u00f8lv som sponsar fyrverkeriet. Linda Dalseg H\u00f8vik er varaordf\u00f8rar, og forklarer kvifor kommunen har valt \u00e5 prioritere dette.<\/p>\n<p><strong>\u2013 Det er ein del av ei st\u00f8rre vurdering. Vi har ein del eldre trehus som kan ta fyr, og s\u00e5 har det ogs\u00e5 blitt noko folk sett pris p\u00e5 og forventar. <\/strong><\/p>\n<p>I Kristiansund er det to felles fyrverkeri i l\u00f8pet av nytt\u00e5rsaftan, eitt klokka 17:00 og eitt ved midnatt.<\/p>\n<p><strong>\u2013 Vi gjer det for befolkninga, men har ogs\u00e5 nokre tankar reint sikkerheitsmessig, seier varaordf\u00f8raren.<\/strong><\/p>\n<p><img decoding=\"async\"   src=\"data:image\/gif;base64,R0lGODlhAQABAIAAAAAAAP\/\/\/yH5BAEAAAAALAAAAAABAAEAAAIBRAA7\" loading=\"eager\" alt=\"Linda Dalseg H\u00f8vik fra Nordm\u00f8rslista, varaordf\u00f8rer i Kristiansund.\" title=\"Foto: Marius Andr\u00e9 Jenssen Stenberg\"\/><\/p>\n<p class=\"\">Varaordf\u00f8raren rekk ikkje \u00e5 ta turen til fellesfyrverkeriet sj\u00f8lv, men skal gjere andre koselege ting p\u00e5 nytt\u00e5rsaftan. <\/p>\n<p>Foto: Marius Andr\u00e9 Jenssen Stenberg<\/p>\n<p>Brukar matpausen p\u00e5 \u00e5 frakte fyrverkeri<\/p>\n<p>I Sande har ferjemannskapet tydd til frivilligheit for \u00e5 f\u00e5 p\u00e5 plass eit fyrverkeri ved hotellet Rosenlund Hamn i Sandshamn.<\/p>\n<p>Jan-Inge Lilleb\u00f8 er kaptein p\u00e5 ferjesambandet MF \u00abFold\u00f8y\u00bb, som g\u00e5r mellom fire \u00f8yer p\u00e5 Sunnm\u00f8re.<\/p>\n<p>Der har dei utsett den eine ferjeruta fr\u00e5 Larsnes for \u00e5 frakte fyrverkeri tysdag 30. desember.<\/p>\n<p><strong>\u2013 Vi tenkte \u00e5 ta ein annan vri, der vi tar ein ekstra tur i pausen v\u00e5r, og d\u00e5 blir ingen skadelidande, seier han smilande.<\/strong><\/p>\n<p><img decoding=\"async\"   src=\"data:image\/gif;base64,R0lGODlhAQABAIAAAAAAAP\/\/\/yH5BAEAAAAALAAAAAABAAEAAAIBRAA7\" loading=\"eager\" alt=\"Lastebil fraktar fyrverkeri p\u00e5 ferja fr\u00e5 Larsnes til Voksa\" title=\"Foto: Jan-Inge Lilleb\u00f8\"\/><\/p>\n<p class=\"\">Denne lastebilen har frakta om lag 250 kilo med fyrverkeri til Sandshamn. <\/p>\n<p>Foto: Jan-Inge Lilleb\u00f8<\/p>\n<p>Ferjemannskapet skal ikkje dra til Rosenlund Hamn for \u00e5 sj\u00e5 fyrverkeriet sj\u00f8lv, men kapteinen seier det er fint at andre f\u00e5r nyte fyrverkeriet<\/p>\n<p><strong>\u2013 Vi er jo p\u00e5 ein m\u00e5te livsnerven her ute p\u00e5 \u00f8yene. S\u00e5 vi har eit eige forhold til dei reisande, det stikk djupare enn eit stort samband fr\u00e5 A til B.<\/strong><\/p>\n<p>Publisert<\/p>\n<p>30.12.2025, kl. 14.18<\/p>\n","protected":false},"excerpt":{"rendered":"Saka samanfatta: B\u00e5de i \u00c5lesund og Molde er det private akt\u00f8rar som st\u00e5r for oppskytinga, men dei slit&hellip;\n","protected":false},"author":2,"featured_media":124862,"comment_status":"","ping_status":"","sticky":false,"template":"","format":"standard","meta":{"footnotes":""},"categories":[5],"tags":[20,21,24,25,15,19,22,23,17,18,13,30,28,29,14,16,26,27],"class_list":{"0":"post-124861","1":"post","2":"type-post","3":"status-publish","4":"format-standard","5":"has-post-thumbnail","7":"category-overskrifter","8":"tag-breaking-news","9":"tag-breakingnews","10":"tag-featured-news","11":"tag-featurednews","12":"tag-headlines","13":"tag-hovedoppslag","14":"tag-latest-news","15":"tag-latestnews","16":"tag-main-news","17":"tag-mainnews","18":"tag-news","19":"tag-no","20":"tag-norge","21":"tag-norway","22":"tag-nyheter","23":"tag-overskrifter","24":"tag-top-stories","25":"tag-topstories"},"share_on_mastodon":{"url":"https:\/\/pubeurope.com\/@no\/115809241258010737","error":""},"_links":{"self":[{"href":"https:\/\/www.europesays.com\/no\/wp-json\/wp\/v2\/posts\/124861","targetHints":{"allow":["GET"]}}],"collection":[{"href":"https:\/\/www.europesays.com\/no\/wp-json\/wp\/v2\/posts"}],"about":[{"href":"https:\/\/www.europesays.com\/no\/wp-json\/wp\/v2\/types\/post"}],"author":[{"embeddable":true,"href":"https:\/\/www.europesays.com\/no\/wp-json\/wp\/v2\/users\/2"}],"replies":[{"embeddable":true,"href":"https:\/\/www.europesays.com\/no\/wp-json\/wp\/v2\/comments?post=124861"}],"version-history":[{"count":0,"href":"https:\/\/www.europesays.com\/no\/wp-json\/wp\/v2\/posts\/124861\/revisions"}],"wp:featuredmedia":[{"embeddable":true,"href":"https:\/\/www.europesays.com\/no\/wp-json\/wp\/v2\/media\/124862"}],"wp:attachment":[{"href":"https:\/\/www.europesays.com\/no\/wp-json\/wp\/v2\/media?parent=124861"}],"wp:term":[{"taxonomy":"category","embeddable":true,"href":"https:\/\/www.europesays.com\/no\/wp-json\/wp\/v2\/categories?post=124861"},{"taxonomy":"post_tag","embeddable":true,"href":"https:\/\/www.europesays.com\/no\/wp-json\/wp\/v2\/tags?post=124861"}],"curies":[{"name":"wp","href":"https:\/\/api.w.org\/{rel}","templated":true}]}}