{"id":124867,"date":"2025-12-30T15:38:08","date_gmt":"2025-12-30T15:38:08","guid":{"rendered":"https:\/\/www.europesays.com\/no\/124867\/"},"modified":"2025-12-30T15:38:08","modified_gmt":"2025-12-30T15:38:08","slug":"meteorologane-melder-om-sprengkulde-i-januar-nrk-vestland","status":"publish","type":"post","link":"https:\/\/www.europesays.com\/no\/124867\/","title":{"rendered":"Meteorologane melder om sprengkulde i januar \u2013 NRK Vestland"},"content":{"rendered":"<p>Den siste veka har det veksla mellom minus- og plussgrader.<\/p>\n<p>No melder meteorologane om ein iskald start p\u00e5 ny\u00e5ret.<strong> <\/strong><\/p>\n<p><strong>Sprengkaldt blir det faktisk. <\/strong><\/p>\n<p>\u2013 Nokre plassar kan det bli like kaldt som i ein fryseboks, varslar statsmeteorolog Unni Nilsen.<\/p>\n<p>Heile landet skal f\u00e5 kjenne p\u00e5 vinterkulda dei komande dagane. Fr\u00e5 nord til s\u00f8r, og fr\u00e5 aust til og med kysten i vest kjem gradestokken til \u00e5 bli bl\u00e5.<\/p>\n<p>\nDin nettleser st\u00f8tter ikke innbygging av eksternt innhold\n<\/p>\n<p>Kan bli dyrt<\/p>\n<p>Har du ikkje sjekka r\u00f8yra p\u00e5 ei stund, kan det vere lurt \u00e5 tenke p\u00e5 det no.<\/p>\n<p>Mange har feira jul p\u00e5 hytta, eller har planar om \u00e5 helse det nye \u00e5ret inn fr\u00e5 fjellheimen.<\/p>\n<p>Vi legg bak oss ein <a href=\"https:\/\/www.nrk.no\/nyheter\/varmeste-forjulstid-noensinne-i-oslo-og-bergen-1.17704657\" ec-id=\"pp:article:1.17704657\" ec-name=\"uvanleg mild desember\" rel=\"nofollow noopener\" target=\"_blank\">uvanleg mild desember<\/a> fleire stadar i landet. Fryste r\u00f8yr ligg kanskje ikkje p\u00e5 toppen av bekymringslista hos dei fleste.<\/p>\n<p>N\u00e5r gradestokken skal nedover kan det likevel vere lurt \u00e5 vie r\u00f8yra ein ekstra tanke. Det kan nemleg bli dyrt om dei f\u00e5r frostskadar og sprekk.<\/p>\n<p>Tal fr\u00e5 Finans Noreg viser at det i l\u00f8pet av dei tre f\u00f8rste kvartala i 2025 kom inn over 50 000 skademeldingar p\u00e5 vasskadar. Totalt kosta dei 2,9 milliardar kroner.<\/p>\n<p><img decoding=\"async\"   src=\"data:image\/gif;base64,R0lGODlhAQABAIAAAAAAAP\/\/\/yH5BAEAAAAALAAAAAABAAEAAAIBRAA7\" loading=\"eager\" alt=\"ein vask som er gjenfryst\" title=\"Foto: Frende forsikring\"\/><\/p>\n<p class=\"\">N\u00e5r kulda bit seg fast kan det vere lurt \u00e5 ta ei ekstra runde p\u00e5 hus og heim for \u00e5 unng\u00e5 ei kjedeleg rekning. <\/p>\n<p>Foto: Frende forsikring<\/p>\n<p>Ikkje alle er frostrelaterte, men seniorr\u00e5dgjevar i Frende forsikring, Marius Solberg Anfinsen, seier frostskadar er eit stort problem n\u00e5r det f\u00f8rst blir kaldt. Han har ei klar oppfordring.<\/p>\n<p>\u2013 Det tar berre nokre minutt, og kan spare deg for store kostnadar og mykje stress, ikkje minst.<\/p>\n<p>Her er fire ting du b\u00f8r tenke p\u00e5 f\u00f8r du forl\u00e8t hytta:<\/p>\n<p>Steng, t\u00f8m og isoler<\/p>\n<p><strong>\ud83d\udeb0\ud83d\udebfSteng vatnet og t\u00f8m r\u00f8yra<\/strong><\/p>\n<p>Vatn som blir liggande i r\u00f8yra kan fryse og f\u00f8re til at r\u00f8yra sprekk. Ofte oppdagar ein ikkje det f\u00f8r skada allereie har skjedd, og det kan bli dyrt.<\/p>\n<p><strong>\ud83c\udf21\ufe0f\u2668\ufe0fHa p\u00e5 litt varme<\/strong><\/p>\n<p>Sj\u00f8lv om du ikkje er til stades kan det vere lurt \u00e5 ha p\u00e5 litt varme i hytta, slik at r\u00f8yra ikkje frys. Rundt 10 grader b\u00f8r vere nok til \u00e5 unng\u00e5 frostskadar.<\/p>\n<p><strong>\ud83e\udef6\ud83c\udffc\ud83e\udec2Sp\u00f8r ein venn <\/strong><\/p>\n<p>Skal du vere vekke lenge kan det vere lurt \u00e5 alliere seg med ein nabo eller venn i omr\u00e5de, som kan g\u00e5 innom og sjekke. Skulle skaden f\u00f8rst vere ute, er det om \u00e5 gjere \u00e5 oppdage det s\u00e5 kjapt som mogleg, for \u00e5 unng\u00e5 st\u00f8rre vasslekkasjar.<\/p>\n<p><strong>\ud83c\udfe1\ud83d\udca6Isoler <\/strong><\/p>\n<p>Eit litt meir omfattande tips, men har du ein krypkjellar eller rom som blir veldig kalde er det best \u00e5 f\u00e5 det isolert.<\/p>\n<p>Blir det kaldt, eller?<\/p>\n<p>I oktober kom meteorologane med langtidsprognosane for vinteren. D\u00e5 meldte dei at eit v\u00earfenomen kunne kome, ei s\u00e5kalla <a href=\"https:\/\/www.nrk.no\/vestland\/vaerfenomenet-bra-stratosfaerisk-oppvarming-kan-fore-til-en-bitende-kald-vinter-1.17623750\" ec-id=\"pp:article:1.17623750\" ec-name=\"\u00abbr\u00e5 stratosf\u00e6risk oppvarming\u00bb\" rel=\"nofollow noopener\" target=\"_blank\">\u00abbr\u00e5 stratosf\u00e6risk oppvarming\u00bb<\/a>.<\/p>\n<p>Men, som meteorologane alltid \u00e5tvarar, er det ikkje s\u00e5 lett \u00e5 varsle v\u00earet langt fram i tid. I desember <a href=\"https:\/\/www.nrk.no\/buskerud\/avlyser-kuldesjokk_-fortsatt-mild-vinter-i-vente-1.17690373\" ec-id=\"pp:article:1.17690373\" ec-name=\"avlyste dei den bitande kulda\" rel=\"nofollow noopener\" target=\"_blank\">avlyste dei den bitande kulda<\/a>.<\/p>\n<p>No ser det ut som den er p\u00e5 veg likevel. P\u00e5 Finnmarksvidda kan det bli heilt ned mot 30 minusgrader.<\/p>\n<p>Vel ditt fylke for \u00e5 sj\u00e5 kor kaldt det er der du er:<\/p>\n<p>\nDin nettleser st\u00f8tter ikke innbygging av eksternt innhold\n<\/p>\n<p>Men ogs\u00e5 p\u00e5 kysten m\u00e5 ein finne fram ullkleda. Der kan det krype ned mot 10 minusgrader fleire stadar. Det er litt utanom det vanlege, if\u00f8lgje meteorologen.<\/p>\n<p>\u2013 Det kan godt skje ein gang i \u00e5ret at ein har ein s\u00e5nn kuldeperiode, men det er litt uvanleg at det blir s\u00e5 kaldt.<\/p>\n<p>For dei som har gjort skia klare, kan det kome nokre sn\u00f8byer p\u00e5 nytt\u00e5rsaftan. Etter det blir det stort sett t\u00f8rt og fint.<\/p>\n<p><img decoding=\"async\"   src=\"data:image\/gif;base64,R0lGODlhAQABAIAAAAAAAP\/\/\/yH5BAEAAAAALAAAAAABAAEAAAIBRAA7\" loading=\"eager\" alt=\"en gruppe skil\u00f8pere p\u00e5 et sn\u00f8dekt fjell (Bildebeskrivelsen er laget av en KI-tjeneste)\" title=\"Foto: Linn Holstad Hines \/ Den Norske Turistforeningen\"\/><\/p>\n<p>Foto: Linn Holstad Hines \/ Den Norske Turistforeningen<\/p>\n<p>Publisert<\/p>\n<p>30.12.2025, kl. 15.21<\/p>\n","protected":false},"excerpt":{"rendered":"Den siste veka har det veksla mellom minus- og plussgrader. No melder meteorologane om ein iskald start p\u00e5&hellip;\n","protected":false},"author":2,"featured_media":124868,"comment_status":"","ping_status":"","sticky":false,"template":"","format":"standard","meta":{"footnotes":""},"categories":[5],"tags":[20,21,24,25,15,19,22,23,17,18,13,30,28,29,14,16,26,27],"class_list":{"0":"post-124867","1":"post","2":"type-post","3":"status-publish","4":"format-standard","5":"has-post-thumbnail","7":"category-overskrifter","8":"tag-breaking-news","9":"tag-breakingnews","10":"tag-featured-news","11":"tag-featurednews","12":"tag-headlines","13":"tag-hovedoppslag","14":"tag-latest-news","15":"tag-latestnews","16":"tag-main-news","17":"tag-mainnews","18":"tag-news","19":"tag-no","20":"tag-norge","21":"tag-norway","22":"tag-nyheter","23":"tag-overskrifter","24":"tag-top-stories","25":"tag-topstories"},"share_on_mastodon":{"url":"https:\/\/pubeurope.com\/@no\/115809268796112643","error":""},"_links":{"self":[{"href":"https:\/\/www.europesays.com\/no\/wp-json\/wp\/v2\/posts\/124867","targetHints":{"allow":["GET"]}}],"collection":[{"href":"https:\/\/www.europesays.com\/no\/wp-json\/wp\/v2\/posts"}],"about":[{"href":"https:\/\/www.europesays.com\/no\/wp-json\/wp\/v2\/types\/post"}],"author":[{"embeddable":true,"href":"https:\/\/www.europesays.com\/no\/wp-json\/wp\/v2\/users\/2"}],"replies":[{"embeddable":true,"href":"https:\/\/www.europesays.com\/no\/wp-json\/wp\/v2\/comments?post=124867"}],"version-history":[{"count":0,"href":"https:\/\/www.europesays.com\/no\/wp-json\/wp\/v2\/posts\/124867\/revisions"}],"wp:featuredmedia":[{"embeddable":true,"href":"https:\/\/www.europesays.com\/no\/wp-json\/wp\/v2\/media\/124868"}],"wp:attachment":[{"href":"https:\/\/www.europesays.com\/no\/wp-json\/wp\/v2\/media?parent=124867"}],"wp:term":[{"taxonomy":"category","embeddable":true,"href":"https:\/\/www.europesays.com\/no\/wp-json\/wp\/v2\/categories?post=124867"},{"taxonomy":"post_tag","embeddable":true,"href":"https:\/\/www.europesays.com\/no\/wp-json\/wp\/v2\/tags?post=124867"}],"curies":[{"name":"wp","href":"https:\/\/api.w.org\/{rel}","templated":true}]}}