{"id":124890,"date":"2025-12-30T15:57:10","date_gmt":"2025-12-30T15:57:10","guid":{"rendered":"https:\/\/www.europesays.com\/no\/124890\/"},"modified":"2025-12-30T15:57:10","modified_gmt":"2025-12-30T15:57:10","slug":"en-stormakt-begar-selvmord","status":"publish","type":"post","link":"https:\/\/www.europesays.com\/no\/124890\/","title":{"rendered":"En stormakt beg\u00e5r selvmord"},"content":{"rendered":"<p>\n        USA har lenge v\u00e6rt en stormakt i tr\u00f8bbel. Angrepet p\u00e5 Capitol Hill 6. januar 2021 er et av mange eksempler p\u00e5 det.<br \/>\n        FOTO: Andrew Caballero-Reynolds \/ NTB\n    <\/p>\n<p class=\"kicker t30 tertiary color_mobile_tertiary\" style=\"\">Kommentar<\/p>\n<p>    USAs krise begynte ikke med Donald Trump. Han er et resultat av langvarig nedgang.<\/p>\n<p> Dette er en kommentar. Holdninger og meninger i teksten st\u00e5r for skribentens regning.<\/p>\n<p>USA er et<br \/>\nland i en perfekt storm. Fra euforien over \u00e5 ikke bare ha vunnet Den kalde<br \/>\nkrigen (som de jo sier i USA, der de ikke vurderer hvorvidt Sovjetunionen eller<br \/>\nGorbatsjov hadde noe med det \u00e5 gj\u00f8re), men ogs\u00e5 \u00e5 ha <a href=\"chrome-extension:\/\/efaidnbmnnnibpcajpcglclefindmkaj\/https:\/pages.ucsd.edu\/~bslantchev\/courses\/pdf\/Fukuyama%20-%20End%20of%20History.pdf\" rel=\"nofollow\">vunnet kampen om ideologiene<\/a> (det amerikanske politiske<br \/>\neksperimentet hadde jo overvunnet keiserriker, nazisme, fascisme og kommunisme<br \/>\n\u2013 ikke lite, bare det), har USA blitt en skygge av seg selv. <\/p>\n<p>Nedgangen<br \/>\nstartet, ikke overraskende, da USA var p\u00e5 topp. En solfylt morgen tirsdag 11.<br \/>\nseptember 2001 ble USAs f\u00f8lelse av geografisk sikkerhet knust. Selvbildet som<br \/>\nen elsket og \u00f8nsket stormakt kunne ogs\u00e5 f\u00e5tt seg noen skudd for baugen. President<br \/>\nGeorge W. Bush tolket derimot ikke angrepet som en kritikk av USAs<br \/>\nMidt\u00f8sten-politikk, men som et kompliment: Vi ble angrepet fordi terroristene<br \/>\nhater demokrati og frihet, <a href=\"https:\/\/georgewbush-whitehouse.archives.gov\/news\/releases\/2001\/09\/20010920-8.html\" rel=\"nofollow noopener\" target=\"_blank\">sa Bush til Kongressen<\/a> 20. september, 2001. M\u00e5let med<br \/>\nkrigen mot terror var intet mindre enn \u00e5 <a href=\"https:\/\/edition.cnn.com\/2001\/US\/09\/16\/gen.bush.terrorism\/\" rel=\"nofollow noopener\" target=\"_blank\">bekjempe \u00abondskap\u00bb<\/a> i denne verden, lovte Bush. <\/p>\n<p>            Presidentvalget i 2016 var et klart tegn p\u00e5 at noe var skikkelig galt i USA.<\/p>\n<p>\u00c5tte \u00e5r<br \/>\nsenere valgte et utmattet, <a href=\"https:\/\/www.brookings.edu\/articles\/nine-facts-about-the-great-recession-and-tools-for-fighting-the-next-downturn\/\" rel=\"nofollow noopener\" target=\"_blank\">\u00f8konomisk ruinert<\/a> og skadeskutt land inn den f\u00f8rste<br \/>\nikke-hvite presidenten i sin historie. Barack Obama var den eneste av de<br \/>\npolitiske kandidatene i 2008 som ikke hadde st\u00f8ttet Irak-krigen (han hadde <a href=\"https:\/\/www.npr.org\/2009\/01\/20\/99591469\/transcript-obamas-speech-against-the-iraq-war\" rel=\"nofollow noopener\" target=\"_blank\">kalt den \u00abdum\u00bb)<\/a> og lovte at USA igjen skulle<br \/>\nbegynne \u00e5 ta vare p\u00e5 sine egne borgere (s\u00e6rlig i form av en stor helsereform<br \/>\nsom skulle gi helseforsikring til de svakeste gruppene i samfunnet). Han skulle<br \/>\nf\u00e5 den amerikanske \u00f8konomien p\u00e5 rett kj\u00f8l igjen, etter at Bush overlot til ham<br \/>\nden st\u00f8rste \u00f8konomiske katastrofen siden Den store depresjonen i 1929. Obama<br \/>\nskulle ogs\u00e5 avslutte Irak-krigen og kanskje til og med Afghanistan-krigen. Han<br \/>\nskulle, med andre ord, <a href=\"https:\/\/millercenter.org\/president\/obama\/foreign-affairs\" rel=\"nofollow noopener\" target=\"_blank\">sette USA f\u00f8rst.<\/a> <\/p>\n<p>\u00c5tte \u00e5r<br \/>\nsenere var Irak-krigen over for lengst, men krigen mot Den islamske stat var<br \/>\nderimot p\u00e5g\u00e5ende og Afghanistan-krigen var fortsatt ikke over. \u00d8konomien var<br \/>\nigjen p\u00e5 rett vei, men den \u00f8konomiske ulikheten hadde \u00f8kt drastisk. <a href=\"https:\/\/www.theguardian.com\/us-news\/2021\/sep\/12\/occupy-wall-street-10-years-on\" rel=\"nofollow noopener\" target=\"_blank\">\u00abOccupy Wall Street\u00bb<\/a> \u2013 venstresidens protest mot at staten<br \/>\nskulle hjelpe Big Business etter finanskrisen, men ikke hvermannsen \u2013 rettet<br \/>\nskyts mot Obama-regjeringen og den demokratiske partieliten. Helsereformen \u2013<br \/>\nden st\u00f8rste siden 1965 \u2013 kom til \u00e5 bli en meget popul\u00e6r forbedring av det<br \/>\namerikanske velferdssystemet, men det visste man ikke da. I dag sier <a href=\"https:\/\/www.kff.org\/interactive\/kff-health-tracking-poll-the-publics-views-on-the-aca\/#?response=Favorable--Unfavorable&amp;aRange=twoYear\" rel=\"nofollow noopener\" target=\"_blank\">64 prosent<\/a> av amerikanere at de er for<br \/>\nObamaCare. Ved valget i november 2016 var det kun <a href=\"https:\/\/www.kff.org\/health-costs\/kaiser-health-tracking-poll-november-2016\/\" rel=\"nofollow noopener\" target=\"_blank\">43 prosent<\/a> som var for. <\/p>\n<p>Presidentvalget<br \/>\ni 2016 var et klart tegn p\u00e5 at noe var skikkelig galt i USA. For f\u00f8rste gang p\u00e5<br \/>\nlenge m\u00e5lbar h\u00f8yresiden og venstresiden den samme \u00f8konomiske kritikken: USA var<br \/>\nikke lenger et land der \u00abden amerikanske dr\u00f8mmen\u00bb kunne bli til virkelighet.<br \/>\nSosial mobilitet var nedadg\u00e5ende, \u00f8konomisk ulikhet var p\u00e5 vei opp og de gamle,<br \/>\ngode industrijobbene var p\u00e5 sotteseng.<\/p>\n<p>Nominasjonsvalgene<br \/>\ni 2016 handlet i stor grad om hvem som egentlig snakket p\u00e5 vegne av \u00abfolket\u00bb \u2013<br \/>\nog hvem \u00abfolket\u00bb faktisk var. Der Hillary Clinton til slutt vant nominasjonen<br \/>\netter en overraskende vanskelig kamp mot Bernie Sanders, kapitulerte derimot<br \/>\nDet republikanske partiet raskt i m\u00f8te med deres egen h\u00f8yrepopulist Donald<br \/>\nTrump. Dette klarte Trump ved \u00e5 ramme sitt \u00f8konomiske budskap inn i et st\u00f8rre<br \/>\nog farligere et: nemlig at de som hadde skylda for alt som hadde g\u00e5tt galt i<br \/>\nUSA ikke var de p\u00e5 toppen, men de p\u00e5 bunnen. Innvandrerne, mexicanerne og ikke<br \/>\nminst muslimene. Ved \u00e5 bygge en mur mot Mexico, igangsette innreiseforbud for<br \/>\nmennesker fra muslimske land og drastisk redusere innvandring fra \u00abshithole<br \/>\ncountries\u00bb kunne USA igjen bli storsl\u00e5tt. USA m\u00e5tte <a href=\"https:\/\/nymag.com\/intelligencer\/article\/michael-antons-flight-93-election-trump-coup.html\" rel=\"nofollow noopener\" target=\"_blank\">trekke i n\u00f8dbremsen<\/a>, ellers kom de ikke lenger til \u00e5<br \/>\nkjenne igjen sitt eget land. <\/p>\n<p>Make<br \/>\nAmerica Great Again var klagesangen til de som var vant til \u00e5 besitte politisk,<br \/>\n\u00f8konomisk og kulturell makt: hvite, kristne menn. De som f\u00f8lte at de hadde tapt<br \/>\nstatus etter 1990-tallets globalisering, frihandel og masseinnvandring. Den<br \/>\nutenrikspolitiske versjonen av dette, <a href=\"https:\/\/tidsskriftet-ip.no\/index.php\/intpol\/article\/view\/695\/1598\" rel=\"nofollow noopener\" target=\"_blank\">America First<\/a>, var en hevnkampanje mot \u00abden<br \/>\nliberale verdensorden\u00bb som Trump &amp; co. mente hadde f\u00f8rt USA inn i<br \/>\nfortapelsen. Da Trump ble innsatt i 2017 hadde USA rundet seg selv \u2013 fra Bush<br \/>\nsin tale om USAs misjon for \u00e5 utrydde ondskap og kjempe for frihet, til Trumps<br \/>\ntale om <a href=\"https:\/\/www.theguardian.com\/world\/2017\/jan\/20\/donald-trump-transition-of-power-president-first-speech\" rel=\"nofollow noopener\" target=\"_blank\">\u00abAmerican Carnage\u00bb.<\/a> Fra n\u00e5 av skulle USA bli en<br \/>\nilliberal stormakt som var mest opptatt av \u00f8konomisk gevinst for seg selv og<br \/>\nsin autokrat. <\/p>\n<p>Da Joe<br \/>\nBiden fire \u00e5r senere insisterte p\u00e5 at <a href=\"https:\/\/www.nytimes.com\/live\/2021\/02\/19\/world\/g7-meeting-munich-security-conference\" rel=\"nofollow noopener\" target=\"_blank\">\u00abAmerica is back\u00bb<\/a> var ikke akkurat dette et l\u00f8fte vi<br \/>\n<a href=\"https:\/\/tidsskriftet-ip.no\/index.php\/intpol\/article\/view\/2759\/5006\" rel=\"nofollow noopener\" target=\"_blank\">kunne stole p\u00e5<\/a> i det lange l\u00f8p. Og det skulle<br \/>\nbare ta knappe fire \u00e5r f\u00f8r Trump igjen inntok Det ovale kontor, denne gangen<br \/>\nlaserfokusert p\u00e5 USAs st\u00f8rste fiende: liberalt demokrati. USAs kanskje<br \/>\nsterkeste kort i kampen om den kommende verdensordenen \u2013 at USA, til tross for<br \/>\nalle mangler, er et liberalt demokrati som til tider ogs\u00e5 kjemper for liberalt<br \/>\ndemokrati ute i verden \u2013 er kastet.<\/p>\n<p>USAs nye<br \/>\nfiende, if\u00f8lge deres <a href=\"chrome-extension:\/\/efaidnbmnnnibpcajpcglclefindmkaj\/https:\/www.whitehouse.gov\/wp-content\/uploads\/2025\/12\/2025-National-Security-Strategy.pdf\" rel=\"nofollow\">nye sikkerhetsstrategi<\/a>, er ikke kinesisk eller russisk<br \/>\nautokrati. Det er EU og europeisk liberalt demokrati. Trump-<a href=\"https:\/\/tidsskriftet-ip.no\/index.php\/intpol\/article\/view\/7233\" rel=\"nofollow noopener\" target=\"_blank\">regjeringen avvikler n\u00e5 \u00abden<br \/>\nliberale verdensorden\u00bb<\/a><br \/>\ni rekordfart. I kulissene venter Kina t\u00e5lmodig.<\/p>\n<p class=\"italic m-italic\" data-lab-italic=\"italic\">F\u00e5 nyhetsbrev fra Dagsavisen. Meld deg p\u00e5\u00a0<a href=\"https:\/\/www.dagsavisen.no\/om-dagsavisen\/2023\/12\/20\/fa-daglig-nyhetsbrev\/\" rel=\"nofollow noopener\" target=\"_blank\">her<\/a>!<\/p>\n","protected":false},"excerpt":{"rendered":"USA har lenge v\u00e6rt en stormakt i tr\u00f8bbel. Angrepet p\u00e5 Capitol Hill 6. januar 2021 er et av&hellip;\n","protected":false},"author":2,"featured_media":124891,"comment_status":"","ping_status":"","sticky":false,"template":"","format":"standard","meta":{"footnotes":""},"categories":[12],"tags":[20,21,24,25,15,22,23,13,30,28,29,14,16,26,27,42,43,44,45],"class_list":{"0":"post-124890","1":"post","2":"type-post","3":"status-publish","4":"format-standard","5":"has-post-thumbnail","7":"category-verden","8":"tag-breaking-news","9":"tag-breakingnews","10":"tag-featured-news","11":"tag-featurednews","12":"tag-headlines","13":"tag-latest-news","14":"tag-latestnews","15":"tag-news","16":"tag-no","17":"tag-norge","18":"tag-norway","19":"tag-nyheter","20":"tag-overskrifter","21":"tag-top-stories","22":"tag-topstories","23":"tag-verden","24":"tag-world","25":"tag-world-news","26":"tag-worldnews"},"share_on_mastodon":{"url":"https:\/\/pubeurope.com\/@no\/115809343542635110","error":""},"_links":{"self":[{"href":"https:\/\/www.europesays.com\/no\/wp-json\/wp\/v2\/posts\/124890","targetHints":{"allow":["GET"]}}],"collection":[{"href":"https:\/\/www.europesays.com\/no\/wp-json\/wp\/v2\/posts"}],"about":[{"href":"https:\/\/www.europesays.com\/no\/wp-json\/wp\/v2\/types\/post"}],"author":[{"embeddable":true,"href":"https:\/\/www.europesays.com\/no\/wp-json\/wp\/v2\/users\/2"}],"replies":[{"embeddable":true,"href":"https:\/\/www.europesays.com\/no\/wp-json\/wp\/v2\/comments?post=124890"}],"version-history":[{"count":0,"href":"https:\/\/www.europesays.com\/no\/wp-json\/wp\/v2\/posts\/124890\/revisions"}],"wp:featuredmedia":[{"embeddable":true,"href":"https:\/\/www.europesays.com\/no\/wp-json\/wp\/v2\/media\/124891"}],"wp:attachment":[{"href":"https:\/\/www.europesays.com\/no\/wp-json\/wp\/v2\/media?parent=124890"}],"wp:term":[{"taxonomy":"category","embeddable":true,"href":"https:\/\/www.europesays.com\/no\/wp-json\/wp\/v2\/categories?post=124890"},{"taxonomy":"post_tag","embeddable":true,"href":"https:\/\/www.europesays.com\/no\/wp-json\/wp\/v2\/tags?post=124890"}],"curies":[{"name":"wp","href":"https:\/\/api.w.org\/{rel}","templated":true}]}}