{"id":124892,"date":"2025-12-30T15:58:09","date_gmt":"2025-12-30T15:58:09","guid":{"rendered":"https:\/\/www.europesays.com\/no\/124892\/"},"modified":"2025-12-30T15:58:09","modified_gmt":"2025-12-30T15:58:09","slug":"trafikk-alver-frontkollisjon-mellom-personbil-og-lastebil-forer-var-fastklemt","status":"publish","type":"post","link":"https:\/\/www.europesays.com\/no\/124892\/","title":{"rendered":"Trafikk, Alver | Frontkollisjon mellom personbil og lastebil: \u2013 F\u00f8rer var fastklemt"},"content":{"rendered":"\n<p>En personbil og lastebil kolliderte tirsdag ettermiddag, like s\u00f8r for Furubergtunnelen p\u00e5 fylkesvei 57 i Alver.<\/p>\n<p>\u2013 F\u00f8rer av personbilen er fastklemt, men v\u00e5ken og tilsnakkende, opplyste operasjonsleder Steinar Hausvik i Vest politidistrikt innledningsvis.<\/p>\n<p>Klokken 1521 meldte brannvesenet at vedkommende var frigjort fra kj\u00f8ret\u00f8yet.<\/p>\n<p>Fremst\u00e5r alvorlig<\/p>\n<p><b>\u2013 Ulykken fremst\u00e5r alvorlig, opplyser Hausvik.<\/b><\/p>\n<p>Sj\u00e5f\u00f8ren som var fastklemt, en kvinne, er fraktet bort i ambulanse, sier brannvesenets innsatsleder Gunn Torhild Ramslien til BA.<\/p>\n<p>Bilf\u00f8reren er tatt med til Haukeland sykehus.<\/p>\n<p>\u2013 N\u00e5 holder vi p\u00e5 \u00e5 rydde skadestedet, sa innsatslederen f\u00f8r klokken 16.<\/p>\n<p>   <img decoding=\"async\" width=\"455\" height=\"286\" fetchpriority=\"low\"  loading=\"lazy\"  src=\"https:\/\/www.europesays.com\/no\/wp-content\/uploads\/2025\/12\/politiet+crop.jpg\" alt=\"\" class=\"brick-c-cFOWSL\" style=\"--brick-image-ratio: 455 \/ 286;\"\/><\/p>\n<p>      Det er krevende kj\u00f8reforhold p\u00e5 \u00e5rets nest siste dag.<br \/>\n      Foto: BA-tipser\n    <\/p>\n<p>F\u00f8rer av lastebilen er tilsynelatende uskadet, if\u00f8lge politiet. Vedkommende er fraktet til legevakten for n\u00e6rmere unders\u00f8kelser.<\/p>\n<p>Det ble tidligere meldt at luftambulanse var p\u00e5 vei, men grunnet d\u00e5rlig v\u00e6r ble heller en ambulansebil sendt til stedet.<\/p>\n<p>Bilberger fremme<\/p>\n<p>BA fikk tidligere opplyst av Vegtrafikksentralen at de hadde f\u00e5tt melding om at det var <a rel=\"Follow nofollow noopener\" href=\"https:\/\/www.ba.no\/vis\/trafikk?p=lc-10769364-11888-bergensavisen\" target=\"_blank\">glatt p\u00e5 fylkesvei 57<\/a>.<\/p>\n<p>If\u00f8lge politiet er det sv\u00e6rt glatt i omr\u00e5det der ulykken har skjedd. Basert p\u00e5 vitnebeskrivelser og hjulspor p\u00e5 stedet har de en anelse om hendelsesforl\u00f8pet.<\/p>\n<p>\u2013 Antatt hendelsesforl\u00f8p er at personbilen har kj\u00f8rt i s\u00f8rlig retning, skjenet over i motsatt kj\u00f8refelt og kollidert med lastebilen, opplyser Hausvik.<\/p>\n<p>Det har lenge v\u00e6rt full stans i trafikken tirsdag ettermiddag.<\/p>\n<p>   <img decoding=\"async\" width=\"1600\" height=\"1200\" fetchpriority=\"low\"  loading=\"lazy\"  src=\"https:\/\/www.europesays.com\/no\/wp-content\/uploads\/2025\/12\/2025-12-30+at+15.38.34+%282%29.jpeg\" alt=\"\" class=\"brick-c-cFOWSL\" style=\"--brick-image-ratio: 1600 \/ 1200;\"\/><\/p>\n<p>      Trafikken har st\u00e5tt stille ved Furubergtunnelen.<br \/>\n      Foto: BA-tipser\n    <\/p>\n<p>\u2013 Veien er stengt i begge retninger, sa vaktleder ved 110-sentralen, Stian Kvam, klokken 1514.<\/p>\n<p><b>Klokken 1614 melder politiet at bilberger er fremme p\u00e5 stedet, og det p\u00e5g\u00e5r manuell dirigering.<\/b><\/p>\n<p>\u2013 Det er ganske r\u00f8dt i kartet p\u00e5 s\u00f8rsiden fortsatt. Brannvesenet driver med manuell dirigering, og entrepren\u00f8ren vil overta s\u00e5 fort det lar seg gj\u00f8re, sier trafikkoperat\u00f8r i veivesenet, J\u00f8rgen B\u00f8dtker, til BA klokken 1630.<\/p>\n<p>BA oppdaterer saken.<\/p>\n","protected":false},"excerpt":{"rendered":"En personbil og lastebil kolliderte tirsdag ettermiddag, like s\u00f8r for Furubergtunnelen p\u00e5 fylkesvei 57 i Alver. \u2013 F\u00f8rer&hellip;\n","protected":false},"author":2,"featured_media":124893,"comment_status":"","ping_status":"","sticky":false,"template":"","format":"standard","meta":{"footnotes":""},"categories":[10],"tags":[1751,36,20,21,24,25,15,22,23,13,30,28,29,14,16,1510,26,27,224],"class_list":{"0":"post-124892","1":"post","2":"type-post","3":"status-publish","4":"format-standard","5":"has-post-thumbnail","7":"category-norge","8":"tag-alver","9":"tag-art","10":"tag-breaking-news","11":"tag-breakingnews","12":"tag-featured-news","13":"tag-featurednews","14":"tag-headlines","15":"tag-latest-news","16":"tag-latestnews","17":"tag-news","18":"tag-no","19":"tag-norge","20":"tag-norway","21":"tag-nyheter","22":"tag-overskrifter","23":"tag-story","24":"tag-top-stories","25":"tag-topstories","26":"tag-trafikk"},"share_on_mastodon":{"url":"https:\/\/pubeurope.com\/@no\/115809347577087179","error":""},"_links":{"self":[{"href":"https:\/\/www.europesays.com\/no\/wp-json\/wp\/v2\/posts\/124892","targetHints":{"allow":["GET"]}}],"collection":[{"href":"https:\/\/www.europesays.com\/no\/wp-json\/wp\/v2\/posts"}],"about":[{"href":"https:\/\/www.europesays.com\/no\/wp-json\/wp\/v2\/types\/post"}],"author":[{"embeddable":true,"href":"https:\/\/www.europesays.com\/no\/wp-json\/wp\/v2\/users\/2"}],"replies":[{"embeddable":true,"href":"https:\/\/www.europesays.com\/no\/wp-json\/wp\/v2\/comments?post=124892"}],"version-history":[{"count":0,"href":"https:\/\/www.europesays.com\/no\/wp-json\/wp\/v2\/posts\/124892\/revisions"}],"wp:featuredmedia":[{"embeddable":true,"href":"https:\/\/www.europesays.com\/no\/wp-json\/wp\/v2\/media\/124893"}],"wp:attachment":[{"href":"https:\/\/www.europesays.com\/no\/wp-json\/wp\/v2\/media?parent=124892"}],"wp:term":[{"taxonomy":"category","embeddable":true,"href":"https:\/\/www.europesays.com\/no\/wp-json\/wp\/v2\/categories?post=124892"},{"taxonomy":"post_tag","embeddable":true,"href":"https:\/\/www.europesays.com\/no\/wp-json\/wp\/v2\/tags?post=124892"}],"curies":[{"name":"wp","href":"https:\/\/api.w.org\/{rel}","templated":true}]}}