{"id":124894,"date":"2025-12-30T15:59:11","date_gmt":"2025-12-30T15:59:11","guid":{"rendered":"https:\/\/www.europesays.com\/no\/124894\/"},"modified":"2025-12-30T15:59:11","modified_gmt":"2025-12-30T15:59:11","slug":"charter-svein-svein-ostvik-charter-svein-jeg-havnet-pa-nav-og-er-der-fortsatt","status":"publish","type":"post","link":"https:\/\/www.europesays.com\/no\/124894\/","title":{"rendered":"Charter-Svein, Svein \u00d8stvik | \u00abCharter-Svein\u00bb: \u2013 Jeg havnet p\u00e5 Nav og er der fortsatt"},"content":{"rendered":"\n<p>Det forteller han selv i et \u00e5penhjertig intervju med <a rel=\"Follow nofollow noopener\" href=\"https:\/\/www.laagendalsposten.no\/charter-svein-angrer-ikke-pa-pandemibraket-men-pa-livet-han-levde\/f\/5-64-1612426\" target=\"_blank\">Laagendalsposten.<\/a><\/p>\n<p>Svein \u00d8stvik (64), bedre kjent som \u00abCharter-Svein\u00bb, ble n\u00e6rmest en persona non grata blant mange nordmenn etter at han v\u00e5ren 2021 stilte opp p\u00e5 flere demonstrasjoner hvor de brant munnbind utenfor Stortinget.<\/p>\n<p><b>Les ogs\u00e5: <\/b><a rel=\"Follow nofollow noopener\" href=\"https:\/\/www.nettavisen.no\/kjendis\/charter-svein-arrestert-jeg-er-sjokkert\/s\/5-95-2793138\" target=\"_blank\"><b>\u00abCharter-Svein\u00bb arrestert: \u2013 Jeg er sjokkert<\/b><\/a><\/p>\n<p>Den avgj\u00f8relsen st\u00e5r han fortsatt ved den dag i dag.<\/p>\n<p>\u2013 Jeg sa det da og jeg st\u00e5r fortsatt p\u00e5 standpunktet om at nedstenging var en overreaksjon. Hvorfor ble det s\u00e5 aktuelt \u00e5 kj\u00f8re p\u00e5 med RNA-vaksinen som ikke var testet ut p\u00e5 forh\u00e5nd? Her l\u00e5 det som det gj\u00f8r ved mange andre vaksiner et klart \u00f8konomisk motiv. Det var kapitalmakta og regjeringsmakta som tok kommandoen uten at vi som ikke ville vaksinere oss, ble h\u00f8rt, sier \u00d8stvik til lokalavisen.<\/p>\n<p>Havnet p\u00e5 Nav<\/p>\n<p>Selv om han fortsatt st\u00e5r for handlingene sine, erkjenner \u00d8stvik at han helst skulle v\u00e6rt foruten konsekvensene det f\u00f8rte med seg.<\/p>\n<p>\u2013 Vi m\u00e5 st\u00e5 opp med meningene v\u00e5re. Da jeg gjorde det p\u00e5 min kontroversielle m\u00e5te med munnbind-brenningen, fikk det konsekvenser. Jeg ble spyttet p\u00e5. TV 2s Kadafi Zaman i \u00abBak Fasaden\u00bb trodde ikke det han s\u00e5 da han gikk med meg p\u00e5 Karl Johan, forteller han.<\/p>\n<p>   <img decoding=\"async\" width=\"2704\" height=\"1803\" fetchpriority=\"low\"  loading=\"lazy\"  src=\"https:\/\/www.europesays.com\/no\/wp-content\/uploads\/2025\/12\/NTB_FymjN1UkXxQ__2_.jpg\" alt=\"Oslo 20210410. &#10;Svein \u00d8stvik (Charter-Svein) brenner munnbindet sitt under koronaskeptikernes markering  utenfor Stortinget l\u00f8rdag ettermiddag.&#10;Foto: Heiko Junge \/ NTB\" class=\"brick-c-cFOWSL\" style=\"--brick-image-ratio: 2704 \/ 1803;\"\/><\/p>\n<p>      BRANT MUNNBIND: Svein \u00d8stvik brant munnbindet sitt under koronaskeptikernes markering  utenfor Stortinget i 2021.<br \/>\n      Foto: Heiko Junge (NTB)\n    <\/p>\n<p>Og det var ikke bare folkets syn p\u00e5 ham som endret seg. Lommeboka fikk seg ogs\u00e5 en real tr\u00f8kk.<\/p>\n<p>TV-personligheten mistet nemlig alle samarbeidsavtaler og TV-oppdrag kort tid etter munnbind-brenningen.<\/p>\n<p>Det merket han \u00f8konomisk.<\/p>\n<p>\u2013 Drepende hardt. Jeg hadde tjent rundt en million i \u00e5ret p\u00e5 ulike oppdrag. Null, niks! Tomt. Jeg havnet p\u00e5 Nav og er der fortsatt, forteller \u00d8stvik \u00e5penhjertig.<\/p>\n<p>    Vil du se neste video?<\/p>\n<p>    <a href=\"https:\/\/www.nettavisen.no\/nyheter\/usas-president-donald-trump-med-alvorlig-trussel-blir-det-siste-han-gjor\/v\/5-95-2796322\" class=\"recommend-poster\" data-adp-clicklabel=\"video-recommend\" data-adp-clickvalue=\"poster\" rel=\"nofollow noopener\" target=\"_blank\"><br \/>\n      <img decoding=\"async\" width=\"200\" height=\"200\" loading=\"lazy\" src=\"https:\/\/www.europesays.com\/no\/wp-content\/uploads\/2025\/12\/Trump+til+cue+2.jpg\" alt=\"\" class=\"brick-c-cFOWSL\" style=\"--brick-image-ratio: 200 \/ 200;\"\/><\/p>\n<p>Trump med alvorlig trussel: \u2013 Blir det siste han gj\u00f8r0:53<\/p>\n<p>    <\/a><\/p>\n<p>Kontroversene fortsetter<\/p>\n<p>Like f\u00f8r jul ble \u00d8stvik <a href=\"https:\/\/www.nettavisen.no\/kjendis\/charter-svein-arrestert-jeg-er-sjokkert\/s\/5-95-2793138\" rel=\"Follow nofollow noopener\" target=\"_blank\">p\u00e5grepet sammen med en mor og fire andre menn ved en barnevernsinstitusjon i B\u00e6rum<\/a>. Alle ble siktet for hensynsl\u00f8s adferd. \u00d8stvik forteller at han tilbrakte 24 timer p\u00e5 glattcelle p\u00e5 politihuset p\u00e5 Gr\u00f8nland.<\/p>\n<p>\u00c5rsaken var at han de siste ukene har han engasjert seg i en barnevernssak.<\/p>\n<p>\u2013 Torsdag skulle jeg til \u00d8stfold, hvor vi skulle avholde en demonstrasjon, og markere v\u00e5r protest mot barnevernet. En kvinne har blitt fratatt sine to barn. Vi er mange som mener barnevernet har handlet feil, derfor ville vi demonstrere. En demonstrasjon som vi hadde f\u00e5tt politiets tillatelse til, sa \u00d8stvik til <a href=\"https:\/\/www.dagbladet.no\/nyheter\/her-blir-charter-svein-arrestert\/84011446\" rel=\"Follow nofollow noopener\" target=\"_blank\">Dagbladet<\/a>.<\/p>\n<p><b>Les ogs\u00e5: <a href=\"https:\/\/www.nettavisen.no\/kjendis\/antonio-careri-rommer-landet-etter-skal-vi-danse-seieren\/s\/5-95-2789039\" rel=\"Follow nofollow noopener\" target=\"_blank\">R\u00f8mmer landet etter seieren: \u2013 Trodde ikke vi skulle komme s\u00e5 langt<\/a><\/b><\/p>\n<p>\u00d8stvik reagerer sterkt p\u00e5 arrestasjonen.<\/p>\n<p>\u2013 Jeg synes jo f\u00f8rst og fremst ar det er et signal om at ytringsfriheten i beste fall er sterkt redusert og i verste fall totalt frav\u00e6rende, sier han til Nettavisen.<\/p>\n<p>TV-profilen sier at han stilte opp for \u00e5 vise empati og medmenneskelighet med moren.<\/p>\n","protected":false},"excerpt":{"rendered":"Det forteller han selv i et \u00e5penhjertig intervju med Laagendalsposten. Svein \u00d8stvik (64), bedre kjent som \u00abCharter-Svein\u00bb, ble&hellip;\n","protected":false},"author":2,"featured_media":124895,"comment_status":"","ping_status":"","sticky":false,"template":"","format":"standard","meta":{"footnotes":""},"categories":[5],"tags":[20,21,24,25,15,19,22,23,17,18,13,30,28,29,14,16,26,27],"class_list":{"0":"post-124894","1":"post","2":"type-post","3":"status-publish","4":"format-standard","5":"has-post-thumbnail","7":"category-overskrifter","8":"tag-breaking-news","9":"tag-breakingnews","10":"tag-featured-news","11":"tag-featurednews","12":"tag-headlines","13":"tag-hovedoppslag","14":"tag-latest-news","15":"tag-latestnews","16":"tag-main-news","17":"tag-mainnews","18":"tag-news","19":"tag-no","20":"tag-norge","21":"tag-norway","22":"tag-nyheter","23":"tag-overskrifter","24":"tag-top-stories","25":"tag-topstories"},"share_on_mastodon":{"url":"https:\/\/pubeurope.com\/@no\/115809351360040835","error":""},"_links":{"self":[{"href":"https:\/\/www.europesays.com\/no\/wp-json\/wp\/v2\/posts\/124894","targetHints":{"allow":["GET"]}}],"collection":[{"href":"https:\/\/www.europesays.com\/no\/wp-json\/wp\/v2\/posts"}],"about":[{"href":"https:\/\/www.europesays.com\/no\/wp-json\/wp\/v2\/types\/post"}],"author":[{"embeddable":true,"href":"https:\/\/www.europesays.com\/no\/wp-json\/wp\/v2\/users\/2"}],"replies":[{"embeddable":true,"href":"https:\/\/www.europesays.com\/no\/wp-json\/wp\/v2\/comments?post=124894"}],"version-history":[{"count":0,"href":"https:\/\/www.europesays.com\/no\/wp-json\/wp\/v2\/posts\/124894\/revisions"}],"wp:featuredmedia":[{"embeddable":true,"href":"https:\/\/www.europesays.com\/no\/wp-json\/wp\/v2\/media\/124895"}],"wp:attachment":[{"href":"https:\/\/www.europesays.com\/no\/wp-json\/wp\/v2\/media?parent=124894"}],"wp:term":[{"taxonomy":"category","embeddable":true,"href":"https:\/\/www.europesays.com\/no\/wp-json\/wp\/v2\/categories?post=124894"},{"taxonomy":"post_tag","embeddable":true,"href":"https:\/\/www.europesays.com\/no\/wp-json\/wp\/v2\/tags?post=124894"}],"curies":[{"name":"wp","href":"https:\/\/api.w.org\/{rel}","templated":true}]}}