{"id":124900,"date":"2025-12-30T16:06:13","date_gmt":"2025-12-30T16:06:13","guid":{"rendered":"https:\/\/www.europesays.com\/no\/124900\/"},"modified":"2025-12-30T16:06:13","modified_gmt":"2025-12-30T16:06:13","slug":"nyheter-gjerdrum-hundrevis-samlet-seg-til-minnemarkering-romerikes-blad","status":"publish","type":"post","link":"https:\/\/www.europesays.com\/no\/124900\/","title":{"rendered":"Nyheter, Gjerdrum | Hundrevis samlet seg til minnemarkering &#8211; Romerikes Blad"},"content":{"rendered":"<ol>\n<li><a href=\"https:\/\/news.google.com\/rss\/articles\/CBMifEFVX3lxTE9OVkhTbG50N3N5ODhkSHM5Z2lrRGFyem03MXF6bFAyMXhlcXpFZHB3TDVMU0xMblZFbHBXTE85Mk5hakVGc3luNm5JTjBBZEd2UmZ2M0pSWldKcWZhTk5tS0JxZXVxbXdWQlZjZmFzQ2VlNUdxdUJsenJpQkg?oc=5\" target=\"_blank\" rel=\"nofollow noopener\">Nyheter, Gjerdrum | Hundrevis samlet seg til minnemarkering<\/a>&nbsp;&nbsp;Romerikes Blad<\/li>\n<li><a href=\"https:\/\/news.google.com\/rss\/articles\/CBMiogFBVV95cUxQYUd1aVVqcjQ4b2hBeGNMQWR1QWRDbndyY3RZeEN2dWg0ZXlyUlVSYTAwOC1BeUZCMXl0YjNiXzQyT2J3LUgzUXJ0d1lMYS11TlNnZkFKM19CWTJrN2Q5bHdFZFZsdkZ6a29qLVpMemFGdGZsRVJwdnN6dGxQQXAtNkQxeXRsLWVsb1NpbEFoVEtvcjR3UW52Tl9wZHIwXzc0SWc?oc=5\" target=\"_blank\" rel=\"nofollow noopener\">Arrene etter Gjerdrum: \u2013 Folk her vet at det aller verste kan skje<\/a>&nbsp;&nbsp;TV2.no<\/li>\n<li><a href=\"https:\/\/news.google.com\/rss\/articles\/CBMingFBVV95cUxPem1zQnVOejBjbVpSYjNQZmc2WUdtQm1vT1Q0OWVxLThMemdaNkMtUUZOUmJ3dDZhMmlHcjA0d291U2laRjV6dXJWVndWV1pYdmM3SEFNNy04UEMzeThzU0xnSTZ3Z3VpZ2d4LWZiTU4tUnZhOHlPWVVGUV9FSDF4a3Z3N3BzeXQwVm56U2dFVl9zSnFFaUpYSmw0TTJwUQ?oc=5\" target=\"_blank\" rel=\"nofollow noopener\">Fakkeltog markerte fem \u00e5r etter Gjerdrum-raset<\/a>&nbsp;&nbsp;adressa.no<\/li>\n<li><a href=\"https:\/\/news.google.com\/rss\/articles\/CBMiwwFBVV95cUxOZ01DMS1SejZDbmZCMk9wOTlKSmJBRlpnbkx3cTE1RkhMT01XSjE2dGhSamdCVzJDcGpyTkJSZlpHQk5Id19sOWZILUZla0lsVlU4TlNFdldGSlpwaUlGMVQ3Tk9QNTRGNFF4VlRnNWo0dndOX2dySjVuRVhNNk9meWsyT1pBSlptMGRvbDE3YTdfbE4ySTItR1JicjZjWklQQUM0YXNnRVhrQnBqM2E3NlZMZWpPZGdoRmt4QS1pcFJKckE?oc=5\" target=\"_blank\" rel=\"nofollow noopener\">Reddet livet p\u00e5 en madrass, men nekter \u00e5 flytte derfra<\/a>&nbsp;&nbsp;Aftenposten<\/li>\n<li><a href=\"https:\/\/news.google.com\/rss\/articles\/CBMimAFBVV95cUxPb3dQM1lQQUNOUTE2bVl6YXhlMWxUdGJ5azNvOC1YdEoya2NaOWtpcV9qMy03a051WXpkYVRYWWFPcHNVdkpHbGZUbDRZaUFQYl91TWJScThYMl9sZ2l3NVJPaFZ2S2NGcU4yWkplaTBXSUFoSVVDOUE4LXhZUWt6ZEgwUjJieUpJa3MwdUMzYmJrTExxX19BZQ?oc=5\" target=\"_blank\" rel=\"nofollow noopener\">Fem \u00e5r siden skredet i Gjerdrum: \u2013 Det \u00e5pne s\u00e5ret i bygda v\u00e5r er i ferd med \u00e5 gro<\/a>&nbsp;&nbsp;NRK<\/li>\n<\/ol>\n","protected":false},"excerpt":{"rendered":"Nyheter, Gjerdrum | Hundrevis samlet seg til minnemarkering&nbsp;&nbsp;Romerikes Blad Arrene etter Gjerdrum: \u2013 Folk her vet at det&hellip;\n","protected":false},"author":2,"featured_media":124901,"comment_status":"","ping_status":"","sticky":false,"template":"","format":"standard","meta":{"footnotes":""},"categories":[10],"tags":[20,21,24,25,15,22,23,13,30,28,29,14,16,26,27],"class_list":{"0":"post-124900","1":"post","2":"type-post","3":"status-publish","4":"format-standard","5":"has-post-thumbnail","7":"category-norge","8":"tag-breaking-news","9":"tag-breakingnews","10":"tag-featured-news","11":"tag-featurednews","12":"tag-headlines","13":"tag-latest-news","14":"tag-latestnews","15":"tag-news","16":"tag-no","17":"tag-norge","18":"tag-norway","19":"tag-nyheter","20":"tag-overskrifter","21":"tag-top-stories","22":"tag-topstories"},"share_on_mastodon":{"url":"https:\/\/pubeurope.com\/@no\/115809378869129123","error":""},"_links":{"self":[{"href":"https:\/\/www.europesays.com\/no\/wp-json\/wp\/v2\/posts\/124900","targetHints":{"allow":["GET"]}}],"collection":[{"href":"https:\/\/www.europesays.com\/no\/wp-json\/wp\/v2\/posts"}],"about":[{"href":"https:\/\/www.europesays.com\/no\/wp-json\/wp\/v2\/types\/post"}],"author":[{"embeddable":true,"href":"https:\/\/www.europesays.com\/no\/wp-json\/wp\/v2\/users\/2"}],"replies":[{"embeddable":true,"href":"https:\/\/www.europesays.com\/no\/wp-json\/wp\/v2\/comments?post=124900"}],"version-history":[{"count":0,"href":"https:\/\/www.europesays.com\/no\/wp-json\/wp\/v2\/posts\/124900\/revisions"}],"wp:featuredmedia":[{"embeddable":true,"href":"https:\/\/www.europesays.com\/no\/wp-json\/wp\/v2\/media\/124901"}],"wp:attachment":[{"href":"https:\/\/www.europesays.com\/no\/wp-json\/wp\/v2\/media?parent=124900"}],"wp:term":[{"taxonomy":"category","embeddable":true,"href":"https:\/\/www.europesays.com\/no\/wp-json\/wp\/v2\/categories?post=124900"},{"taxonomy":"post_tag","embeddable":true,"href":"https:\/\/www.europesays.com\/no\/wp-json\/wp\/v2\/tags?post=124900"}],"curies":[{"name":"wp","href":"https:\/\/api.w.org\/{rel}","templated":true}]}}