{"id":124910,"date":"2025-12-30T16:28:30","date_gmt":"2025-12-30T16:28:30","guid":{"rendered":"https:\/\/www.europesays.com\/no\/124910\/"},"modified":"2025-12-30T16:28:30","modified_gmt":"2025-12-30T16:28:30","slug":"trump-blir-stadig-mer-autoritaer-usas-demokrati-forvitrer","status":"publish","type":"post","link":"https:\/\/www.europesays.com\/no\/124910\/","title":{"rendered":"Trump blir stadig mer autorit\u00e6r, USAs demokrati forvitrer"},"content":{"rendered":"<p>    USA g\u00e5r i stadig mer autorit\u00e6r retning under president Donald Trump. Det kommende \u00e5ret vil gi svar p\u00e5 hvor langt det kan g\u00e5, mener eksperter.<\/p>\n<p>\n        \u2013 Alle stadiene i det vi kaller demokratisk forvitring har skjedd p\u00e5 ett \u00e5r, mens det vanligvis tar lang tid, sier professor Tore Wig.<br \/>\n        (Foto: Alex Brandon \/ AP \/NTB)\n    <\/p>\n<p>Utviklingen var nok til en viss grad forventet, men har g\u00e5tt langt raskere enn mange sp\u00e5dde, sier Tore Wig. Han er professor i statsvitenskap ved Universitetet i Oslo og forsker p\u00e5 autorit\u00e6re regimer.<\/p>\n<p>\u2013 Alle stadiene i det vi kaller demokratisk forvitring har skjedd p\u00e5 ett \u00e5r, mens det vanligvis tar lang tid, sier Wig.<\/p>\n<p>Han trekker parallellen til Ungarn under statsminister Viktor Orban.<\/p>\n<p>\u2013 Der har det g\u00e5tt gradvis, mens det i USA har g\u00e5tt veldig fort, sier Wig.<\/p>\n<p>Ingen rundt ham som bremser<\/p>\n<p>\u2013 Trump g\u00e5r n\u00e5 mye lenger og er mer radikal. Han har rett og slett ingen rundt seg som bremser, slik han hadde sist han var president, sier USA-kjenner Jan Arild Snoen.<\/p>\n<p>Eirik L\u00f8kke i den borgerlige tankesmia Civita deler bekymringen.<\/p>\n<p>\u2013 Vi har n\u00e5 en Trump uten voksne i rommet, omgitt av et freakshow av et kabinett best\u00e5ende av lojalister. Det er rett og slett vanskelig \u00e5 overdrive endringene vi har v\u00e6rt vitne til, sier han til NTB.<\/p>\n<p>\u2013 Det sitter en autorit\u00e6r leder i Det hvite hus, og det er et faktum at Europa ikke lenger kan stole p\u00e5 USA, sier L\u00f8kke.<\/p>\n<p>\u2013 Vanvidd<\/p>\n<p>Daglig kommer det nye utspill fra Trump, b\u00e5de n\u00e5r det gjelder innenriks- og utenrikspolitikk, konstaterer ekspertene. <\/p>\n<p>\u2013 Det str\u00f8mmer vanvidd fra Det hvite hus n\u00e6rmest hver eneste dag. N\u00e5r det gjelder utenrikspolitikken, s\u00e5 snakker vi om de st\u00f8rste endringene siden andre verdenskrig, sier L\u00f8kke. <\/p>\n<p>\u2013 USA har p\u00e5 en m\u00e5te ingen utenrikspolitikk lenger. Politikken blir hele tiden reforhandlet, fordi den er knyttet til Trump som person og ikke til institusjoner, sier Wig.<\/p>\n<p>\u2013 Det er et voldsomt tempo av p\u00e5funn, og han endrer jo mening hele tida. Trump er ikke disiplinert, han klarer ikke \u00e5 holde fokus, han klarer ikke \u00e5 holde en tanke over lengre tid, sier Snoen.<\/p>\n<p>\u2013 Men mye av det han kommer med, er like forpliktende som et leserinnlegg. Det er veldig sjelden at det blir slik Trump har sagt, for enn s\u00e5 lenge ligger det ikke makt og instrumenter bak, noe vi skal v\u00e6re glade for. USA er fortsatt et demokrati og en rettsstat som yter motstand og balanse, konstaterer han.<\/p>\n<p>\u2013 Det er ogs\u00e5 en kritisk presse og en levende offentlig debatt i USA, p\u00e5peker L\u00f8kke. <\/p>\n<p>Viktig mellomvalg<\/p>\n<p>Mellomvalget i november neste \u00e5r vil trolig avgj\u00f8re hvor langt USA vil bevege seg i autorit\u00e6r retning under president Trump, mener ekspertene. <\/p>\n<p>\u2013 Slik det ser ut n\u00e5, har Demokratene en mulighet. Trump sliter med oppslutningen. Sp\u00f8rsm\u00e5let er om han vil fors\u00f8ke \u00e5 rigge valget og sende soldater ut i gatene, sier L\u00f8kke.<\/p>\n<p>\u2013 Velgerne er sure, og de er enda surere enn de var p\u00e5 Joe Biden i fjor. Da kunne Trump utnytte den d\u00e5rlige stemningen n\u00e5r det gjaldt \u00f8konomien og h\u00f8ye priser, men n\u00e5 sl\u00e5r det tilbake p\u00e5 ham selv, sier Snoen. <\/p>\n<p>\u2013 Det viktige er om Det republikanske partiet blir mer redd for velgerne enn for Trump, og vi begynner nok \u00e5 n\u00e6rme oss det n\u00e5, mener han. <\/p>\n<p>\u2013 Det som kan bidra til \u00e5 bremse Trump, er om republikanere begynner \u00e5 bryte med ham av frykt for \u00e5 tape valget. Dette s\u00e5 man alt i forbindelse med Epstein-saken, sier Wig.<\/p>\n<p>Anerkjenner aldri nederlag <\/p>\n<p>Dersom Trump og Republikanerne taper mellomvalget, blir det nok en test for det amerikanske demokratiet, tror Snoen. <\/p>\n<p>\u2013 Da venter masse riksrettsprosesser mot Trump, og sp\u00f8rsm\u00e5let er om han vil akseptere et slikt nederlag, sier han. <\/p>\n<p>L\u00f8kke frykter at Trump verken vil anerkjenne et valgnederlag eller eventuelle h\u00f8yesterettskjennelser som g\u00e5r i hans disfav\u00f8r. <\/p>\n<p>\u2013 Da f\u00e5r vi en farlig situasjon i USA. Trump er n\u00e5 er i ferd med \u00e5 bygge opp sin egen paramilit\u00e6re styrke i Ice. Det gj\u00f8r han for \u00e5 omg\u00e5 generaler og admiraler som ikke gj\u00f8r det han ber dem om, sier han. <\/p>\n<p>\u2013 Trump er neppe i stand til \u00e5 erkjenne eget nederlag, det har han aldri gjort. Men dersom mellomvalget g\u00e5r d\u00e5rlig, kan han jo si at det ikke var han som tapte, men de dumme Republikanerne. Dette har han gjort tidligere, sier Wig.<\/p>\n<p>Lyver<\/p>\n<p>Trump hevdet nylig \u00e5 ha gjort verden til et bedre sted og reddet millioner av menneskeliv. Det var nok en l\u00f8gn i rekken fra den amerikanske presidenten, konstaterer ekspertene. <\/p>\n<p>\u2013 Trumps modus operandi er \u00e5 lyve, lyve, lyve, og n\u00e5r han s\u00e5 ofte demonstrerer at han har et problematisk forhold til virkeligheten, s\u00e5 m\u00e5 det p\u00e5pekes, mener L\u00f8kke.<\/p>\n<p>\u2013 Det er veldig farlig om vi ikke p\u00e5peker det, for da normaliserer vi det han holder p\u00e5 med, advarer han.<\/p>\n<p>\u2013 H\u00f8yere terskel<\/p>\n<p>Wig frykter at mediene i stor grad har sluttet \u00e5 p\u00e5peke Trumps l\u00f8gner og usannheter og at det er innf\u00f8rt en egen standard n\u00e5r det gjelder uttalelser fra ham.<\/p>\n<p>\u2013 I Norge s\u00e5 tror jeg terskelen for \u00e5 p\u00e5peke at Trump lyver er mye h\u00f8yere enn for en del andre statsledere, sier han. <\/p>\n<p>\u2013 Vi har blitt s\u00e5 vant til det, og det er uansett ingenting som f\u00e5r Trump til \u00e5 innr\u00f8mme at han har sagt noe feil. De fleste rundt ham vil heller ikke innr\u00f8mme det, s\u00e5 det er fristende \u00e5 overse l\u00f8gnene og g\u00e5 videre, sier Snoen. <\/p>\n<p>Ogs\u00e5 han advarer mot dette.<\/p>\n<p>\u2013 Det er ikke alle som skj\u00f8nner at Trump lyver. Jeg pleier \u00e5 si at to tredel av republikanerne tror p\u00e5 alt han sier. Han kan si det motsatte dagen etter, og de tror p\u00e5 det da ogs\u00e5, sier Snoen. <\/p>\n<p>            Ledige stillinger<\/p>\n<p class=\"ingress align-center mobile_text_align_align-center\"><a href=\"https:\/\/stilling.forskning.no\/\" target=\"_blank\" class=\"dacBtn bg-btn-color\" rel=\"nofollow noopener\">Vis alle ledige stillinger<\/a><\/p>\n<p>Fyller 80 \u00e5r<\/p>\n<p>20. januar er det ett \u00e5r siden Trump tiltr\u00e5dte, og tilsynelatende sitter han trygt til 2029.<\/p>\n<p>\nNeste \u00e5r fyller han 80 \u00e5r, og amerikanske medier som <a href=\"https:\/\/www.nytimes.com\/2025\/11\/25\/us\/politics\/trump-age-health.html\" target=\"_blank\" rel=\"nofollow noopener\">The New York Times<\/a> og <a href=\"https:\/\/www.theatlantic.com\/newsletters\/2025\/12\/trump-lost-physical-stamina\/685203\/\" target=\"_blank\" rel=\"nofollow noopener\">The Atlantic<\/a> stilte nylig sp\u00f8rsm\u00e5l ved hans fysiske helse og kognitive evner. <\/p>\n<p>\u2013 Han klarer ikke \u00e5 holde en tanke over lengre tid. Han leser ingenting, har tar ikke imot brifinger, og han kan praktisk talt ingenting, sier Snoen.<\/p>\n<p>\u2013 Selv om det framst\u00e5r som om han gj\u00f8r mye, s\u00e5 spiller han ogs\u00e5 mye golf eller sitter og sover. Og det skal man kanskje v\u00e6re glad for, sier han.<\/p>\n<p>                <img decoding=\"async\" src=\"https:\/\/www.europesays.com\/no\/wp-content\/uploads\/2025\/12\/1767112109_568_2400226.webp.jpeg\" width=\"284\" height=\"185\" title=\"\" alt=\"\" loading=\"lazy\" style=\"\"\/><\/p>\n<p>                <img decoding=\"async\" src=\"https:\/\/www.europesays.com\/no\/wp-content\/uploads\/2025\/12\/1767112110_25_2400224.webp.jpeg\" width=\"74\" height=\"85\" title=\"\" alt=\"\" loading=\"lazy\" style=\"\"\/><\/p>\n<p>Opptatt av hva som <br \/>skjer i samfunnet?<\/p>\n<p data-lab-fontface=\"sanomatSans\" class=\"font-sanomatSans font-weight-bold m-font-weight-bold\" data-lab-font_weight=\"font-weight-bold\">Utdanning, familie, \u00f8konomi, politikk og ledelse er bare noe av det du blir oppdatert p\u00e5 i nyhetsbrev fra forskning.no.<\/p>\n<p data-lab-fontface=\"sanomatSans\" class=\"font-sanomatSans font-weight-bold m-font-weight-bold\" data-lab-font_weight=\"font-weight-bold\"><a href=\"https:\/\/www.forskning.no\/newsletter\/subscriptions\" aria-label=\"Meld meg p\u00e5 nyhetsbrev\" class=\"dacBtn bg-btn-color\" rel=\"nofollow noopener\" target=\"_blank\">Meld meg p\u00e5 <\/a><\/p>\n","protected":false},"excerpt":{"rendered":"USA g\u00e5r i stadig mer autorit\u00e6r retning under president Donald Trump. Det kommende \u00e5ret vil gi svar p\u00e5&hellip;\n","protected":false},"author":2,"featured_media":124911,"comment_status":"","ping_status":"","sticky":false,"template":"","format":"standard","meta":{"footnotes":""},"categories":[10],"tags":[20,21,24,25,15,22,23,13,30,28,29,14,16,26,27],"class_list":{"0":"post-124910","1":"post","2":"type-post","3":"status-publish","4":"format-standard","5":"has-post-thumbnail","7":"category-norge","8":"tag-breaking-news","9":"tag-breakingnews","10":"tag-featured-news","11":"tag-featurednews","12":"tag-headlines","13":"tag-latest-news","14":"tag-latestnews","15":"tag-news","16":"tag-no","17":"tag-norge","18":"tag-norway","19":"tag-nyheter","20":"tag-overskrifter","21":"tag-top-stories","22":"tag-topstories"},"share_on_mastodon":{"url":"https:\/\/pubeurope.com\/@no\/115809465290404320","error":""},"_links":{"self":[{"href":"https:\/\/www.europesays.com\/no\/wp-json\/wp\/v2\/posts\/124910","targetHints":{"allow":["GET"]}}],"collection":[{"href":"https:\/\/www.europesays.com\/no\/wp-json\/wp\/v2\/posts"}],"about":[{"href":"https:\/\/www.europesays.com\/no\/wp-json\/wp\/v2\/types\/post"}],"author":[{"embeddable":true,"href":"https:\/\/www.europesays.com\/no\/wp-json\/wp\/v2\/users\/2"}],"replies":[{"embeddable":true,"href":"https:\/\/www.europesays.com\/no\/wp-json\/wp\/v2\/comments?post=124910"}],"version-history":[{"count":0,"href":"https:\/\/www.europesays.com\/no\/wp-json\/wp\/v2\/posts\/124910\/revisions"}],"wp:featuredmedia":[{"embeddable":true,"href":"https:\/\/www.europesays.com\/no\/wp-json\/wp\/v2\/media\/124911"}],"wp:attachment":[{"href":"https:\/\/www.europesays.com\/no\/wp-json\/wp\/v2\/media?parent=124910"}],"wp:term":[{"taxonomy":"category","embeddable":true,"href":"https:\/\/www.europesays.com\/no\/wp-json\/wp\/v2\/categories?post=124910"},{"taxonomy":"post_tag","embeddable":true,"href":"https:\/\/www.europesays.com\/no\/wp-json\/wp\/v2\/tags?post=124910"}],"curies":[{"name":"wp","href":"https:\/\/api.w.org\/{rel}","templated":true}]}}