{"id":124912,"date":"2025-12-30T16:34:09","date_gmt":"2025-12-30T16:34:09","guid":{"rendered":"https:\/\/www.europesays.com\/no\/124912\/"},"modified":"2025-12-30T16:34:09","modified_gmt":"2025-12-30T16:34:09","slug":"buss-krasjet-inn-i-bygning-i-stockholm-sju-skadet","status":"publish","type":"post","link":"https:\/\/www.europesays.com\/no\/124912\/","title":{"rendered":"Buss krasjet inn i bygning i Stockholm \u2013 sju skadet"},"content":{"rendered":"\n<p class=\"_lead_o9xde_2 _lead_xtcu6_50 layout-component text-serif-m layout-normal text-serif-l layout-component layout-wide layout-padded _wide_17hqh_1 layout-padded\">Blant de skadede er bussj\u00e5f\u00f8ren, som satt fastklemt etter ulykken og n\u00e5 f\u00e5r behandling p\u00e5 stedet.<\/p>\n<p><img alt=\"Tirsdag ettermiddag krasjet en buss inn i en bygning i Stockholm. Foto: Fredrik Sandberg\/TT \/ TT Nyhetsbyr\u00e5n \/ NTB\" class=\"_image_qp4xg_65 layout-component layout-wide\" data-fullscreen- data-track-element-type=\"Article image fullscreen\" data-track-name=\"ImageFullscreen\" fetchpriority=\"high\" decoding=\"sync\" loading=\"eager\" height=\"5504\" itemprop=\"image\"  src=\"https:\/\/www.europesays.com\/no\/wp-content\/uploads\/2025\/12\/88f18fe4-e318-4991-80ea-de059b5ef565.png\"  style=\"object-position:0% 0%\" width=\"8256\"\/>Tirsdag ettermiddag krasjet en buss inn i en bygning i Stockholm. Foto: Fredrik Sandberg\/TT \/ TT Nyhetsbyr\u00e5n \/ NTB<\/p>\n<ul aria-hidden=\"true\" class=\"_images_ntbth_112\">\n<li><a class=\"_link_ntbth_117\" href=\"https:\/\/www.vg.no\/forfatter\/ingrid-storeboe\" style=\"z-index:1\" title=\"Ingrid Storeb\u00f8\" rel=\"nofollow noopener\" target=\"_blank\"><img alt=\"Bilde av Ingrid Storeb\u00f8\" class=\"_image_ntbth_93\" fetchpriority=\"low\" loading=\"lazy\" decoding=\"async\" itemprop=\"image\"  src=\"https:\/\/www.europesays.com\/no\/wp-content\/uploads\/2025\/12\/1767112448_662_b3fc896d-536d-4041-8257-79b6b2cd3323.jpeg\"  width=\"480\"\/><\/a><\/li>\n<\/ul>\n<p> Oppdatert tirsdag 30. desember kl. 17:29     <\/p>\n<p class=\"_paragraph_o9xde_4 _paragraph_xtcu6_10 layout-component text-serif-m layout-normal text-serif-m layout-padded\">En buss har kj\u00f8rt rett inn i en bygning ved Liljeholmstorget i Stockholm tirsdag ettermiddag. Syv personer om bord er skadet i varierende grad, melder <a href=\"https:\/\/www.aftonbladet.se\/nyheter\/a\/3pJ7LP\/buss-kort-in-i-byggnad\" class=\"_link_o9xde_39\" rel=\"nofollow noopener\" target=\"_blank\">Aftonbladet<\/a> og <a href=\"https:\/\/www.expressen.se\/nyheter\/sverige\/buss-kraschade-in-i-byggnad-i-liljeholmen\/\" class=\"_link_o9xde_39\" rel=\"nofollow noopener\" target=\"_blank\">Expressen<\/a>.<\/p>\n<p class=\"_paragraph_o9xde_4 _paragraph_xtcu6_10 layout-component text-serif-m layout-normal text-serif-m layout-padded\">Aftonbladet skriver at 17 personer skal ha befunnet seg p\u00e5 bussen da ulykken skjedde. Ti personer er skadet og f\u00e5r n\u00e5 medisinsk behandling. <\/p>\n<p class=\"_paragraph_o9xde_4 _paragraph_xtcu6_10 layout-component text-serif-m layout-normal text-serif-m layout-padded\">En person har blitt fraktet til sykehus med luftambulanse. <\/p>\n<p class=\"_paragraph_o9xde_4 _paragraph_xtcu6_10 layout-component text-serif-m layout-normal text-serif-m layout-padded\">Bussj\u00e5f\u00f8ren er blant de skadede og f\u00e5r behandling p\u00e5 stedet. De \u00f8vrige passasjerene er f\u00f8rt ut av bussen.<\/p>\n<p><img alt=\"Politi, brannvesen og ambulanse er p\u00e5 stedet etter at en buss har kj\u00f8rt inn i en bygning ved Liljeholmen i Stockholm.  Foto: Fredrik Sandberg\/TT \/ TT Nyhetsbyr\u00e5n \/ NTB\" class=\"_image_qp4xg_65 layout-component layout-normal\" data-fullscreen- data-track-element-type=\"Article image fullscreen\" data-track-name=\"ImageFullscreen\" decoding=\"async\" loading=\"lazy\" height=\"5504\" itemprop=\"image\"  src=\"https:\/\/www.europesays.com\/no\/wp-content\/uploads\/2025\/12\/3b104b9e-a0e2-4410-bf13-4396f718f2d7.png\"  style=\"object-position:0% 0%\" width=\"8256\"\/>Politi, brannvesen og ambulanse er p\u00e5 stedet etter at en buss har kj\u00f8rt inn i en bygning ved Liljeholmen i Stockholm.  Foto: Fredrik Sandberg\/TT \/ TT Nyhetsbyr\u00e5n \/ NTB<\/p>\n<p class=\"_paragraph_o9xde_4 _paragraph_xtcu6_10 layout-component text-serif-m layout-normal text-serif-m layout-padded\">Meldingen kom inn klokken 16.06. If\u00f8lge politiets f\u00f8rste opplysninger skulle bussen ha svingt, men kj\u00f8rte i stedet rett inn i fasaden.<\/p>\n<p class=\"_paragraph_o9xde_4 _paragraph_xtcu6_10 layout-component text-serif-m layout-normal text-serif-m layout-padded\">\u2013 Av uforklarlig grunn har en buss kj\u00f8rt rett inn i en bygning p\u00e5 Liljeholmsveien. Veien svingte og bussen har kj\u00f8rt rett frem, sier Ola \u00d6sterling, pressetalsperson i Stockholmspolitiet, til Expressen.<\/p>\n<p>Aktiver kart<\/p>\n<p class=\"_paragraph_o9xde_4 _paragraph_xtcu6_10 layout-component text-serif-m layout-normal text-serif-m layout-padded\">Mange personer befant seg i omr\u00e5det da bussen kolliderte med bygningen. En av dem som ble vitne til hendelsen, bor i bygningen som ble p\u00e5kj\u00f8rt.<\/p>\n<p class=\"_paragraph_o9xde_4 _paragraph_xtcu6_10 layout-component text-serif-m layout-normal text-serif-m layout-padded\">\u2013 Bussen kj\u00f8rte rett inn i huset der vi bor, i stedet for inn i garasjen, sier han.<\/p>\n<p class=\"_paragraph_o9xde_4 _paragraph_xtcu6_10 layout-component text-serif-m layout-normal text-serif-m layout-padded\">Et annet vitne som h\u00f8rte smellet, skyndte seg til ulykkesstedet.<\/p>\n<p class=\"_paragraph_o9xde_4 _paragraph_xtcu6_10 layout-component text-serif-m layout-normal text-serif-m layout-padded\">\u2013 Jeg gikk frem og ga servietter til de som bl\u00f8dde. Det var mange som var sjokket som hadde v\u00e6rt p\u00e5 bussen. Noen bl\u00f8dde kraftig, forteller vitnet til Aftonbladet.<\/p>\n<p class=\"_paragraph_o9xde_4 _paragraph_xtcu6_10 layout-component text-serif-m layout-normal text-serif-m layout-padded\"><strong class=\"_strong_o9xde_25\">Det er ikke lenge siden en annen buss krasjet i Stockholm. Flere personer omkom som f\u00f8lger av ulykken: <\/strong><\/p>\n","protected":false},"excerpt":{"rendered":"Blant de skadede er bussj\u00e5f\u00f8ren, som satt fastklemt etter ulykken og n\u00e5 f\u00e5r behandling p\u00e5 stedet. Tirsdag ettermiddag&hellip;\n","protected":false},"author":2,"featured_media":124913,"comment_status":"","ping_status":"","sticky":false,"template":"","format":"standard","meta":{"footnotes":""},"categories":[12],"tags":[20,21,24,25,15,22,23,13,30,28,29,14,16,26,27,42,46,43,44,45],"class_list":{"0":"post-124912","1":"post","2":"type-post","3":"status-publish","4":"format-standard","5":"has-post-thumbnail","7":"category-verden","8":"tag-breaking-news","9":"tag-breakingnews","10":"tag-featured-news","11":"tag-featurednews","12":"tag-headlines","13":"tag-latest-news","14":"tag-latestnews","15":"tag-news","16":"tag-no","17":"tag-norge","18":"tag-norway","19":"tag-nyheter","20":"tag-overskrifter","21":"tag-top-stories","22":"tag-topstories","23":"tag-verden","24":"tag-vgai","25":"tag-world","26":"tag-world-news","27":"tag-worldnews"},"share_on_mastodon":{"url":"https:\/\/pubeurope.com\/@no\/115809489063276820","error":""},"_links":{"self":[{"href":"https:\/\/www.europesays.com\/no\/wp-json\/wp\/v2\/posts\/124912","targetHints":{"allow":["GET"]}}],"collection":[{"href":"https:\/\/www.europesays.com\/no\/wp-json\/wp\/v2\/posts"}],"about":[{"href":"https:\/\/www.europesays.com\/no\/wp-json\/wp\/v2\/types\/post"}],"author":[{"embeddable":true,"href":"https:\/\/www.europesays.com\/no\/wp-json\/wp\/v2\/users\/2"}],"replies":[{"embeddable":true,"href":"https:\/\/www.europesays.com\/no\/wp-json\/wp\/v2\/comments?post=124912"}],"version-history":[{"count":0,"href":"https:\/\/www.europesays.com\/no\/wp-json\/wp\/v2\/posts\/124912\/revisions"}],"wp:featuredmedia":[{"embeddable":true,"href":"https:\/\/www.europesays.com\/no\/wp-json\/wp\/v2\/media\/124913"}],"wp:attachment":[{"href":"https:\/\/www.europesays.com\/no\/wp-json\/wp\/v2\/media?parent=124912"}],"wp:term":[{"taxonomy":"category","embeddable":true,"href":"https:\/\/www.europesays.com\/no\/wp-json\/wp\/v2\/categories?post=124912"},{"taxonomy":"post_tag","embeddable":true,"href":"https:\/\/www.europesays.com\/no\/wp-json\/wp\/v2\/tags?post=124912"}],"curies":[{"name":"wp","href":"https:\/\/api.w.org\/{rel}","templated":true}]}}